{"id":59415,"date":"2024-11-14T13:22:25","date_gmt":"2024-11-14T13:22:25","guid":{"rendered":"https:\/\/tvbrazilusa.com\/2024\/11\/14\/prefeitura-e-alvo-de-investigacao-judicial-por-aquisicao-de-mosquitos-aedes-aegypti\/"},"modified":"2024-11-14T13:22:26","modified_gmt":"2024-11-14T13:22:26","slug":"prefeitura-e-alvo-de-investigacao-judicial-por-aquisicao-de-mosquitos-aedes-aegypti","status":"publish","type":"post","link":"https:\/\/tvbrazilusa.com\/pt\/2024\/11\/14\/prefeitura-e-alvo-de-investigacao-judicial-por-aquisicao-de-mosquitos-aedes-aegypti\/","title":{"rendered":"Prefeitura \u00e9 alvo de investiga\u00e7\u00e3o judicial por aquisi\u00e7\u00e3o de mosquitos Aedes aegypti."},"content":{"rendered":"<p> <script async src=\"https:\/\/pagead2.googlesyndication.com\/pagead\/js\/adsbygoogle.js?client=ca-pub-8864793242727901\"\r\n     crossorigin=\"anonymous\"><\/script><br \/>\n<\/p>\n<div id=\"taboola-read-more\" style=\"display:block; width:100%\">\n<p>A Justi\u00e7a determinou a suspens\u00e3o liminar do contrato firmado entre a Prefeitura de Congonhas, na Regi\u00e3o Central de Minas Gerais, e a empresa AGO Controle de Pragas Ambiental LTDA. visando \u00e0 aquisi\u00e7\u00e3o de mosquitos Aedes aegypti geneticamente modificados.\n<\/p>\n<p>Embora a tecnologia prometa a redu\u00e7\u00e3o de doen\u00e7as como dengue, zika, chikungunya e febre amarela, o juiz Felipe Alexandre Vieira Rodrigues acatou as alega\u00e7\u00f5es do Minist\u00e9rio P\u00fablico, que questionou o valor milion\u00e1rio da compra e a efic\u00e1cia do processo para combate das arboviroses. O secret\u00e1rio de Sa\u00fade na cidade disse \u00e0 reportagem que a prefeitura ir\u00e1 recorrer (veja mais abaixo).<\/p>\n<p>Logo, a Promotoria de Justi\u00e7a na cidade moveu a\u00e7\u00e3o civil p\u00fablica \u201cpor ato de improbidade administrativa\u201d ap\u00f3s publica\u00e7\u00e3o de autoriza\u00e7\u00e3o no Di\u00e1rio Oficial do Munic\u00edpio, em 8 de novembro, para a aquisi\u00e7\u00e3o dos mosquitos pelo valor de R$ 15,3 milh\u00f5es. O \u00f3rg\u00e3o alegou que n\u00e3o h\u00e1 transpar\u00eancia no contrato e questionou a inexigibilidade da licita\u00e7\u00e3o, al\u00e9m de apontar para a \u201cbaixa efic\u00e1cia dos insetos\u201d e a aus\u00eancia de estudos cient\u00edficos que comprovem a efici\u00eancia do processo de controle das doen\u00e7as.\n<\/p>\n<p>Al\u00e9m disso, a promotoria tamb\u00e9m afirmou que o pre\u00e7o fixado em contrato \u00e9 expressivamente superior ao valor de mercado quando se compara com os \u201cmesmos refis negociados com outros munic\u00edpios\u201d.\n<\/p>\n<p>Por fim, o Minist\u00e9rio P\u00fablico lembrou que em 2023 o munic\u00edpio j\u00e1 tinha comprado da mesma companhia mosquitos similares por um montante superior a R$ 15 milh\u00f5es, procedimento questionado em a\u00e7\u00e3o popular. No ano passado, em 7 de julho, o Executivo municipal anunciou a parceria com a empresa, que usa uma tecnologia desenvolvida pela multinacional de biotecnologia inglesa Oxitec, fundada na Universidade de Oxford, na Inglaterra, e presente no Brasil desde 2011.\n<\/p>\n<p>O produto \u00e9 composto por uma caixa reutiliz\u00e1vel com refis contendo os ovos do mosquito geneticamente modificado. Os ovos eclodem assim que s\u00e3o ativados com \u00e1gua. Os machos atingem a fase adulta entre 10 e 14 dias, voam para o ambiente urbano e acasalam com as f\u00eameas do Aedes aegypti, que picam e s\u00e3o respons\u00e1veis pela transmiss\u00e3o das doen\u00e7as. Deste cruzamento, apenas os descendentes machos completam o desenvolvimento. Com isso, a tecnologia promete a queda do n\u00famero de f\u00eameas e, consequentemente, o controle populacional.\n<\/p>\n<p>A partir de agosto de 2023, a prefeitura come\u00e7ou as instala\u00e7\u00f5es de 4.560 unidades da referida caixa em 1.520 pontos distribu\u00eddos pela zona urbana de Congonhas. Em agosto deste ano, o secret\u00e1rio de Sa\u00fade da cidade, Allan Falci, pontuou que o munic\u00edpio teve aumento de 299% em n\u00famero de casos \u2014 \u201cpercentual 90% menor do que a m\u00e9dia das cidades vizinhas\u201d, afirmou.\n<\/p>\n<p>Prefeitura ir\u00e1 recorrer da decis\u00e3o liminar\n<\/p>\n<p>Ao Estado de Minas, o secret\u00e1rio disse que a prefeitura ir\u00e1 recorrer da decis\u00e3o, pois nenhuma das alega\u00e7\u00f5es do Minist\u00e9rio P\u00fablico para barrar o contrato \u201ccondiz com a verdade\u201d.\n<\/p>\n<p>Segundo ele, n\u00e3o \u00e9 justa a compara\u00e7\u00e3o entre Congonhas e outras cidades quanto aos pre\u00e7os praticados para a aquisi\u00e7\u00e3o da tecnologia, pois h\u00e1 diferen\u00e7as em rela\u00e7\u00e3o \u00e0 abrang\u00eancia de aplica\u00e7\u00e3o. \u201cApenas tr\u00eas bairros receberam as caixas em um desses munic\u00edpios que eles mencionam. Aqui, a inten\u00e7\u00e3o \u00e9 fazer o projeto atingir toda a cidade. Quanto \u00e0 efic\u00e1cia, cabe dizer que n\u00e3o \u00e9 mais um projeto experimental, mas aprovado no Minist\u00e9rio de Ci\u00eancia e Tecnologia\u201d, declarou Falci.\n<\/p>\n<p>O secret\u00e1rio diz ainda que a AGO Controle de Pragas Ambiental LTDA foi contratada via inexigibilidade de licita\u00e7\u00e3o porque essa empresa possui contrato de exclusividade com a Oxitec \u2014 que desenvolveu a tecnologia \u2014 para distribui\u00e7\u00e3o dos mosquitos geneticamente modificados. \u201cTemos in\u00fameras provas e vamos apresent\u00e1-las \u00e0 Justi\u00e7a. Estamos confiantes que a liminar ser\u00e1 derrubada\u201d, finalizou.\n<\/p>\n<p>Fonte: Estado de Minas              <\/p>\n<\/div>\n<p><br \/>\n<br \/><a href=\"https:\/\/diariodobrasilnoticias.com.br\/noticia\/prefeitura-e-alvo-de-investigacao-judicial-por-aquisicao-de-mosquitos-aedes-aegypti-6735f4f475f60\">Source link <\/a><\/p>","protected":false},"excerpt":{"rendered":"<p>A Justi\u00e7a determinou a suspens\u00e3o liminar do contrato firmado entre a Prefeitura de Congonhas, na Regi\u00e3o Central de Minas Gerais, e a empresa AGO Controle de Pragas Ambiental LTDA. visando&hellip;<\/p>","protected":false},"author":1,"featured_media":59416,"comment_status":"closed","ping_status":"open","sticky":false,"template":"","format":"standard","meta":{"content-type":"","footnotes":""},"categories":[16],"tags":[123,2448,5313,1267],"class_list":["post-59415","post","type-post","status-publish","format-standard","has-post-thumbnail","hentry","category-noticias","tag-brasil","tag-diario","tag-noticia","tag-noticias"],"_links":{"self":[{"href":"https:\/\/tvbrazilusa.com\/pt\/wp-json\/wp\/v2\/posts\/59415","targetHints":{"allow":["GET"]}}],"collection":[{"href":"https:\/\/tvbrazilusa.com\/pt\/wp-json\/wp\/v2\/posts"}],"about":[{"href":"https:\/\/tvbrazilusa.com\/pt\/wp-json\/wp\/v2\/types\/post"}],"author":[{"embeddable":true,"href":"https:\/\/tvbrazilusa.com\/pt\/wp-json\/wp\/v2\/users\/1"}],"replies":[{"embeddable":true,"href":"https:\/\/tvbrazilusa.com\/pt\/wp-json\/wp\/v2\/comments?post=59415"}],"version-history":[{"count":1,"href":"https:\/\/tvbrazilusa.com\/pt\/wp-json\/wp\/v2\/posts\/59415\/revisions"}],"predecessor-version":[{"id":59417,"href":"https:\/\/tvbrazilusa.com\/pt\/wp-json\/wp\/v2\/posts\/59415\/revisions\/59417"}],"wp:featuredmedia":[{"embeddable":true,"href":"https:\/\/tvbrazilusa.com\/pt\/wp-json\/wp\/v2\/media\/59416"}],"wp:attachment":[{"href":"https:\/\/tvbrazilusa.com\/pt\/wp-json\/wp\/v2\/media?parent=59415"}],"wp:term":[{"taxonomy":"category","embeddable":true,"href":"https:\/\/tvbrazilusa.com\/pt\/wp-json\/wp\/v2\/categories?post=59415"},{"taxonomy":"post_tag","embeddable":true,"href":"https:\/\/tvbrazilusa.com\/pt\/wp-json\/wp\/v2\/tags?post=59415"}],"curies":[{"name":"wp","href":"https:\/\/api.w.org\/{rel}","templated":true}]}}