{"id":59427,"date":"2024-11-14T13:50:58","date_gmt":"2024-11-14T13:50:58","guid":{"rendered":"https:\/\/tvbrazilusa.com\/2024\/11\/14\/aliados-e-adversarios-afirmam-que-alexandre-de-moraes-tem-se-fortalecido\/"},"modified":"2024-11-14T13:50:59","modified_gmt":"2024-11-14T13:50:59","slug":"aliados-e-adversarios-afirmam-que-alexandre-de-moraes-tem-se-fortalecido","status":"publish","type":"post","link":"https:\/\/tvbrazilusa.com\/pt\/2024\/11\/14\/aliados-e-adversarios-afirmam-que-alexandre-de-moraes-tem-se-fortalecido\/","title":{"rendered":"Aliados e advers\u00e1rios afirmam que Alexandre de Moraes tem se fortalecido"},"content":{"rendered":"<p> <script async src=\"https:\/\/pagead2.googlesyndication.com\/pagead\/js\/adsbygoogle.js?client=ca-pub-8864793242727901\"\r\n     crossorigin=\"anonymous\"><\/script><br \/>\n<\/p>\n<div id=\"taboola-read-more\" style=\"display:block; width:100%\">\n<p>O ministro do Supremo Tribunal Federal (STF) Alexandre de Moraes far\u00e1 um pronunciamento nesta quinta (14|) sobre as explos\u00f5es na Pra\u00e7a dos Tr\u00eas Poderes, em que um homem jogou artefatos em dire\u00e7\u00e3o \u00e0 Corte, colocou explosivos em sua pr\u00f3pria cabe\u00e7a e se suicidou.\n<\/p>\n<p>O caso est\u00e1 sendo investigado pela Pol\u00edcia Federal (PF) como ato terrorista.<\/p>\n<p>O magistrado deve falar na abertura da sess\u00e3o do STF, que est\u00e1 mantida, e conectar os fatos ao 8 de janeiro, em que golpistas invadiram e depredaram o STF, o Congresso Nacional e o Pal\u00e1cio do Planalto.\n<\/p>\n<p>H\u00e1 uma an\u00e1lise entre integrantes do STF, e tamb\u00e9m entre parlamentares bolsonaristas, de que as explos\u00f5es fortalecem o ministro ao darem consist\u00eancia ao discurso de que a democracia esteve, sim, amea\u00e7ada por uma tentativa de golpe que teria o ex-presidente entre seus protagonistas. E o de que ela ainda segue sob amea\u00e7a, como provariam as explos\u00f5es de quarta (13).\n<\/p>\n<p>Os bolsonaristas tentam isolar o fato afirmando que se trata de um louco suicida.\n<\/p>\n<p>Em mensagem, o senador Ciro Nogueira (PP-PI), ex-ministro da Casa Civil do governo Bolsonaro, afirma que &#8220;o ato isolado de um desequilibrado \u00e9 o que \u00e9: um absurdo. Mas da\u00ed a extrapolar uma atitude mentecapta de um indiv\u00edduo para dar contornos institucionais a esse incidente abomin\u00e1vel \u00e9 dizer que nossa democracia n\u00e3o \u00e9 s\u00f3lida e resiliente como ela \u00e9&#8221;.\n<\/p>\n<p>Afirma ainda que &#8220;isso [atentado] tem de ser tratado como o que foi: um ato de loucura, de uma pessoa, um ato inadmiss\u00edvel. Agora, o importante \u00e9 que tudo seja elucidado por investiga\u00e7\u00f5es absolutamente inquestion\u00e1veis e, al\u00e9m de lamentar o epis\u00f3dio, exaltar que n\u00e3o houve nenhuma v\u00edtima da explos\u00e3o al\u00e9m do pr\u00f3prio autor, gra\u00e7as a Deus&#8221;.<\/p>\n<p>Fonte: Folha de S\u00e3o Paulo              <\/p>\n<\/div>\n<p><br \/>\n<br \/><a href=\"https:\/\/diariodobrasilnoticias.com.br\/noticia\/aliados-e-adversarios-afirmam-que-alexandre-de-moraes-tem-se-fortalecido-6735f7635a866\">Source link <\/a><\/p>","protected":false},"excerpt":{"rendered":"<p>O ministro do Supremo Tribunal Federal (STF) Alexandre de Moraes far\u00e1 um pronunciamento nesta quinta (14|) sobre as explos\u00f5es na Pra\u00e7a dos Tr\u00eas Poderes, em que um homem jogou artefatos&hellip;<\/p>","protected":false},"author":1,"featured_media":59428,"comment_status":"closed","ping_status":"open","sticky":false,"template":"","format":"standard","meta":{"content-type":"","footnotes":""},"categories":[16],"tags":[123,2448,5313,1267],"class_list":["post-59427","post","type-post","status-publish","format-standard","has-post-thumbnail","hentry","category-noticias","tag-brasil","tag-diario","tag-noticia","tag-noticias"],"_links":{"self":[{"href":"https:\/\/tvbrazilusa.com\/pt\/wp-json\/wp\/v2\/posts\/59427","targetHints":{"allow":["GET"]}}],"collection":[{"href":"https:\/\/tvbrazilusa.com\/pt\/wp-json\/wp\/v2\/posts"}],"about":[{"href":"https:\/\/tvbrazilusa.com\/pt\/wp-json\/wp\/v2\/types\/post"}],"author":[{"embeddable":true,"href":"https:\/\/tvbrazilusa.com\/pt\/wp-json\/wp\/v2\/users\/1"}],"replies":[{"embeddable":true,"href":"https:\/\/tvbrazilusa.com\/pt\/wp-json\/wp\/v2\/comments?post=59427"}],"version-history":[{"count":1,"href":"https:\/\/tvbrazilusa.com\/pt\/wp-json\/wp\/v2\/posts\/59427\/revisions"}],"predecessor-version":[{"id":59429,"href":"https:\/\/tvbrazilusa.com\/pt\/wp-json\/wp\/v2\/posts\/59427\/revisions\/59429"}],"wp:featuredmedia":[{"embeddable":true,"href":"https:\/\/tvbrazilusa.com\/pt\/wp-json\/wp\/v2\/media\/59428"}],"wp:attachment":[{"href":"https:\/\/tvbrazilusa.com\/pt\/wp-json\/wp\/v2\/media?parent=59427"}],"wp:term":[{"taxonomy":"category","embeddable":true,"href":"https:\/\/tvbrazilusa.com\/pt\/wp-json\/wp\/v2\/categories?post=59427"},{"taxonomy":"post_tag","embeddable":true,"href":"https:\/\/tvbrazilusa.com\/pt\/wp-json\/wp\/v2\/tags?post=59427"}],"curies":[{"name":"wp","href":"https:\/\/api.w.org\/{rel}","templated":true}]}}