{"id":59442,"date":"2024-11-14T13:59:30","date_gmt":"2024-11-14T13:59:30","guid":{"rendered":"https:\/\/tvbrazilusa.com\/2024\/11\/14\/o-comite-de-etica-da-camara-deveria-votar-para-divulgar-um-relatorio-critico-sobre-matt-gaetz\/"},"modified":"2024-11-14T14:09:22","modified_gmt":"2024-11-14T14:09:22","slug":"o-comite-de-etica-da-camara-deveria-votar-para-divulgar-um-relatorio-critico-sobre-matt-gaetz","status":"publish","type":"post","link":"https:\/\/tvbrazilusa.com\/pt\/2024\/11\/14\/o-comite-de-etica-da-camara-deveria-votar-para-divulgar-um-relatorio-critico-sobre-matt-gaetz\/","title":{"rendered":"O Comit\u00ea de \u00c9tica da C\u00e2mara deveria votar para divulgar um relat\u00f3rio cr\u00edtico sobre Matt Gaetz"},"content":{"rendered":"<p> <script async src=\"https:\/\/pagead2.googlesyndication.com\/pagead\/js\/adsbygoogle.js?client=ca-pub-8864793242727901\"\r\n     crossorigin=\"anonymous\"><\/script><br \/>\n<\/p>\n<div id=\"\">\n<header class=\"m-article-header m-article-header--standard\">\n\t\t\t\t\t\t\t\t\t\t\t\t<span id=\"article-header-primary-term\"><br \/>\n\t\t\t\t\t\t\t\t<a class=\"a-term a-term--primary\" href=\"https:\/\/www.boston.com\/tag\/politics\/\"><\/p>\n<p>\t\t\t\t\t\t\t\tPol\u00edtica\t\t\t\t\t\t\t\t<\/a><br \/>\n\t\t\t\t\t\t\t<\/span><\/p>\n<h2 class=\"m-article-header__sub-headline\">O comit\u00ea tem investigado alega\u00e7\u00f5es de que Gaetz, escolhido pelo presidente eleito Donald Trump para procurador-geral, se envolveu em m\u00e1 conduta sexual e uso de drogas il\u00edcitas.<\/h2>\n<figure class=\"a-photo m-article-header__photo\"><figcaption class=\"a-photo__caption\">\n<p>\tO deputado Matt Gaetz (R-Fl\u00f3rida) fala com os participantes durante um com\u00edcio de campanha do ex-presidente Donald Trump, o ent\u00e3o candidato presidencial republicano, em Coachella, Calif\u00f3rnia, em 12 de outubro de 2024.<em> Jordan Gale\/The New York Times<\/em>\t<\/figcaption><\/figure>\n<div class=\"m-article-header__meta\">\n<div class=\"m-article-header__byline\">\n<p class=\"m-article-header__author\">\n<p>\t\t\t\t\t\t\t\tPor Robert Draper, Luke Broadwater e Maya C. Miller, Servi\u00e7o do New York Times\t\t\t\t\t\t\t<\/p>\n<p>\t\t\t\t\t\t\t\t\t\t\t\t\t\t\t<time class=\"m-article-header__date\"><\/p>\n<p>\t\t\t\t\t\t\t\t\tatualizado em 14 de novembro de 2024 | 9h01\t\t\t\t\t\t\t\t<\/time><\/p><\/div>\n<\/p><\/div>\n<\/header>\n<p>WASHINGTON \u2013 O Comit\u00ea de \u00c9tica da C\u00e2mara, que vem investigando alega\u00e7\u00f5es de que o deputado Matt Gaetz se envolveu em m\u00e1 conduta sexual e uso de drogas il\u00edcitas, estava preparado para votar pela divulga\u00e7\u00e3o de um relat\u00f3rio altamente cr\u00edtico sobre Gaetz na sexta-feira, de acordo com um funcion\u00e1rio republicano familiarizado com o assunto . A liberta\u00e7\u00e3o teria ocorrido dois dias depois que o presidente eleito Donald Trump escolheu Gaetz para ser procurador-geral.<\/p>\n<p>Gaetz, republicano da Fl\u00f3rida, renunciou abruptamente ao cargo na C\u00e2mara na noite de quarta-feira, encerrando efetivamente a investiga\u00e7\u00e3o \u00e9tica que pairou sobre sua cabe\u00e7a durante anos.<\/p>\n<p>Gaetz, disse o funcion\u00e1rio, ofereceu repetidamente respostas combativas \u00e0s quest\u00f5es colocadas pelo comit\u00e9, atrasando efectivamente o processo de apura\u00e7\u00e3o de factos durante meses. A publica\u00e7\u00e3o das conclus\u00f5es do comit\u00e9 foi adicionalmente adiada, disse o respons\u00e1vel, devido a uma regra da C\u00e2mara que pro\u00edbe a divulga\u00e7\u00e3o de um relat\u00f3rio negativo perto de uma elei\u00e7\u00e3o. O funcion\u00e1rio falou sob condi\u00e7\u00e3o de anonimato para discutir uma investiga\u00e7\u00e3o delicada.<\/p>\n<p>Agora, com a sa\u00edda de Gaetz do Congresso, o comit\u00ea n\u00e3o tem mais jurisdi\u00e7\u00e3o para investig\u00e1-lo. N\u00e3o ficou imediatamente claro se ainda divulgaria suas descobertas. Tom Rust, conselheiro-chefe e diretor de equipe do painel, n\u00e3o quis comentar.<\/p>\n<p>A divulga\u00e7\u00e3o esperada do relat\u00f3rio na sexta-feira foi relatada anteriormente pelo Punchbowl News.<\/p>\n<p>Os republicanos no Congresso expressaram choque com a escolha de Gaetz para procurador-geral. Gaetz, que liderou o esfor\u00e7o bem-sucedido no outono passado para destituir o presidente da C\u00e2mara, Kevin McCarthy, da Calif\u00f3rnia, \u00e9 <a href=\"https:\/\/www.nytimes.com\/2023\/10\/03\/us\/politics\/gaetz-ethics-committee-house.html\">um dos mais insultados<\/a> membros de sua confer\u00eancia.<\/p>\n<p>Durante dois anos, o Departamento de Justi\u00e7a <a href=\"https:\/\/www.nytimes.com\/2021\/03\/30\/us\/politics\/matt-gaetz-sex-trafficking-investigation.html\">analisou as alega\u00e7\u00f5es<\/a> que ele teve um relacionamento sexual impr\u00f3prio com uma garota de 17 anos e possivelmente violou as leis federais sobre tr\u00e1fico sexual. O departamento encerrou sua investiga\u00e7\u00e3o no ano passado <a href=\"https:\/\/www.nytimes.com\/2023\/02\/15\/us\/politics\/matt-gaetz-sex-trafficking-justice-department.html\">sem registrar nenhuma acusa\u00e7\u00e3o<\/a> contra Gaetz.<\/p>\n<p>Ainda assim, o Comit\u00ea de \u00c9tica abriu um inqu\u00e9rito em 2021 sobre as alega\u00e7\u00f5es de m\u00e1 conduta sexual, juntamente com alega\u00e7\u00f5es de que Gaetz fez uso indevido de registros de identifica\u00e7\u00e3o do estado, converteu fundos de campanha para uso pessoal, aceitou presentes inadmiss\u00edveis de acordo com as regras da C\u00e2mara e compartilhou imagens ou v\u00eddeos inadequados no plen\u00e1rio da C\u00e2mara. entre outras transgress\u00f5es.<\/p>\n<p>Gaetz tentou transformar as acusa\u00e7\u00f5es contra ele em uma medalha de honra. \u201cSou o homem mais investigado no Congresso dos Estados Unidos\u201d, disse Gaetz sobre o inqu\u00e9rito \u00e9tico quando este come\u00e7ou, insinuando que o inqu\u00e9rito era apenas um castigo por minar a lideran\u00e7a de McCarthy.<\/p>\n<p>A ren\u00fancia de Gaetz complica a matem\u00e1tica para os republicanos da C\u00e2mara, que efetivamente conquistaram o controle da C\u00e2mara na noite de quarta-feira, de acordo com a Associated Press. Mas eles est\u00e3o no caminho certo para obter uma pequena maioria e, com a sa\u00edda de Gaetz, perder\u00e3o um assento desde o in\u00edcio.<\/p>\n<p>O presidente da C\u00e2mara, Mike Johnson, R-La., anunciou a ren\u00fancia de Gaetz em uma entrevista coletiva na noite de quarta-feira, depois que os republicanos da C\u00e2mara escolheram seus l\u00edderes para o pr\u00f3ximo Congresso. Johnson disse que ligou para o governador Ron DeSantis, da Fl\u00f3rida, para iniciar o processo de agendamento de uma elei\u00e7\u00e3o especial para ocupar o cargo.<\/p>\n<p>Trump contou a Johnson sobre sua decis\u00e3o de selecionar Gaetz no in\u00edcio do dia, pouco antes de subir ao palco para discursar brevemente e parabenizar a confer\u00eancia republicana. Nessas observa\u00e7\u00f5es, Trump brincou sobre atrair mais republicanos da C\u00e2mara para a sua administra\u00e7\u00e3o.<\/p>\n<p>\u201cImplorei e implorei ao novo presidente: &#8216;J\u00e1 chega, ok?&#8217;\u201d, disse Johnson aos rep\u00f3rteres. \u201cPorque nossos n\u00fameros s\u00e3o pequenos.\u201d<\/p>\n<p>No in\u00edcio do dia, alguns colegas de Gaetz n\u00e3o esconderam sua alegria ao v\u00ea-lo partir.<\/p>\n<p>\u201cA maioria das pessoas l\u00e1 est\u00e1 tonta com isso. Tire-o daqui\u201d, disse o deputado Max Miller, republicano de Ohio, falando sobre seus colegas de partido que se reuniram para votar nas elei\u00e7\u00f5es de lideran\u00e7a. Ele disse que Trump tinha muitas outras boas op\u00e7\u00f5es de indicados, mas provavelmente optou por Gaetz para recompensar sua lealdade.<\/p>\n<p>Antes de a ren\u00fancia de Gaetz ser anunciada publicamente, Miller sugeriu que se as audi\u00eancias no Senado descobrissem evid\u00eancias novas e convincentes de que as alega\u00e7\u00f5es de m\u00e1 conduta contra Gaetz eram verdadeiras, seus colegas poderiam expuls\u00e1-lo, como fizeram com o deputado George Santos no final do ano passado.<\/p>\n<p>Miller disse que ele e outros republicanos da C\u00e2mara ficaram chocados com o fato de Gaetz ter concordado em participar das audi\u00eancias de confirma\u00e7\u00e3o do Senado, que envolvem verifica\u00e7\u00f5es de antecedentes rigorosas e invasivas.<\/p>\n<p>\u201cEstou surpreso que Matt tenha feito isso consigo mesmo\u201d, disse Miller. \u201cQuero pegar um grande saco de pipoca e sentar na primeira fila para aquele show.\u201d<\/p>\n<p><em>Este artigo apareceu originalmente em <a href=\"https:\/\/www.nytimes.com\/2024\/11\/13\/us\/politics\/matt-gaetz-ethics-committee-report.html\">O jornal New York Times<\/a>.<\/em><\/p>\n<\/p><\/div>\n<p><script>\n\t\tvar consent=\"grant\";\n\t\t\/* The above code is parsing the JSON data from the local storage and storing it in a variable. *\/\n\t\t\t\t\tconst onetrustStorageConsent = JSON.parse(localStorage.getItem( 'consent_one_trust_bdc' ) );\n\t\t\tif ( ( onetrustStorageConsent !== null ) ) \n\t\t\t\t\/* Checking to see if the user has consented to the use of cookies.\n\t\t\t\t* If they have not, it is deleting the cookie.\n\t\t\t\t* This will comment for now, until further notice.\n\t\t\t\t*\/\n\t\t\t\t\/\/if ( onetrustStorageConsent.C0002 === false ) \n\t\t\t\t\/\/\tdocument.cookie=\"_fbp=;expires=Thu, 01 Jan 2010 00:00:00 UTC; path=\/; domain=.boston.com\";\n\t\t\t\t\/\/\n\t\t\t\t\/* Checking if the user has given consent for the cookie C0002.\n\t\t\t\t* If the user has given consent, the variable consent will be set to 'grant'.\n\t\t\t\t* If the user has not given consent,the variable consent will be set to 'revoke'.\n\t\t\t\t* Documentation https:\/\/developers.facebook.com\/docs\/meta-pixel\/implementation\/gdpr\n\t\t\t\t*\/\n\t\t\t\tif ( onetrustStorageConsent.C0002 !== true ) \n\t\t\t\t\tconsent=\"revoke\";\n\t\t\t\t!function(f,b,e,v,n,t,s)\n\t\tif(f.fbq)return;n=f.fbq=function()n.callMethod?\n\t\tn.callMethod.apply(n,arguments):n.queue.push(arguments);\n\t\tif(!f._fbq)f._fbq=n;n.push=n;n.loaded=!0;n.version='2.0';\n\t\tn.queue=[];t=b.createElement(e);t.async=!0;\n\t\tt.src=v;s=b.getElementsByTagName(e)[0];\n\t\ts.parentNode.insertBefore(t,s)(window, document,'script',\n\t\t'https:\/\/connect.facebook.net\/en_US\/fbevents.js');\n\t\tfbq('consent', consent);\n\t\tfbq('init', '989222871864976');\n\t\tfbq('track', 'PageView');\n\t<\/script><script type=\"module\">\n\t\tvar consent=\"grant\";\n\t\t\/* The above code is parsing the JSON data from the local storage and storing it in a variable. *\/\n\t\t\tconst onetrustStorageConsent = JSON.parse(localStorage.getItem( 'consent_one_trust_bdc' ) );\n\t\t\t\/* Checking to see if the user has consented to the use of cookies.\n\t\t\t* If they have not, it is deleting the cookie.\n\t\t\t* This will comment for now, until further notice.\n\t\t\t*\/\n\t\t\t\/\/if ( onetrustStorageConsent.C0002 === false ) \n\t\t\t\/\/\tdocument.cookie=\"_fbp=;expires=Thu, 01 Jan 2010 00:00:00 UTC; path=\/; domain=.boston.com\";\n\t\t\t\/\/\n\t\t\t\/* Checking if the user has given consent for the cookie C0002.\n\t\t\t* If the user has given consent, the variable consent will be set to 'grant'.\n\t\t\t* If the user has not given consent,the variable consent will be set to 'revoke'.\n\t\t\t* Documentation https:\/\/developers.facebook.com\/docs\/meta-pixel\/implementation\/gdpr\n\t\t\t*\/\n\t\t\tif ( ( onetrustStorageConsent !== null ) && (onetrustStorageConsent.C0002 !== true ) ) \n\t\t\t\tconsent=\"revoke\";\n\t\t\t\t!function(f,b,e,v,n,t,s)if(f.fbq)return;n=f.fbq=function()\n\t\tn.callMethod? n.callMethod.apply(n,arguments):n.queue.push(arguments)\n\t\t;if(!f._fbq)f._fbq=n;\n\t\tn.push=n;n.loaded=!0;n.version='2.0';n.queue=[];t=b.createElement(e);t.async=!0;\n\t\tt.src=v;s=b.getElementsByTagName(e)[0];s.parentNode.insertBefore(t,s)(window,\n\t\tdocument,'script','https:\/\/connect.facebook.net\/en_US\/fbevents.js');\n\t\tfbq('consent', consent);\n\t\tfbq('init', '813236348753005');\n\t\tfbq('track', \"PageView\");\n\t<\/script><br \/>\n<br \/><br \/>\n<br \/><a href=\"https:\/\/www.boston.com\/news\/politics\/2024\/11\/14\/house-ethics-committee-was-set-to-vote-to-release-critical-report-on-matt-gaetz\/\">Source link <\/a><\/p>","protected":false},"excerpt":{"rendered":"<p>Pol\u00edtica O comit\u00ea tem investigado alega\u00e7\u00f5es de que Gaetz, escolhido pelo presidente eleito Donald Trump para procurador-geral, se envolveu em m\u00e1 conduta sexual e uso de drogas il\u00edcitas. O deputado&hellip;<\/p>","protected":false},"author":1,"featured_media":59443,"comment_status":"closed","ping_status":"open","sticky":false,"template":"","format":"standard","meta":{"content-type":"","footnotes":""},"categories":[1],"tags":[],"class_list":["post-59442","post","type-post","status-publish","format-standard","has-post-thumbnail","hentry","category-uncategorized"],"_links":{"self":[{"href":"https:\/\/tvbrazilusa.com\/pt\/wp-json\/wp\/v2\/posts\/59442","targetHints":{"allow":["GET"]}}],"collection":[{"href":"https:\/\/tvbrazilusa.com\/pt\/wp-json\/wp\/v2\/posts"}],"about":[{"href":"https:\/\/tvbrazilusa.com\/pt\/wp-json\/wp\/v2\/types\/post"}],"author":[{"embeddable":true,"href":"https:\/\/tvbrazilusa.com\/pt\/wp-json\/wp\/v2\/users\/1"}],"replies":[{"embeddable":true,"href":"https:\/\/tvbrazilusa.com\/pt\/wp-json\/wp\/v2\/comments?post=59442"}],"version-history":[{"count":1,"href":"https:\/\/tvbrazilusa.com\/pt\/wp-json\/wp\/v2\/posts\/59442\/revisions"}],"predecessor-version":[{"id":59444,"href":"https:\/\/tvbrazilusa.com\/pt\/wp-json\/wp\/v2\/posts\/59442\/revisions\/59444"}],"wp:featuredmedia":[{"embeddable":true,"href":"https:\/\/tvbrazilusa.com\/pt\/wp-json\/wp\/v2\/media\/59443"}],"wp:attachment":[{"href":"https:\/\/tvbrazilusa.com\/pt\/wp-json\/wp\/v2\/media?parent=59442"}],"wp:term":[{"taxonomy":"category","embeddable":true,"href":"https:\/\/tvbrazilusa.com\/pt\/wp-json\/wp\/v2\/categories?post=59442"},{"taxonomy":"post_tag","embeddable":true,"href":"https:\/\/tvbrazilusa.com\/pt\/wp-json\/wp\/v2\/tags?post=59442"}],"curies":[{"name":"wp","href":"https:\/\/api.w.org\/{rel}","templated":true}]}}