{"id":59457,"date":"2024-11-14T14:31:34","date_gmt":"2024-11-14T14:31:34","guid":{"rendered":"https:\/\/tvbrazilusa.com\/2024\/11\/14\/apos-os-elogios-de-maduro-a-lula-o-embaixador-da-venezuela-anunciou-que-retornara-ao-brasil\/"},"modified":"2024-11-14T14:31:35","modified_gmt":"2024-11-14T14:31:35","slug":"apos-os-elogios-de-maduro-a-lula-o-embaixador-da-venezuela-anunciou-que-retornara-ao-brasil","status":"publish","type":"post","link":"https:\/\/tvbrazilusa.com\/pt\/2024\/11\/14\/apos-os-elogios-de-maduro-a-lula-o-embaixador-da-venezuela-anunciou-que-retornara-ao-brasil\/","title":{"rendered":"Ap\u00f3s os elogios de Maduro a Lula, o embaixador da Venezuela anunciou que retornar\u00e1 ao Brasil"},"content":{"rendered":"<p> <script async src=\"https:\/\/pagead2.googlesyndication.com\/pagead\/js\/adsbygoogle.js?client=ca-pub-8864793242727901\"\r\n     crossorigin=\"anonymous\"><\/script><br \/>\n<\/p>\n<div>\n<p>O embaixador da Venezuela no Brasil, Manuel Vadell, que tinha sido chamado para consultas pelo presidente Nicol\u00e1s Maduro no final de outubro, anunciou nesta quarta-feira (13) que est\u00e1 voltando para Bras\u00edlia.\n<\/p>\n<p>Em um v\u00eddeo, gravado no minist\u00e9rio das Rela\u00e7\u00f5es Exteriores e postado no perfil da embaixada venezuelana na rede social X, Vadell disse estar \u201ca poucas horas\u201d de seu regresso ao Brasil. O embaixador tamb\u00e9m afirmou estar levando para Bras\u00edlia passaportes pedidos por venezuelanos residentes no Brasil.<\/p>\n<p>O an\u00fancio de Vadell acontece dois dias ap\u00f3s\u00a0Maduro elogiar uma declara\u00e7\u00e3o de Luiz In\u00e1cio Lula da Silva, dizendo que o brasileiro fez uma \u201creflex\u00e3o s\u00e1bia\u201d ao afirmar que n\u00e3o pode questionar a decis\u00e3o da Suprema Corte da Venezuela. A fala se refere \u00e0 ratifica\u00e7\u00e3o, pelo Tribunal Supremo de Justi\u00e7a do pa\u00eds, da suposta vit\u00f3ria do presidente venezuelano nas elei\u00e7\u00f5es de 28 de julho.\n<\/p>\n<p>O retorno de Vadell sinaliza disposi\u00e7\u00e3o de Caracas de normalizar as rela\u00e7\u00f5es diplom\u00e1ticas entre os pa\u00edses. Em 30 de outubro, o representante de Maduro foi retirado da embaixada para consultas, em um protesto contra o que o governo venezuelano considerou serem \u201crecorrentes declara\u00e7\u00f5es intervencionistas e grosseiras de porta-vozes autorizados pelo governo brasileiro\u201d.\n<\/p>\n<p>Em comunicado, na ocasi\u00e3o, a chancelaria venezuelana criticou nominalmente o assessor internacional do presidente Luiz In\u00e1cio Lula da Silva, Celso Amorim. No texto, o minist\u00e9rio das Rela\u00e7\u00f5es Exteriores da Venezuela tamb\u00e9m condenou o veto do Brasil \u00e0 entrada da Venezuela nos Brics, o bloco dos pa\u00edses emergentes.\n<\/p>\n<p><strong>CNN<\/strong>\u00a0\n<\/p>\n<\/div>\n<p><br \/>\n<br \/><a href=\"https:\/\/diariodobrasilnoticias.com.br\/noticia\/apos-os-elogios-de-maduro-a-lula-o-embaixador-da-venezuela-anunciou-que-retornara-ao-brasil-6735ecd1290ac\">Source link <\/a><\/p>","protected":false},"excerpt":{"rendered":"<p>O embaixador da Venezuela no Brasil, Manuel Vadell, que tinha sido chamado para consultas pelo presidente Nicol\u00e1s Maduro no final de outubro, anunciou nesta quarta-feira (13) que est\u00e1 voltando para&hellip;<\/p>","protected":false},"author":1,"featured_media":59458,"comment_status":"closed","ping_status":"open","sticky":false,"template":"","format":"standard","meta":{"content-type":"","footnotes":""},"categories":[16],"tags":[123,2448,5313,1267],"class_list":["post-59457","post","type-post","status-publish","format-standard","has-post-thumbnail","hentry","category-noticias","tag-brasil","tag-diario","tag-noticia","tag-noticias"],"_links":{"self":[{"href":"https:\/\/tvbrazilusa.com\/pt\/wp-json\/wp\/v2\/posts\/59457","targetHints":{"allow":["GET"]}}],"collection":[{"href":"https:\/\/tvbrazilusa.com\/pt\/wp-json\/wp\/v2\/posts"}],"about":[{"href":"https:\/\/tvbrazilusa.com\/pt\/wp-json\/wp\/v2\/types\/post"}],"author":[{"embeddable":true,"href":"https:\/\/tvbrazilusa.com\/pt\/wp-json\/wp\/v2\/users\/1"}],"replies":[{"embeddable":true,"href":"https:\/\/tvbrazilusa.com\/pt\/wp-json\/wp\/v2\/comments?post=59457"}],"version-history":[{"count":1,"href":"https:\/\/tvbrazilusa.com\/pt\/wp-json\/wp\/v2\/posts\/59457\/revisions"}],"predecessor-version":[{"id":59459,"href":"https:\/\/tvbrazilusa.com\/pt\/wp-json\/wp\/v2\/posts\/59457\/revisions\/59459"}],"wp:featuredmedia":[{"embeddable":true,"href":"https:\/\/tvbrazilusa.com\/pt\/wp-json\/wp\/v2\/media\/59458"}],"wp:attachment":[{"href":"https:\/\/tvbrazilusa.com\/pt\/wp-json\/wp\/v2\/media?parent=59457"}],"wp:term":[{"taxonomy":"category","embeddable":true,"href":"https:\/\/tvbrazilusa.com\/pt\/wp-json\/wp\/v2\/categories?post=59457"},{"taxonomy":"post_tag","embeddable":true,"href":"https:\/\/tvbrazilusa.com\/pt\/wp-json\/wp\/v2\/tags?post=59457"}],"curies":[{"name":"wp","href":"https:\/\/api.w.org\/{rel}","templated":true}]}}