{"id":59478,"date":"2024-11-14T14:59:57","date_gmt":"2024-11-14T14:59:57","guid":{"rendered":"https:\/\/tvbrazilusa.com\/2024\/11\/14\/ministros-do-stf-afirmam-que-nao-havera-discussao-sobre-anistia-no-tribunal\/"},"modified":"2024-11-14T14:59:58","modified_gmt":"2024-11-14T14:59:58","slug":"ministros-do-stf-afirmam-que-nao-havera-discussao-sobre-anistia-no-tribunal","status":"publish","type":"post","link":"https:\/\/tvbrazilusa.com\/pt\/2024\/11\/14\/ministros-do-stf-afirmam-que-nao-havera-discussao-sobre-anistia-no-tribunal\/","title":{"rendered":"Ministros do STF afirmam que n\u00e3o haver\u00e1 discuss\u00e3o sobre anistia no tribunal."},"content":{"rendered":"<p> <script async src=\"https:\/\/pagead2.googlesyndication.com\/pagead\/js\/adsbygoogle.js?client=ca-pub-8864793242727901\"\r\n     crossorigin=\"anonymous\"><\/script><br \/>\n<\/p>\n<div>\n<figure class=\"post-image\">\n<\/figure>\n<p>            <span style=\"font-size: 12px\">Foto: Gustavo Moreno\/STF<\/span><\/p>\n<p>            <!-- end metas --><br \/>\n            <!-- ADS --><\/p>\n<div id=\"taboola-read-more\" style=\"display:block; width:100%\">\n<p>Ap\u00f3s as explos\u00f5es que ocorreram na noite desta quarta-feira (13) perto do Supremo Tribunal Federal (STF), em Bras\u00edlia, ministros da Corte teriam procurado membros do Congresso Nacional para dizer que n\u00e3o v\u00e3o permitir que o debate sobre anistia aos envolvidos nos atos de 8 de janeiro de 2023 prospere. A informa\u00e7\u00e3o foi divulgada pela jornalista Natuza Nery, do Grupo Globo.\n<\/p>\n<p>\u2013 N\u00e3o vamos permitir que ousem debater anistia depois disso \u2013 teriam dito ministros do STF aos principais nomes do Congresso.<\/p>\n<p>A anistia aos envolvidos nos atos de 8 de janeiro de 2023 tramita no Congresso Nacional como o Projeto de Lei 2.858\/2022. O projeto chegou a ficar pr\u00f3ximo de ser votado na Comiss\u00e3o de Constitui\u00e7\u00e3o e Justi\u00e7a (CCJ) da C\u00e2mara, mas o presidente da Casa, o deputado Arthur Lira (PP-AL), determinou que fosse criada uma comiss\u00e3o especial para analisar o tema.\n<\/p>\n<p>Diante dessa decis\u00e3o, a proposta praticamente voltou para a estaca zero, j\u00e1 que a nova comiss\u00e3o ter\u00e1 que ser instalada, para que nela o assunto seja debatido e votado. S\u00f3 depois disso \u00e9 que a pauta seguir\u00e1 para an\u00e1lise no Plen\u00e1rio da C\u00e2mara.<\/p>\n<p>Fonte: Pleno News              <\/p>\n<\/div>\n<p>                        <!-- Scripts para conteudo --><\/p>\n<p>            <!-- .\/Scripts para conteudo --><br \/>\n            <!-- .\/Mat\u00e9ria --><\/p>\n<div class=\"row mt-3\">\n<div class=\"col-sm-6\">\n                <!-- Whatsapp channel 3--><br \/>\n                <a href=\"https:\/\/chat.whatsapp.com\/J6hwSKYns5B0XFowx2wZ0P\" target=\"_blank\"><br \/>\n                  <img decoding=\"async\" src=\"https:\/\/diariodobrasilnoticias.com.br\/assets-site\/images\/bot_whatsapp.png\"\/><\/a>\n              <\/div>\n<div class=\"col-sm-6\">\n                <a href=\"https:\/\/t.me\/+_4gTmi5LKo03OTM5\" target=\"_blank\"><br \/>\n                  <img decoding=\"async\" src=\"https:\/\/diariodobrasilnoticias.com.br\/assets-site\/images\/bot_telegram.png\"\/><\/a>\n              <\/div>\n<\/p><\/div>\n<p>            <!-- end post-navigation --><\/p>\n<p>              <!-- end row --><\/p>\n<p>              <!-- end col-12-->\n                      <\/div>\n<p><br \/>\n<br \/><a href=\"https:\/\/diariodobrasilnoticias.com.br\/noticia\/ministros-do-stf-afirmam-que-nao-havera-discussao-sobre-anistia-no-tribunal-6735f040da571\">Source link <\/a><\/p>","protected":false},"excerpt":{"rendered":"<p>Foto: Gustavo Moreno\/STF Ap\u00f3s as explos\u00f5es que ocorreram na noite desta quarta-feira (13) perto do Supremo Tribunal Federal (STF), em Bras\u00edlia, ministros da Corte teriam procurado membros do Congresso Nacional&hellip;<\/p>","protected":false},"author":1,"featured_media":59479,"comment_status":"closed","ping_status":"open","sticky":false,"template":"","format":"standard","meta":{"content-type":"","footnotes":""},"categories":[16],"tags":[123,2448,5313,1267],"class_list":["post-59478","post","type-post","status-publish","format-standard","has-post-thumbnail","hentry","category-noticias","tag-brasil","tag-diario","tag-noticia","tag-noticias"],"_links":{"self":[{"href":"https:\/\/tvbrazilusa.com\/pt\/wp-json\/wp\/v2\/posts\/59478","targetHints":{"allow":["GET"]}}],"collection":[{"href":"https:\/\/tvbrazilusa.com\/pt\/wp-json\/wp\/v2\/posts"}],"about":[{"href":"https:\/\/tvbrazilusa.com\/pt\/wp-json\/wp\/v2\/types\/post"}],"author":[{"embeddable":true,"href":"https:\/\/tvbrazilusa.com\/pt\/wp-json\/wp\/v2\/users\/1"}],"replies":[{"embeddable":true,"href":"https:\/\/tvbrazilusa.com\/pt\/wp-json\/wp\/v2\/comments?post=59478"}],"version-history":[{"count":1,"href":"https:\/\/tvbrazilusa.com\/pt\/wp-json\/wp\/v2\/posts\/59478\/revisions"}],"predecessor-version":[{"id":59480,"href":"https:\/\/tvbrazilusa.com\/pt\/wp-json\/wp\/v2\/posts\/59478\/revisions\/59480"}],"wp:featuredmedia":[{"embeddable":true,"href":"https:\/\/tvbrazilusa.com\/pt\/wp-json\/wp\/v2\/media\/59479"}],"wp:attachment":[{"href":"https:\/\/tvbrazilusa.com\/pt\/wp-json\/wp\/v2\/media?parent=59478"}],"wp:term":[{"taxonomy":"category","embeddable":true,"href":"https:\/\/tvbrazilusa.com\/pt\/wp-json\/wp\/v2\/categories?post=59478"},{"taxonomy":"post_tag","embeddable":true,"href":"https:\/\/tvbrazilusa.com\/pt\/wp-json\/wp\/v2\/tags?post=59478"}],"curies":[{"name":"wp","href":"https:\/\/api.w.org\/{rel}","templated":true}]}}