{"id":59522,"date":"2024-11-14T15:58:53","date_gmt":"2024-11-14T15:58:53","guid":{"rendered":"https:\/\/tvbrazilusa.com\/2024\/11\/14\/136-perderao-empregos-quando-a-gannett-fechar-a-impressora-que-imprime-boston-herald-providence-journal\/"},"modified":"2024-11-14T16:02:53","modified_gmt":"2024-11-14T16:02:53","slug":"136-perderao-empregos-quando-a-gannett-fechar-a-impressora-que-imprime-boston-herald-providence-journal","status":"publish","type":"post","link":"https:\/\/tvbrazilusa.com\/pt\/2024\/11\/14\/136-perderao-empregos-quando-a-gannett-fechar-a-impressora-que-imprime-boston-herald-providence-journal\/","title":{"rendered":"136 perder\u00e3o empregos quando a Gannett fechar a impressora que imprime Boston Herald, Providence Journal"},"content":{"rendered":"<p> <script async src=\"https:\/\/pagead2.googlesyndication.com\/pagead\/js\/adsbygoogle.js?client=ca-pub-8864793242727901\"\r\n     crossorigin=\"anonymous\"><\/script><br \/>\n<\/p>\n<div id=\"\">\n<header class=\"m-article-header m-article-header--standard\">\n\t\t\t\t\t\t\t\t\t\t\t\t<span id=\"article-header-primary-term\"><br \/>\n\t\t\t\t\t\t\t\t<a class=\"a-term a-term--primary\" href=\"https:\/\/www.boston.com\/tag\/local-news\/\"><\/p>\n<p>\t\t\t\t\t\t\t\tNot\u00edcias locais\t\t\t\t\t\t\t\t<\/a><br \/>\n\t\t\t\t\t\t\t<\/span><\/p>\n<h2 class=\"m-article-header__sub-headline\">\u201cA decis\u00e3o de fechar nossas instala\u00e7\u00f5es de impress\u00e3o em Providence foi motivada por um problema intranspon\u00edvel na cadeia de suprimentos.\u201d<\/h2>\n<figure class=\"a-photo m-article-header__photo\"><figcaption class=\"a-photo__caption\">\n<p>\tEdif\u00edcio do Providence Journal em 75 Fountain St.  <em>  Erin Clark\/Equipe da Globo <\/em>\t<\/figcaption><\/figure>\n<\/header>\n<p>A instala\u00e7\u00e3o de produ\u00e7\u00e3o que imprime <em>O Di\u00e1rio da Provid\u00eancia<\/em>o <em>Arauto de Boston<\/em>e v\u00e1rios outros jornais locais est\u00e3o fechando.<\/p>\n<p><em>O Di\u00e1rio da Provid\u00eancia<\/em> <a href=\"https:\/\/www.providencejournal.com\/story\/news\/2024\/11\/12\/providence-journal-printing-facility-to-close-due-to-supply-issue\/76216392007\/\">anunciado<\/a> o fechamento na ter\u00e7a-feira. A instala\u00e7\u00e3o encerrar\u00e1 suas opera\u00e7\u00f5es em mar\u00e7o, antes que a impress\u00e3o do jornal seja transferida para Nova Jersey. <\/p>\n<p>\u201cA decis\u00e3o de fechar nossas instala\u00e7\u00f5es de impress\u00e3o em Providence foi motivada por um problema intranspon\u00edvel na cadeia de suprimentos\u201d, Gannett, propriet\u00e1rio da <em>Jornal<\/em>disse em um comunicado. \u201cA impressora utiliza chapas espec\u00edficas produzidas por um \u00fanico fabricante, que interromper\u00e1 sua produ\u00e7\u00e3o \u2013 tornando nossa impressora inoperante.\u201d  <\/p>\n<p>O jornal informa que os 136 funcion\u00e1rios a tempo inteiro e a tempo parcial afectados pelo encerramento est\u00e3o envolvidos na impress\u00e3o e embalagem do jornal. Os funcion\u00e1rios eleg\u00edveis receber\u00e3o pacotes de indeniza\u00e7\u00e3o. <\/p>\n<p>\u201cNosso compromisso com a comunidade \u00e9 inabal\u00e1vel e a equipe da <em>O Di\u00e1rio da Provid\u00eancia<\/em> continuaremos a fornecer aos leitores conte\u00fado local de qualidade que seja mais importante para eles e a conectar nossos valiosos parceiros de publicidade com os clientes que desejam alcan\u00e7ar\u201d, afirmou a empresa em comunicado. <\/p>\n<p>De acordo com o <em>Jornal<\/em>a f\u00e1brica da Kinsley Avenue tamb\u00e9m imprime <em>EUA hoje<\/em> e nove outros jornais locais da Gannett, que ser\u00e3o transferidos para uma f\u00e1brica em Auburn, Massachusetts. <\/p>\n<p>A mudan\u00e7a, observa o jornal, n\u00e3o dever\u00e1 impactar significativamente a entrega de jornais impressos. <\/p>\n<p>De acordo com o <em>Jornal<\/em>os seguintes jornais Gannett tamb\u00e9m s\u00e3o impressos nas instala\u00e7\u00f5es: <em>Telegrama e Gazeta de Worcester<\/em>, <em>Empresa Brockton<\/em>, <em>Tempos de Cape Cod<\/em>, <em>Not\u00edcias do Fall River Herald<\/em>, <em>Not\u00edcias di\u00e1rias do MetroWest<\/em> (Domingo), <em>Hor\u00e1rio padr\u00e3o de New Bedford<\/em>, <em>Not\u00edcias di\u00e1rias de Newport<\/em>, <em>Boletim de Norwich<\/em>, <em>Livro-raz\u00e3o do Patriota Quincy<\/em>e <em>Gazeta de Taunton<\/em>.<\/p>\n<p>A f\u00e1brica tamb\u00e9m possui contratos para imprimir os <em>Arauto de Boston<\/em>o <em>Hartford Courant<\/em>e o <em>Not\u00edcias di\u00e1rias de Nova York<\/em>. <\/p>\n<p>Gannett disse <em>O Di\u00e1rio da Provid\u00eancia<\/em> que trabalhar\u00e1 em estreita colabora\u00e7\u00e3o com uma equipe imobili\u00e1ria para determinar os pr\u00f3ximos passos para as instala\u00e7\u00f5es de imprensa. A transi\u00e7\u00e3o n\u00e3o afetar\u00e1 o espa\u00e7o de escrit\u00f3rios em 75 Fountain St. <\/p>\n<p>\u201cApreciamos profundamente os muitos anos de servi\u00e7o que nossos valiosos colegas dedicaram \u00e0s nossas instala\u00e7\u00f5es em Providence e \u00e0 comunidade local\u201d, disse Gannett em comunicado. <\/p>\n<p>O encerramento vem <span style=\"margin: 0px; padding: 0px;\">em meio \u00e0s demiss\u00f5es de trabalhadores em todo o pa\u00eds pela Gannett, enquanto ela trabalha para saldar US$ 1 bilh\u00e3o em d\u00edvidas depois de <a href=\"https:\/\/www.boston.com\/news\/local-news\/2019\/08\/24\/as-gannett-gatehouse-merge-more-cuts-to-new-england-newspapers\/\" target=\"_blank\" rel=\"noopener\">mesclado<\/a> com GateHouse <\/span>M\u00eddia. A Gannett deixou de publicar 20 jornais semanais em todo o estado e os fundiu em quatro presen\u00e7as digitais. Em mar\u00e7o, a empresa tamb\u00e9m iniciou <a href=\"https:\/\/www.boston.com\/news\/media\/2024\/03\/17\/gannett-closing-local-newsrooms-in-latest-cost-cutting-measure\/\">fechando reda\u00e7\u00f5es<\/a>. <\/p>\n<div class=\"o-author-single has-avatar\">\n<header class=\"m-author-card\">\n<div class=\"a-image a-image--square m-author-card__image\">\n\t\t<img decoding=\"async\" class=\"\" src=\"https:\/\/www.boston.com\/wp-content\/uploads\/2024\/05\/cropped-Beth_Treffeisen_005-3-6658d40786aac-6658d41b5c40b.jpg\" alt=\"Imagem do perfil de Beth Treffeisen\"\/>\t<\/div>\n<\/header>\n<section class=\"author-info\">\n<hr class=\"m-author__section--hr\"\/>\n<div class=\"m-author__section\">\n<p>Beth Treffeisen \u00e9 rep\u00f3rter geral do Boston.com, com foco em not\u00edcias locais, crimes e neg\u00f3cios na regi\u00e3o da Nova Inglaterra.<\/p>\n<\/div>\n<hr class=\"m-author__section--hr\"\/>\t<\/section>\n<\/div>\n<div class=\"m-block m-generic-cta\t m-generic-cta--post-content\t m-generic-cta--dark\t m-generic-cta--homepage\t m-generic-cta--email-signup\t\t m-generic-cta-block-style--default \tt-amp__generic-cta\"><\/p>\n<div class=\"m-generic-cta__wrap\">\n<div class=\"m-generic-cta__content\">\n<h3 class=\"m-generic-cta__title\">Boston.com hoje<\/h3>\n<p class=\"m-generic-cta__subtitle\">Inscreva-se para receber as \u00faltimas manchetes em sua caixa de entrada todas as manh\u00e3s.<\/p>\n<\/p><\/div>\n<\/p><\/div>\n<\/div><\/div>\n<p><script>\n\t\tvar consent=\"grant\";\n\t\t\/* The above code is parsing the JSON data from the local storage and storing it in a variable. *\/\n\t\t\t\t\tconst onetrustStorageConsent = JSON.parse(localStorage.getItem( 'consent_one_trust_bdc' ) );\n\t\t\tif ( ( onetrustStorageConsent !== null ) ) {\n\t\t\t\t\/* Checking to see if the user has consented to the use of cookies.\n\t\t\t\t* If they have not, it is deleting the cookie.\n\t\t\t\t* This will comment for now, until further notice.\n\t\t\t\t*\/\n\t\t\t\t\/\/if ( onetrustStorageConsent.C0002 === false ) {\n\t\t\t\t\/\/\tdocument.cookie=\"_fbp=;expires=Thu, 01 Jan 2010 00:00:00 UTC; path=\/; domain=.boston.com\";\n\t\t\t\t\/\/}\n\t\t\t\t\/* Checking if the user has given consent for the cookie C0002.\n\t\t\t\t* If the user has given consent, the variable consent will be set to 'grant'.\n\t\t\t\t* If the user has not given consent,the variable consent will be set to 'revoke'.\n\t\t\t\t* Documentation https:\/\/developers.facebook.com\/docs\/meta-pixel\/implementation\/gdpr\n\t\t\t\t*\/\n\t\t\t\tif ( onetrustStorageConsent.C0002 !== true ) {\n\t\t\t\t\tconsent=\"revoke\";\n\t\t\t\t}\n\t\t\t}\n\t\t\t\t!function(f,b,e,v,n,t,s)\n\t\t{if(f.fbq)return;n=f.fbq=function(){n.callMethod?\n\t\tn.callMethod.apply(n,arguments):n.queue.push(arguments)};\n\t\tif(!f._fbq)f._fbq=n;n.push=n;n.loaded=!0;n.version='2.0';\n\t\tn.queue=[];t=b.createElement(e);t.async=!0;\n\t\tt.src=v;s=b.getElementsByTagName(e)[0];\n\t\ts.parentNode.insertBefore(t,s)}(window, document,'script',\n\t\t'https:\/\/connect.facebook.net\/en_US\/fbevents.js');\n\t\tfbq('consent', consent);\n\t\tfbq('init', '989222871864976');\n\t\tfbq('track', 'PageView');\n\t<\/script><script type=\"module\">\n\t\tvar consent=\"grant\";\n\t\t\/* The above code is parsing the JSON data from the local storage and storing it in a variable. *\/\n\t\t\tconst onetrustStorageConsent = JSON.parse(localStorage.getItem( 'consent_one_trust_bdc' ) );\n\t\t\t\/* Checking to see if the user has consented to the use of cookies.\n\t\t\t* If they have not, it is deleting the cookie.\n\t\t\t* This will comment for now, until further notice.\n\t\t\t*\/\n\t\t\t\/\/if ( onetrustStorageConsent.C0002 === false ) {\n\t\t\t\/\/\tdocument.cookie=\"_fbp=;expires=Thu, 01 Jan 2010 00:00:00 UTC; path=\/; domain=.boston.com\";\n\t\t\t\/\/}\n\t\t\t\/* Checking if the user has given consent for the cookie C0002.\n\t\t\t* If the user has given consent, the variable consent will be set to 'grant'.\n\t\t\t* If the user has not given consent,the variable consent will be set to 'revoke'.\n\t\t\t* Documentation https:\/\/developers.facebook.com\/docs\/meta-pixel\/implementation\/gdpr\n\t\t\t*\/\n\t\t\tif ( ( onetrustStorageConsent !== null ) && (onetrustStorageConsent.C0002 !== true ) ) {\n\t\t\t\tconsent=\"revoke\";\n\t\t\t}\n\t\t\t\t!function(f,b,e,v,n,t,s){if(f.fbq)return;n=f.fbq=function()\n\t\t{n.callMethod? n.callMethod.apply(n,arguments):n.queue.push(arguments)}\n\t\t;if(!f._fbq)f._fbq=n;\n\t\tn.push=n;n.loaded=!0;n.version='2.0';n.queue=[];t=b.createElement(e);t.async=!0;\n\t\tt.src=v;s=b.getElementsByTagName(e)[0];s.parentNode.insertBefore(t,s)}(window,\n\t\tdocument,'script','https:\/\/connect.facebook.net\/en_US\/fbevents.js');\n\t\tfbq('consent', consent);\n\t\tfbq('init', '813236348753005');\n\t\tfbq('track', \"PageView\");\n\t<\/script><br \/>\n<br \/><br \/>\n<br \/><a href=\"https:\/\/www.boston.com\/news\/local-news\/2024\/11\/14\/136-to-lose-jobs-when-gannett-shuts-down-press-that-prints-boston-herald-providence-journal\/\">Source link <\/a><\/p>","protected":false},"excerpt":{"rendered":"<p>Not\u00edcias locais \u201cA decis\u00e3o de fechar nossas instala\u00e7\u00f5es de impress\u00e3o em Providence foi motivada por um problema intranspon\u00edvel na cadeia de suprimentos.\u201d Edif\u00edcio do Providence Journal em 75 Fountain St.&hellip;<\/p>","protected":false},"author":1,"featured_media":59523,"comment_status":"closed","ping_status":"open","sticky":false,"template":"","format":"standard","meta":{"content-type":"","footnotes":""},"categories":[1],"tags":[],"class_list":["post-59522","post","type-post","status-publish","format-standard","has-post-thumbnail","hentry","category-uncategorized"],"_links":{"self":[{"href":"https:\/\/tvbrazilusa.com\/pt\/wp-json\/wp\/v2\/posts\/59522","targetHints":{"allow":["GET"]}}],"collection":[{"href":"https:\/\/tvbrazilusa.com\/pt\/wp-json\/wp\/v2\/posts"}],"about":[{"href":"https:\/\/tvbrazilusa.com\/pt\/wp-json\/wp\/v2\/types\/post"}],"author":[{"embeddable":true,"href":"https:\/\/tvbrazilusa.com\/pt\/wp-json\/wp\/v2\/users\/1"}],"replies":[{"embeddable":true,"href":"https:\/\/tvbrazilusa.com\/pt\/wp-json\/wp\/v2\/comments?post=59522"}],"version-history":[{"count":1,"href":"https:\/\/tvbrazilusa.com\/pt\/wp-json\/wp\/v2\/posts\/59522\/revisions"}],"predecessor-version":[{"id":59524,"href":"https:\/\/tvbrazilusa.com\/pt\/wp-json\/wp\/v2\/posts\/59522\/revisions\/59524"}],"wp:featuredmedia":[{"embeddable":true,"href":"https:\/\/tvbrazilusa.com\/pt\/wp-json\/wp\/v2\/media\/59523"}],"wp:attachment":[{"href":"https:\/\/tvbrazilusa.com\/pt\/wp-json\/wp\/v2\/media?parent=59522"}],"wp:term":[{"taxonomy":"category","embeddable":true,"href":"https:\/\/tvbrazilusa.com\/pt\/wp-json\/wp\/v2\/categories?post=59522"},{"taxonomy":"post_tag","embeddable":true,"href":"https:\/\/tvbrazilusa.com\/pt\/wp-json\/wp\/v2\/tags?post=59522"}],"curies":[{"name":"wp","href":"https:\/\/api.w.org\/{rel}","templated":true}]}}