{"id":59531,"date":"2024-11-14T15:51:08","date_gmt":"2024-11-14T15:51:08","guid":{"rendered":"https:\/\/tvbrazilusa.com\/2024\/11\/14\/chef-barbara-lynch-processada-por-boston-por-us-17-milhao-em-impostos-nao-pagos\/"},"modified":"2024-11-14T16:15:08","modified_gmt":"2024-11-14T16:15:08","slug":"chef-barbara-lynch-processada-por-boston-por-us-17-milhao-em-impostos-nao-pagos","status":"publish","type":"post","link":"https:\/\/tvbrazilusa.com\/pt\/2024\/11\/14\/chef-barbara-lynch-processada-por-boston-por-us-17-milhao-em-impostos-nao-pagos\/","title":{"rendered":"Chef Barbara Lynch processada por Boston por US$ 1,7 milh\u00e3o em impostos n\u00e3o pagos"},"content":{"rendered":"<p> <script async src=\"https:\/\/pagead2.googlesyndication.com\/pagead\/js\/adsbygoogle.js?client=ca-pub-8864793242727901\"\r\n     crossorigin=\"anonymous\"><\/script><br \/>\n<\/p>\n<div id=\"\">\n<header class=\"m-article-header m-article-header--standard\">\n\t\t\t\t\t\t\t\t\t\t\t\t<span id=\"article-header-primary-term\"><br \/>\n\t\t\t\t\t\t\t\t<a class=\"a-term a-term--primary\" href=\"https:\/\/www.boston.com\/tag\/food-news\/\"><\/p>\n<p>\t\t\t\t\t\t\t\tNot\u00edcias sobre comida\t\t\t\t\t\t\t\t<\/a><br \/>\n\t\t\t\t\t\t\t<\/span><\/p>\n<h2 class=\"m-article-header__sub-headline\">A not\u00edcia do pedido da cidade chega um m\u00eas depois de Barbara Lynch anunciar que todos os seus restaurantes restantes fechariam no final do ano.<\/h2>\n<figure class=\"a-photo m-article-header__photo\"><figcaption class=\"a-photo__caption\">\n<p>\tBarbara Lynch foi processada pela cidade de Boston por impostos n\u00e3o pagos, um m\u00eas depois de anunciar que todos os seus restaurantes fechariam. <em> Jonathan Wiggs\/Equipe da Globo<\/em>\t<\/figcaption><\/figure>\n<\/header>\n<p>A cidade de Boston processou a chef Barbara Lynch por quase US$ 1,7 milh\u00e3o em impostos sobre a propriedade n\u00e3o pagos em sete de seus restaurantes antigos ou que fechar\u00e3o em breve. <\/p>\n<p><em>O Globo de Boston<\/em> relatou a not\u00edcia pela primeira vez na quarta-feira, quando o Tribunal Superior de Suffolk <a href=\"https:\/\/www.bostonglobe.com\/2024\/11\/13\/business\/barbara-lynch-boston-lawsuit-unpaid-taxes\/\">entrou com a a\u00e7\u00e3o<\/a> contra o aclamado chef. <\/p>\n<p>&#8220;EM. Lynch falhou, diretamente e por meio de suas entidades corporativas, em pagar os impostos devidos e devidos \u00e0 cidade de Boston, apesar da notifica\u00e7\u00e3o clara da cidade de Boston a todas e cada uma das entidades corporativas e \u00e0 Sra. terno disse.<\/p>\n<p>A cidade tamb\u00e9m disse que Lynch n\u00e3o paga esses impostos devidos h\u00e1 mais de uma d\u00e9cada, e esses impostos n\u00e3o pagos acumulam uma taxa di\u00e1ria de US$ 366,94.<\/p>\n<p>As sete propriedades mencionadas na a\u00e7\u00e3o e os impostos devidos sobre essas propriedades incluem:<\/p>\n<ul class=\"wp-block-list\">\n<li>Parque n\u00ba 9, no valor de $ 589.430 desde 2011.<\/li>\n<li>B&#038;G Ostras, no valor de US$ 156.188 desde 2011. <\/li>\n<li>The Butcher Shop, no valor de US$ 148.269 desde 2013. <\/li>\n<li>Menton, no valor de US$ 515.107 desde 2015.<\/li>\n<li>Bebida, no valor de US$ 134.714 desde 2015.<\/li>\n<li>Stir, no valor de US$ 8.003 desde 2017.<\/li>\n<li>Sportello, no valor de US$ 124.995 desde 2012. <\/li>\n<\/ul>\n<p>A not\u00edcia do pedido da cidade chega um m\u00eas depois de Lynch, natural de South Boston, anunciar que todos os seus restaurantes restantes &#8211; apenas o No. 9 Park e o B&#038;G Oysters &#8211; <a href=\"https:\/\/www.boston.com\/food\/food-news\/2024\/10\/09\/barbara-lynch-restaurants-close\/\">fecharia<\/a> no final do ano. No in\u00edcio deste ano, ela fechou Menton, Sportello e Drink e anunciou que venderia o Butcher Shop and Stir. O Leme em Gloucester tamb\u00e9m <a href=\"https:\/\/www.boston.com\/food\/restaurants\/2024\/10\/09\/famed-restaurateurs-north-shore-eatery-shutters-after-only-a-year-in-operation\/\">fechado em outubro<\/a>. <\/p>\n<p>Num comunicado, ela culpou esses encerramentos pela pandemia e pelas \u201cmuitas dificuldades enfrentadas\u201d.<\/p>\n<p>Mas recentemente, a carreira de Lynch enfrentou uma reviravolta significativa. No ano passado, ela foi acusada de promover um local de trabalho t\u00f3xico e atualmente est\u00e1 sendo processada por ex-funcion\u00e1rios por supostamente reter gorjetas. Lynch negou ambas as acusa\u00e7\u00f5es.<\/p>\n<p>A a\u00e7\u00e3o afirma que a cidade acredita que Lynch tem dinheiro para pagar os impostos devidos pelas propriedades de restaurantes que ela vendeu ou tem planos de vender. A cidade tamb\u00e9m solicitou uma ordem de restri\u00e7\u00e3o tempor\u00e1ria que garantiria que Lynch pagasse os impostos atrasados \u200b\u200bse e quando uma venda de seus neg\u00f3cios e propriedades fosse realizada. <\/p>\n<p>As not\u00edcias recentes sobre os neg\u00f3cios de Lynch marcam o fim de um imp\u00e9rio de restaurantes de d\u00e9cadas constru\u00eddo em Boston. Durante sua carreira, Lynch recebeu v\u00e1rias indica\u00e7\u00f5es e vit\u00f3rias ao pr\u00eamio James Beard, foi reconhecida como uma das melhores chefs dos EUA por diversas publica\u00e7\u00f5es e inovou na gastronomia com seus conceitos de Boston. O No. 9 Park em Beacon Hill, inaugurado em 1998, colocou-a no mapa da ind\u00fastria culin\u00e1ria em Boston e al\u00e9m. <\/p>\n<div class=\"o-author-single has-avatar\">\n<header class=\"m-author-card\">\n<div class=\"a-image a-image--square m-author-card__image\">\n\t\t<img decoding=\"async\" class=\"\" src=\"https:\/\/www.boston.com\/wp-content\/uploads\/2024\/10\/cropped-katelyn-headshot-67040a1173a1e-67040a380710a.jpeg\" alt=\"Imagem do perfil de Katelyn Umholtz\"\/>\t<\/div>\n<div class=\"m-author-card__text\">\n<h3 class=\"m-author-card__title\"><a href=\"https:\/\/www.boston.com\/author\/katelyn-umholtz\">Katelyn Umholtz<\/a><\/h3>\n<p><span class=\"m-author-card__subtitle\">Rep\u00f3rter de Alimentos e Restaurantes<\/span>\t<\/div>\n<\/header>\n<section class=\"author-info\">\n<hr class=\"m-author__section--hr\"\/>\n<div class=\"m-author__section\">\n<p>Katelyn Umholtz cobre comida e restaurantes para Boston.com. Katelyn tamb\u00e9m \u00e9 autora de The Dish, um seman\u00e1rio <a href=\"https:\/\/www.boston.com\/newsletter-signup\/\">boletim informativo sobre alimenta\u00e7\u00e3o<\/a>.<\/p>\n<\/div>\n<hr class=\"m-author__section--hr\"\/>\t<\/section>\n<\/div>\n<div class=\"m-block m-generic-cta\t m-generic-cta--post-content\t m-generic-cta--dark\t m-generic-cta--homepage\t m-generic-cta--email-signup\t\t m-generic-cta-block-style--default \tt-amp__generic-cta\"><\/p>\n<div class=\"m-generic-cta__wrap\">\n<div class=\"m-generic-cta__content\">\n<h3 class=\"m-generic-cta__title\">Inscreva-se no prato<\/h3>\n<p class=\"m-generic-cta__subtitle\">Mantenha-se atualizado sobre as \u00faltimas not\u00edcias sobre comida e bebida do Boston.com.<\/p>\n<\/p><\/div>\n<\/p><\/div>\n<\/div><\/div>\n<p><script>\n\t\tvar consent=\"grant\";\n\t\t\/* The above code is parsing the JSON data from the local storage and storing it in a variable. *\/\n\t\t\t\t\tconst onetrustStorageConsent = JSON.parse(localStorage.getItem( 'consent_one_trust_bdc' ) );\n\t\t\tif ( ( onetrustStorageConsent !== null ) ) {\n\t\t\t\t\/* Checking to see if the user has consented to the use of cookies.\n\t\t\t\t* If they have not, it is deleting the cookie.\n\t\t\t\t* This will comment for now, until further notice.\n\t\t\t\t*\/\n\t\t\t\t\/\/if ( onetrustStorageConsent.C0002 === false ) {\n\t\t\t\t\/\/\tdocument.cookie=\"_fbp=;expires=Thu, 01 Jan 2010 00:00:00 UTC; path=\/; domain=.boston.com\";\n\t\t\t\t\/\/}\n\t\t\t\t\/* Checking if the user has given consent for the cookie C0002.\n\t\t\t\t* If the user has given consent, the variable consent will be set to 'grant'.\n\t\t\t\t* If the user has not given consent,the variable consent will be set to 'revoke'.\n\t\t\t\t* Documentation https:\/\/developers.facebook.com\/docs\/meta-pixel\/implementation\/gdpr\n\t\t\t\t*\/\n\t\t\t\tif ( onetrustStorageConsent.C0002 !== true ) {\n\t\t\t\t\tconsent=\"revoke\";\n\t\t\t\t}\n\t\t\t}\n\t\t\t\t!function(f,b,e,v,n,t,s)\n\t\t{if(f.fbq)return;n=f.fbq=function(){n.callMethod?\n\t\tn.callMethod.apply(n,arguments):n.queue.push(arguments)};\n\t\tif(!f._fbq)f._fbq=n;n.push=n;n.loaded=!0;n.version='2.0';\n\t\tn.queue=[];t=b.createElement(e);t.async=!0;\n\t\tt.src=v;s=b.getElementsByTagName(e)[0];\n\t\ts.parentNode.insertBefore(t,s)}(window, document,'script',\n\t\t'https:\/\/connect.facebook.net\/en_US\/fbevents.js');\n\t\tfbq('consent', consent);\n\t\tfbq('init', '989222871864976');\n\t\tfbq('track', 'PageView');\n\t<\/script><script type=\"module\">\n\t\tvar consent=\"grant\";\n\t\t\/* The above code is parsing the JSON data from the local storage and storing it in a variable. *\/\n\t\t\tconst onetrustStorageConsent = JSON.parse(localStorage.getItem( 'consent_one_trust_bdc' ) );\n\t\t\t\/* Checking to see if the user has consented to the use of cookies.\n\t\t\t* If they have not, it is deleting the cookie.\n\t\t\t* This will comment for now, until further notice.\n\t\t\t*\/\n\t\t\t\/\/if ( onetrustStorageConsent.C0002 === false ) {\n\t\t\t\/\/\tdocument.cookie=\"_fbp=;expires=Thu, 01 Jan 2010 00:00:00 UTC; path=\/; domain=.boston.com\";\n\t\t\t\/\/}\n\t\t\t\/* Checking if the user has given consent for the cookie C0002.\n\t\t\t* If the user has given consent, the variable consent will be set to 'grant'.\n\t\t\t* If the user has not given consent,the variable consent will be set to 'revoke'.\n\t\t\t* Documentation https:\/\/developers.facebook.com\/docs\/meta-pixel\/implementation\/gdpr\n\t\t\t*\/\n\t\t\tif ( ( onetrustStorageConsent !== null ) && (onetrustStorageConsent.C0002 !== true ) ) {\n\t\t\t\tconsent=\"revoke\";\n\t\t\t}\n\t\t\t\t!function(f,b,e,v,n,t,s){if(f.fbq)return;n=f.fbq=function()\n\t\t{n.callMethod? n.callMethod.apply(n,arguments):n.queue.push(arguments)}\n\t\t;if(!f._fbq)f._fbq=n;\n\t\tn.push=n;n.loaded=!0;n.version='2.0';n.queue=[];t=b.createElement(e);t.async=!0;\n\t\tt.src=v;s=b.getElementsByTagName(e)[0];s.parentNode.insertBefore(t,s)}(window,\n\t\tdocument,'script','https:\/\/connect.facebook.net\/en_US\/fbevents.js');\n\t\tfbq('consent', consent);\n\t\tfbq('init', '813236348753005');\n\t\tfbq('track', \"PageView\");\n\t<\/script><br \/>\n<br \/><br \/>\n<br \/><a href=\"https:\/\/www.boston.com\/food\/food-news\/2024\/11\/14\/barbara-lynch-sued-unpaid-taxes\/\">Source link <\/a><\/p>","protected":false},"excerpt":{"rendered":"<p>Not\u00edcias sobre comida A not\u00edcia do pedido da cidade chega um m\u00eas depois de Barbara Lynch anunciar que todos os seus restaurantes restantes fechariam no final do ano. Barbara Lynch&hellip;<\/p>","protected":false},"author":1,"featured_media":59532,"comment_status":"closed","ping_status":"open","sticky":false,"template":"","format":"standard","meta":{"content-type":"","footnotes":""},"categories":[1],"tags":[],"class_list":["post-59531","post","type-post","status-publish","format-standard","has-post-thumbnail","hentry","category-uncategorized"],"_links":{"self":[{"href":"https:\/\/tvbrazilusa.com\/pt\/wp-json\/wp\/v2\/posts\/59531","targetHints":{"allow":["GET"]}}],"collection":[{"href":"https:\/\/tvbrazilusa.com\/pt\/wp-json\/wp\/v2\/posts"}],"about":[{"href":"https:\/\/tvbrazilusa.com\/pt\/wp-json\/wp\/v2\/types\/post"}],"author":[{"embeddable":true,"href":"https:\/\/tvbrazilusa.com\/pt\/wp-json\/wp\/v2\/users\/1"}],"replies":[{"embeddable":true,"href":"https:\/\/tvbrazilusa.com\/pt\/wp-json\/wp\/v2\/comments?post=59531"}],"version-history":[{"count":1,"href":"https:\/\/tvbrazilusa.com\/pt\/wp-json\/wp\/v2\/posts\/59531\/revisions"}],"predecessor-version":[{"id":59533,"href":"https:\/\/tvbrazilusa.com\/pt\/wp-json\/wp\/v2\/posts\/59531\/revisions\/59533"}],"wp:featuredmedia":[{"embeddable":true,"href":"https:\/\/tvbrazilusa.com\/pt\/wp-json\/wp\/v2\/media\/59532"}],"wp:attachment":[{"href":"https:\/\/tvbrazilusa.com\/pt\/wp-json\/wp\/v2\/media?parent=59531"}],"wp:term":[{"taxonomy":"category","embeddable":true,"href":"https:\/\/tvbrazilusa.com\/pt\/wp-json\/wp\/v2\/categories?post=59531"},{"taxonomy":"post_tag","embeddable":true,"href":"https:\/\/tvbrazilusa.com\/pt\/wp-json\/wp\/v2\/tags?post=59531"}],"curies":[{"name":"wp","href":"https:\/\/api.w.org\/{rel}","templated":true}]}}