{"id":59548,"date":"2024-11-14T16:34:13","date_gmt":"2024-11-14T16:34:13","guid":{"rendered":"https:\/\/tvbrazilusa.com\/2024\/11\/14\/para-moraes-a-anistia-impede-qualquer-possibilidade-de-pacificacao\/"},"modified":"2024-11-14T16:34:14","modified_gmt":"2024-11-14T16:34:14","slug":"para-moraes-a-anistia-impede-qualquer-possibilidade-de-pacificacao","status":"publish","type":"post","link":"https:\/\/tvbrazilusa.com\/pt\/2024\/11\/14\/para-moraes-a-anistia-impede-qualquer-possibilidade-de-pacificacao\/","title":{"rendered":"Para Moraes, a anistia impede qualquer possibilidade de pacifica\u00e7\u00e3o"},"content":{"rendered":"<p> <script async src=\"https:\/\/pagead2.googlesyndication.com\/pagead\/js\/adsbygoogle.js?client=ca-pub-8864793242727901\"\r\n     crossorigin=\"anonymous\"><\/script><br \/>\n<\/p>\n<div id=\"taboola-read-more\" style=\"display:block; width:100%\">\n<p>O ministro Alexandre de Moraes, do Supremo Tribunal Federal (STF), disse nesta quinta-feira (14) que \u00e9 imposs\u00edvel conceder anistia aos envolvidos nos atos de 8 de janeiro de 2023. A declara\u00e7\u00e3o, que ocorre horas depois de um homem morrer ap\u00f3s detonar explosivos em frente ao STF, foi feita durante a abertura de uma aula magna no Conselho Nacional do Minist\u00e9rio P\u00fablico (CNMP).\n<\/p>\n<p>\u2013 Ontem [quarta, 13] \u00e9 demonstra\u00e7\u00e3o que s\u00f3 \u00e9 poss\u00edvel pacificar o pa\u00eds com responsabiliza\u00e7\u00e3o dos criminosos. N\u00e3o existe possibilidade de pacifica\u00e7\u00e3o com anistia a criminosos. N\u00f3s sabemos que o criminoso anistiado \u00e9 um criminoso impune. A impunidade vai gerar mais agressividade, como gerou ontem \u2013 disse o ministro.<\/p>\n<p>Al\u00e9m de falar sobre a anistia, Moraes disse ainda que atos como o desta quarta refor\u00e7ariam a import\u00e2ncia de regulamentar as redes sociais.\n<\/p>\n<p>\u2013 As autoridades p\u00fablicas, aqueles que defendem a democracia, devem decidir exatamente para que haja responsabiliza\u00e7\u00e3o, para que haja uma regulamenta\u00e7\u00e3o das redes sociais. N\u00e3o \u00e9 poss\u00edvel mais esse envenenamento constante pelas redes sociais \u2013 alegou.\n<\/p>\n<p>O ministro disse ainda que o ocorrido em frente ao STF \u201cn\u00e3o \u00e9 isolado de contexto\u201d e que \u201cse iniciou l\u00e1 atr\u00e1s, quando o gabinete do \u00f3dio come\u00e7ou a destilar discurso de \u00f3dio contra institui\u00e7\u00f5es\u201d. De acordo com ele, \u201cas pessoas acham que podem vir a Bras\u00edlia e tentar explodir STF porque foram instigadas por pessoas com altos cargos a atacar\u201d.\n<\/p>\n<p>\u2013 A pessoa tentou ingressar no Supremo, mas foi barrada pela seguran\u00e7a, que percebeu que tinha artefatos amarrados, e se dirigiu at\u00e9 a est\u00e1tua da Justi\u00e7a. A ideia era tentar ingressar e explodir dentro do pr\u00f3prio Supremo Tribunal Federal \u2013 completou.\n<\/p>\n<p>*AE\n<\/p>\n<p>Fonte: Pleno News              <\/p>\n<\/div>\n<p><br \/>\n<br \/><a href=\"https:\/\/diariodobrasilnoticias.com.br\/noticia\/para-moraes-a-anistia-impede-qualquer-possibilidade-de-pacificacao-673608a49fbdb\">Source link <\/a><\/p>","protected":false},"excerpt":{"rendered":"<p>O ministro Alexandre de Moraes, do Supremo Tribunal Federal (STF), disse nesta quinta-feira (14) que \u00e9 imposs\u00edvel conceder anistia aos envolvidos nos atos de 8 de janeiro de 2023. A&hellip;<\/p>","protected":false},"author":1,"featured_media":59549,"comment_status":"closed","ping_status":"open","sticky":false,"template":"","format":"standard","meta":{"content-type":"","footnotes":""},"categories":[16],"tags":[123,2448,5313,1267],"class_list":["post-59548","post","type-post","status-publish","format-standard","has-post-thumbnail","hentry","category-noticias","tag-brasil","tag-diario","tag-noticia","tag-noticias"],"_links":{"self":[{"href":"https:\/\/tvbrazilusa.com\/pt\/wp-json\/wp\/v2\/posts\/59548","targetHints":{"allow":["GET"]}}],"collection":[{"href":"https:\/\/tvbrazilusa.com\/pt\/wp-json\/wp\/v2\/posts"}],"about":[{"href":"https:\/\/tvbrazilusa.com\/pt\/wp-json\/wp\/v2\/types\/post"}],"author":[{"embeddable":true,"href":"https:\/\/tvbrazilusa.com\/pt\/wp-json\/wp\/v2\/users\/1"}],"replies":[{"embeddable":true,"href":"https:\/\/tvbrazilusa.com\/pt\/wp-json\/wp\/v2\/comments?post=59548"}],"version-history":[{"count":1,"href":"https:\/\/tvbrazilusa.com\/pt\/wp-json\/wp\/v2\/posts\/59548\/revisions"}],"predecessor-version":[{"id":59550,"href":"https:\/\/tvbrazilusa.com\/pt\/wp-json\/wp\/v2\/posts\/59548\/revisions\/59550"}],"wp:featuredmedia":[{"embeddable":true,"href":"https:\/\/tvbrazilusa.com\/pt\/wp-json\/wp\/v2\/media\/59549"}],"wp:attachment":[{"href":"https:\/\/tvbrazilusa.com\/pt\/wp-json\/wp\/v2\/media?parent=59548"}],"wp:term":[{"taxonomy":"category","embeddable":true,"href":"https:\/\/tvbrazilusa.com\/pt\/wp-json\/wp\/v2\/categories?post=59548"},{"taxonomy":"post_tag","embeddable":true,"href":"https:\/\/tvbrazilusa.com\/pt\/wp-json\/wp\/v2\/tags?post=59548"}],"curies":[{"name":"wp","href":"https:\/\/api.w.org\/{rel}","templated":true}]}}