{"id":59648,"date":"2024-11-14T18:37:28","date_gmt":"2024-11-14T18:37:28","guid":{"rendered":"https:\/\/tvbrazilusa.com\/2024\/11\/14\/viih-tube-traz-explicacoes-sobre-a-internacao-do-filho-recem-nascido-na-uti\/"},"modified":"2024-11-14T18:37:29","modified_gmt":"2024-11-14T18:37:29","slug":"viih-tube-traz-explicacoes-sobre-a-internacao-do-filho-recem-nascido-na-uti","status":"publish","type":"post","link":"https:\/\/tvbrazilusa.com\/pt\/2024\/11\/14\/viih-tube-traz-explicacoes-sobre-a-internacao-do-filho-recem-nascido-na-uti\/","title":{"rendered":"Viih Tube traz explica\u00e7\u00f5es sobre a interna\u00e7\u00e3o do filho rec\u00e9m-nascido na UTI"},"content":{"rendered":"<p> <script async src=\"https:\/\/pagead2.googlesyndication.com\/pagead\/js\/adsbygoogle.js?client=ca-pub-8864793242727901\"\r\n     crossorigin=\"anonymous\"><\/script><br \/>\n<\/p>\n<div id=\"taboola-read-more\" style=\"display:block; width:100%\">\n<p>A influenciadora Viih Tube, que deu \u00e0 luz seu segundo filho, Ravi, na \u00faltima segunda-feira (11\/11), precisou ser internada \u00e0s pressas na UTI (Unidade de Terapia Intensiva) da maternidade Promater, em S\u00e3o Paulo, na manh\u00e3 desta quinta (14\/11). Apesar do susto envolvendo a famosa, o beb\u00ea passa bem.\n<\/p>\n<p>De acordo com a assessoria de imprensa de Viih Tube, a ex-participante do Big Brother Brasil precisou ser internada na Unidade de Terapia Intensiva para passar por uma transfus\u00e3o de sangue, ap\u00f3s sofrer uma intercorr\u00eancia p\u00f3s-parto. \u201cA Viih Tube est\u00e1 na UTI, pois precisou de uma transfus\u00e3o de sangue. Mas se recupera bem, acompanhada pela m\u00e3e\u201d, diz o texto.<\/p>\n<p>Na noite desta quarta-feira (13\/11), a famosa chegou a postar no Instagram que os m\u00e9dicos avaliaram se seria necess\u00e1rio Ravi tamb\u00e9m ser internado na UTI. \u201cNesse momento a pediatra estava avaliando a ida dele pra UTI\u201d, escreveu Viih Tube na legenda de um v\u00eddeo em que aparece com o filho rec\u00e9m-nascido.\n<\/p>\n<p>\u201cMas quando veio pro meu colo, (porque n\u00e3o tive golden hour, ficamos os dois bem mal, n\u00e3o tinha como), ele melhorou e estabilizou rapidamente e n\u00e3o precisou ir\u201d, explicou a ex-BBB.\n<\/p>\n<p>Ap\u00f3s o nascimento do seu segundo filho com o influencer Eliezer, a famosa usou as redes sociais para afirmar que precisou passar por uma ces\u00e1rea de emerg\u00eancia. Viih Tube ficou 19 horas em trabalho de parto e enfrentou momentos na hora do nascimento de Ravi. A influenciadora queria que o filho nascesse em um parto normal, mas precisou se submeter a uma ces\u00e1rea \u00e0s pressas.\n<\/p>\n<p>\u201cEu queria aparecer aqui para falar que eu t\u00f4 bem, que o Ravi t\u00e1 bem, estamos todos bem\u201d, disse ela. \u201cForam 19 horas de trabalho de parto e (\u2026) eu dilatei os 10 cent\u00edmetros, quando eu fui entrar na fase do expulsivo, virou uma ces\u00e1rea de emerg\u00eancia. Estamos bem, passamos alguns sustos, tanto eu quanto o Ravi\u201d, revelou Viih Tube.<\/p>\n<p>Fonte: Metr\u00f3poles              <\/p>\n<\/div>\n<p><br \/>\n<br \/><a href=\"https:\/\/diariodobrasilnoticias.com.br\/noticia\/viih-tube-traz-explicacoes-sobre-a-internacao-do-filho-recem-nascido-na-uti-673616793ad3e\">Source link <\/a><\/p>","protected":false},"excerpt":{"rendered":"<p>A influenciadora Viih Tube, que deu \u00e0 luz seu segundo filho, Ravi, na \u00faltima segunda-feira (11\/11), precisou ser internada \u00e0s pressas na UTI (Unidade de Terapia Intensiva) da maternidade Promater,&hellip;<\/p>","protected":false},"author":1,"featured_media":59649,"comment_status":"closed","ping_status":"open","sticky":false,"template":"","format":"standard","meta":{"content-type":"","footnotes":""},"categories":[16],"tags":[123,2448,5313,1267],"class_list":["post-59648","post","type-post","status-publish","format-standard","has-post-thumbnail","hentry","category-noticias","tag-brasil","tag-diario","tag-noticia","tag-noticias"],"_links":{"self":[{"href":"https:\/\/tvbrazilusa.com\/pt\/wp-json\/wp\/v2\/posts\/59648","targetHints":{"allow":["GET"]}}],"collection":[{"href":"https:\/\/tvbrazilusa.com\/pt\/wp-json\/wp\/v2\/posts"}],"about":[{"href":"https:\/\/tvbrazilusa.com\/pt\/wp-json\/wp\/v2\/types\/post"}],"author":[{"embeddable":true,"href":"https:\/\/tvbrazilusa.com\/pt\/wp-json\/wp\/v2\/users\/1"}],"replies":[{"embeddable":true,"href":"https:\/\/tvbrazilusa.com\/pt\/wp-json\/wp\/v2\/comments?post=59648"}],"version-history":[{"count":1,"href":"https:\/\/tvbrazilusa.com\/pt\/wp-json\/wp\/v2\/posts\/59648\/revisions"}],"predecessor-version":[{"id":59650,"href":"https:\/\/tvbrazilusa.com\/pt\/wp-json\/wp\/v2\/posts\/59648\/revisions\/59650"}],"wp:featuredmedia":[{"embeddable":true,"href":"https:\/\/tvbrazilusa.com\/pt\/wp-json\/wp\/v2\/media\/59649"}],"wp:attachment":[{"href":"https:\/\/tvbrazilusa.com\/pt\/wp-json\/wp\/v2\/media?parent=59648"}],"wp:term":[{"taxonomy":"category","embeddable":true,"href":"https:\/\/tvbrazilusa.com\/pt\/wp-json\/wp\/v2\/categories?post=59648"},{"taxonomy":"post_tag","embeddable":true,"href":"https:\/\/tvbrazilusa.com\/pt\/wp-json\/wp\/v2\/tags?post=59648"}],"curies":[{"name":"wp","href":"https:\/\/api.w.org\/{rel}","templated":true}]}}