{"id":59651,"date":"2024-11-14T18:39:30","date_gmt":"2024-11-14T18:39:30","guid":{"rendered":"https:\/\/tvbrazilusa.com\/2024\/11\/14\/a-sombra-esta-crescendo-nos-pontos-de-onibus-de-jacksonville-jacksonville-hoje\/"},"modified":"2024-11-14T18:41:19","modified_gmt":"2024-11-14T18:41:19","slug":"a-sombra-esta-crescendo-nos-pontos-de-onibus-de-jacksonville-jacksonville-hoje","status":"publish","type":"post","link":"https:\/\/tvbrazilusa.com\/pt\/2024\/11\/14\/a-sombra-esta-crescendo-nos-pontos-de-onibus-de-jacksonville-jacksonville-hoje\/","title":{"rendered":"A sombra est\u00e1 crescendo nos pontos de \u00f4nibus de Jacksonville | Jacksonville hoje"},"content":{"rendered":"<p> <script async src=\"https:\/\/pagead2.googlesyndication.com\/pagead\/js\/adsbygoogle.js?client=ca-pub-8864793242727901\"\r\n     crossorigin=\"anonymous\"><\/script><br \/>\n<\/p>\n<div>\n<p>Estava ensolarado e fazia 78 graus quando Azari Johnson chegou ao ponto de \u00f4nibus n\u00ba 5134 na quinta-feira.<\/p>\n<p>Enquanto outros se sentavam no banco de a\u00e7o na cal\u00e7ada da Avenida Commonwealth, ela viu o novo carvalho plantado na grama pr\u00f3xima. Ent\u00e3o ela aprendeu o <a href=\"https:\/\/www.jtafla.com\/\" rel=\"nofollow noopener\" target=\"_blank\">Autoridade de Transporte de Jacksonville<\/a>Voc\u00ea tinha acabado de coloc\u00e1-lo l\u00e1 para fornecer sombra aos passageiros do \u00f4nibus enquanto esperavam.<\/p>\n<p>Sombra para passageiros de \u00f4nibus \u00e9 uma ideia \u201cincr\u00edvel\u201d, disse Johnson. Mas ela tinha uma sugest\u00e3o sobre o que a JTA deveria fazer com o banco do ponto de \u00f4nibus atualmente na cal\u00e7ada ensolarada perto da \u00e1rvore rec\u00e9m-plantada na comunidade de Woodstock.<\/p>\n<p>\u201c\u00c9 uma boa ideia para uma \u00e1rvore, porque faz calor aqui\u201d, disse Johnson. \u201cColoque o banco embaixo da \u00e1rvore, na lateral da \u00e1rvore, alguma coisa, alguma coisa para a gente ter mais espa\u00e7o para sentar e fazer sombra. Essa \u00e9 uma \u00f3tima ideia.\u201d<\/p>\n<p>A nova \u00e1rvore, plantada durante uma cerim\u00f4nia na cidade, faz parte de um programa piloto da JTA que trar\u00e1 mais carvalhos e olmos para tornar seis pontos de \u00f4nibus \u201cmais resilientes e mais amig\u00e1veis \u200b\u200bao cliente\u201d, disse Cleveland Ferguson, vice-presidente executivo e chefe da JTA. oficial administrativo.<\/p>\n<p>Faz parte do ano da cidade <a href=\"https:\/\/www.jacksonville.gov\/resilience\" rel=\"nofollow noopener\" target=\"_blank\">Jacksonville resiliente<\/a> plano, com 45 pol\u00edticas e programas concebidos para bairros espec\u00edficos que enfrentam os efeitos do calor, inunda\u00e7\u00f5es e outros problemas. <\/p>\n<p>\u201cAcreditamos que este piloto ser\u00e1 capaz de se expandir por toda a cidade, observando todos os nossos pontos de \u00f4nibus que n\u00e3o t\u00eam sombra, para que possamos impactar positivamente o efeito do calor da ilha urbana\u201d, disse Ferguson. \u201cEstar\u00e1 aqui para sempre e faz parte do meio ambiente, parte da resili\u00eancia. H\u00e1 um efeito de transpira\u00e7\u00e3o que ocorre ao mergulhar na \u00e1gua e resfriar a \u00e1rea, por isso estamos muito entusiasmados por fazer parte disso em parceria com a cidade.\u201d<\/p>\n<figure class=\"wp-block-image size-large\"><figcaption class=\"wp-element-caption\">A prefeita Donna Deegan, \u00e0 direita, juntou-se \u00e0 diretora de resili\u00eancia Anne Coglianese, \u00e0 diretora administrativa da JTA, Cleveland Ferguson, e a outras autoridades municipais na quinta-feira, 14 de novembro de 2024, para plantar a primeira das 11 novas \u00e1rvores de sombra destinadas aos pontos de \u00f4nibus da cidade. | Dan Scanlan, Jacksonville hoje<\/figcaption><\/figure>\n<p><a href=\"https:\/\/jaxtoday.org\/2023\/11\/08\/5-takeaways-from-achieving-a-resilient-jacksonville\/\">Jacksonville resiliente<\/a> \u00e9 uma estrat\u00e9gia de 50 anos para ajudar a cidade a adaptar-se face a eventos repentinos e extremos que amea\u00e7am as suas comunidades, bem como a press\u00f5es a longo prazo que enfraquecem a estrutura de uma comunidade ao longo do tempo. O esfor\u00e7o come\u00e7ou em 13 de outubro de 2023.<\/p>\n<p>Uma a\u00e7\u00e3o prev\u00ea que a cidade e os especialistas desenvolvam um modelo composto de inunda\u00e7\u00f5es para medir os efeitos combinados das ondas costeiras, flutua\u00e7\u00f5es das mar\u00e9s, inunda\u00e7\u00f5es fluviais e inunda\u00e7\u00f5es de \u00e1guas pluviais interiores. Outra \u00e9 combater o calor aumentando a cobertura arb\u00f3rea da cidade nas \u00e1reas que sofrem com o calor.<\/p>\n<p>Plantar a nova \u00e1rvore de sombra em frente \u00e0 biblioteca de Westbrook \u00e9 uma \u00f3tima maneira de \u201cmelhorar a vida das pessoas\u201d, disse o diretor da biblioteca, Tim Rogers, durante a cerim\u00f4nia de quinta-feira, realizada no Dia da \u00c1rvore.<\/p>\n<p>Uma investiga\u00e7\u00e3o sobre as temperaturas m\u00e9dias em cada parada de \u00f4nibus da JTA durante o ano passado foi o que levou a este programa piloto em seis paradas, disse o Diretor de Resili\u00eancia. <a href=\"https:\/\/jaxtoday.org\/2023\/10\/13\/jacksonville-unveils-long-term-resiliency-plan-to-prepare-for-climate-change-growth-and-more\/\">Anne Coglianese<\/a>.<\/p>\n<p>\u201cEles restringiram os pontos de \u00f4nibus com base nos quais s\u00e3o mais adequados para \u00e1rvores, observando os tipos de solo e o n\u00famero de passageiros, certificando-se de que as rotas de \u00f4nibus onde temos mais pessoas do lado de fora no calor fossem algumas das primeiras a conseguir \u00e1rvores\u201d, Coglianese disse. \u201cEste \u00e9 realmente o primeiro passo numa parceria de longo prazo com a JTA para garantir que, \u00e0 medida que crescemos a nossa cidade, o fazemos de uma forma inteligente e ecol\u00f3gica.\u201d<\/p>\n<p>A prefeita Donna Deegan disse que o programa piloto \u00e9 um passo para aumentar a copa das \u00e1rvores da cidade num momento em que a cidade precisa se preparar para mais dias de calor extremo. Algumas partes da cidade s\u00e3o at\u00e9 12 graus mais quentes do que outras \u00e1reas, e isso tem muito a ver com a copa das \u00e1rvores, disse ela.<\/p>\n<p>O primeiro Plano de Gest\u00e3o Florestal Urbana da cidade est\u00e1 em andamento para orientar a prote\u00e7\u00e3o e expans\u00e3o da copa das \u00e1rvores de Jacksonville para sombrear mais \u00e1reas que enfrentam altas temperaturas.<\/p>\n<p>\u201cEste \u00e9 outro grande passo\u201d, disse Deegan. \u201cO plano ir\u00e1 garantir que as \u00e1rvores sejam mantidas adequadamente para garantir a seguran\u00e7a, proporcionar benef\u00edcios ecol\u00f3gicos e tornar os nossos espa\u00e7os p\u00fablicos bonitos. Servir\u00e1 como um guia para a comiss\u00e3o de \u00e1rvores da cidade distribuir o fundo de \u00e1rvores da cidade para plantar as \u00e1rvores certas nos lugares certos.\u201d<\/p>\n<p>Quanto ao coment\u00e1rio do passageiro de \u00f4nibus Azari Johnson sobre a instala\u00e7\u00e3o de bancos nos pontos de \u00f4nibus sob a nova \u00e1rvore de sombra, Ferguson disse que a JTA e a cidade analisar\u00e3o a \u201cmelhor maneira de posicionar tudo isso\u201d \u00e0 medida que avan\u00e7am com o programa de \u00e1rvores.<\/p>\n<p>As \u00e1rvores est\u00e3o sendo pagas pelo fundo de mitiga\u00e7\u00e3o de \u00e1rvores da cidade, disse a JTA.<\/p>\n<\/div>\n<p><br \/>\n<br \/><a href=\"https:\/\/jaxtoday.org\/2024\/11\/14\/trees-jta-bus-stops\/\">Source link <\/a><\/p>","protected":false},"excerpt":{"rendered":"<p>Estava ensolarado e fazia 78 graus quando Azari Johnson chegou ao ponto de \u00f4nibus n\u00ba 5134 na quinta-feira. Enquanto outros se sentavam no banco de a\u00e7o na cal\u00e7ada da Avenida&hellip;<\/p>","protected":false},"author":1,"featured_media":59652,"comment_status":"closed","ping_status":"open","sticky":false,"template":"","format":"standard","meta":{"content-type":"","footnotes":""},"categories":[1],"tags":[],"class_list":["post-59651","post","type-post","status-publish","format-standard","has-post-thumbnail","hentry","category-uncategorized"],"_links":{"self":[{"href":"https:\/\/tvbrazilusa.com\/pt\/wp-json\/wp\/v2\/posts\/59651","targetHints":{"allow":["GET"]}}],"collection":[{"href":"https:\/\/tvbrazilusa.com\/pt\/wp-json\/wp\/v2\/posts"}],"about":[{"href":"https:\/\/tvbrazilusa.com\/pt\/wp-json\/wp\/v2\/types\/post"}],"author":[{"embeddable":true,"href":"https:\/\/tvbrazilusa.com\/pt\/wp-json\/wp\/v2\/users\/1"}],"replies":[{"embeddable":true,"href":"https:\/\/tvbrazilusa.com\/pt\/wp-json\/wp\/v2\/comments?post=59651"}],"version-history":[{"count":1,"href":"https:\/\/tvbrazilusa.com\/pt\/wp-json\/wp\/v2\/posts\/59651\/revisions"}],"predecessor-version":[{"id":59653,"href":"https:\/\/tvbrazilusa.com\/pt\/wp-json\/wp\/v2\/posts\/59651\/revisions\/59653"}],"wp:featuredmedia":[{"embeddable":true,"href":"https:\/\/tvbrazilusa.com\/pt\/wp-json\/wp\/v2\/media\/59652"}],"wp:attachment":[{"href":"https:\/\/tvbrazilusa.com\/pt\/wp-json\/wp\/v2\/media?parent=59651"}],"wp:term":[{"taxonomy":"category","embeddable":true,"href":"https:\/\/tvbrazilusa.com\/pt\/wp-json\/wp\/v2\/categories?post=59651"},{"taxonomy":"post_tag","embeddable":true,"href":"https:\/\/tvbrazilusa.com\/pt\/wp-json\/wp\/v2\/tags?post=59651"}],"curies":[{"name":"wp","href":"https:\/\/api.w.org\/{rel}","templated":true}]}}