{"id":59660,"date":"2024-11-14T18:49:53","date_gmt":"2024-11-14T18:49:53","guid":{"rendered":"https:\/\/tvbrazilusa.com\/2024\/11\/14\/apos-explosoes-diretor-da-pf-defende-regulamentar-as-redes\/"},"modified":"2024-11-14T18:49:54","modified_gmt":"2024-11-14T18:49:54","slug":"apos-explosoes-diretor-da-pf-defende-regulamentar-as-redes","status":"publish","type":"post","link":"https:\/\/tvbrazilusa.com\/pt\/2024\/11\/14\/apos-explosoes-diretor-da-pf-defende-regulamentar-as-redes\/","title":{"rendered":"Ap\u00f3s explos\u00f5es, diretor da PF defende regulamentar as redes"},"content":{"rendered":"<p> <script async src=\"https:\/\/pagead2.googlesyndication.com\/pagead\/js\/adsbygoogle.js?client=ca-pub-8864793242727901\"\r\n     crossorigin=\"anonymous\"><\/script><br \/>\n<\/p>\n<div id=\"taboola-read-more\" style=\"display:block; width:100%\">\n<p>O diretor-geral da Pol\u00edcia Federal (PF), Andrei Rodrigues, defendeu, nesta quinta-feira, 14, a regulamenta\u00e7\u00e3o das redes sociais.\n<\/p>\n<p>Rodrigues se manifestou durante uma coletiva de imprensa, na sede da PF, para explicar as mais recentes descobertas sobre as explos\u00f5es na Pra\u00e7a dos Tr\u00eas Poderes. Um homem morreu ao tentar atirar um artefato na Est\u00e1tua da Justi\u00e7a, em frente ao Supremo Tribunal Federal (STF).<\/p>\n<p>\u201cA gravidade do caso mostra a necessidade de se haver a regula\u00e7\u00e3o e regras claras para redes sociais\u201d, disse. \u201cN\u00e3o \u00e9 poss\u00edvel conviver com esse tipo de a\u00e7\u00e3o. Talvez, esse caso mostre de maneira clara a import\u00e2ncia de se regulamentar as redes, a fim de que as pessoas n\u00e3o fiquem impunes e cometendo crimes livremente na internet.\u201d\n<\/p>\n<p>As explos\u00f5es na Pra\u00e7a dos Tr\u00eas Poderes<br \/>Duas explos\u00f5es foram registradas na noite de quarta-feira 13 na Pra\u00e7a dos Tr\u00eas Poderes em Bras\u00edlia. O autor foi identificado como Francisco Wanderley Luiz, que detonou explosivos num ve\u00edculo estacionado no Anexo IV da C\u00e2mara dos Deputados e, posteriormente, se suicidou durante um explos\u00e3o na frente do STF.\n<\/p>\n<p>Mensagens publicada por Francisco mostram que ele visitou o Supremo h\u00e1 pouco mais de dois meses e tirou uma selfie no plen\u00e1rio da Corte. \u201cDeixaram a raposa entrar no galinheiro (chiqueiro) ou n\u00e3o sabem o tamanho das presas ou \u00e9 burrice mesmo\u201d, escreveu Francisco depois da visita, em 24 de agosto.\n<\/p>\n<p>Depois dos ataques, policiais fizeram uma busca na casa dele, em Ceil\u00e2ndia. Antes do atentado \u00e0 bomba, ele publicou nas redes sociais, no in\u00edcio da noite, refer\u00eancias a explos\u00f5es e disse que a Pol\u00edcia Federal teria de desarmar o equipamento, fazendo refer\u00eancia a um jogo.\n<\/p>\n<p>\u201cPol\u00edcia Federal, voc\u00eas t\u00eam 72 horas para desarmar a bomba que est\u00e1 na casa dos comunistas de merda: William Bonner, Jos\u00e9 Sarney, Geraldo Alckmin, Fernando Henrique Cardoso\u2026 Voc\u00eas 4 s\u00e3o velhos ceb\u00f4sos [sic] nojentos\u201d, escreveu.\n<\/p>\n<p>Em 2020, Luiz foi candidato a vereador em Rio do Sul (SC) pelo PL em uma coliga\u00e7\u00e3o com o PDT. Na \u00e9poca, o ex-presidente Jair Bolsonaro ainda estava no PSL. Francisco teve 98 votos e n\u00e3o foi eleito.<\/p>\n<p>Fonte: Revista Oeste              <\/p>\n<\/div>\n<p><br \/>\n<br \/><a href=\"https:\/\/diariodobrasilnoticias.com.br\/noticia\/apos-explosoes-diretor-da-pf-defende-regulamentar-as-redes-6736283022e51\">Source link <\/a><\/p>","protected":false},"excerpt":{"rendered":"<p>O diretor-geral da Pol\u00edcia Federal (PF), Andrei Rodrigues, defendeu, nesta quinta-feira, 14, a regulamenta\u00e7\u00e3o das redes sociais. Rodrigues se manifestou durante uma coletiva de imprensa, na sede da PF, para&hellip;<\/p>","protected":false},"author":1,"featured_media":59661,"comment_status":"closed","ping_status":"open","sticky":false,"template":"","format":"standard","meta":{"content-type":"","footnotes":""},"categories":[16],"tags":[123,2448,5313,1267],"class_list":["post-59660","post","type-post","status-publish","format-standard","has-post-thumbnail","hentry","category-noticias","tag-brasil","tag-diario","tag-noticia","tag-noticias"],"_links":{"self":[{"href":"https:\/\/tvbrazilusa.com\/pt\/wp-json\/wp\/v2\/posts\/59660","targetHints":{"allow":["GET"]}}],"collection":[{"href":"https:\/\/tvbrazilusa.com\/pt\/wp-json\/wp\/v2\/posts"}],"about":[{"href":"https:\/\/tvbrazilusa.com\/pt\/wp-json\/wp\/v2\/types\/post"}],"author":[{"embeddable":true,"href":"https:\/\/tvbrazilusa.com\/pt\/wp-json\/wp\/v2\/users\/1"}],"replies":[{"embeddable":true,"href":"https:\/\/tvbrazilusa.com\/pt\/wp-json\/wp\/v2\/comments?post=59660"}],"version-history":[{"count":1,"href":"https:\/\/tvbrazilusa.com\/pt\/wp-json\/wp\/v2\/posts\/59660\/revisions"}],"predecessor-version":[{"id":59662,"href":"https:\/\/tvbrazilusa.com\/pt\/wp-json\/wp\/v2\/posts\/59660\/revisions\/59662"}],"wp:featuredmedia":[{"embeddable":true,"href":"https:\/\/tvbrazilusa.com\/pt\/wp-json\/wp\/v2\/media\/59661"}],"wp:attachment":[{"href":"https:\/\/tvbrazilusa.com\/pt\/wp-json\/wp\/v2\/media?parent=59660"}],"wp:term":[{"taxonomy":"category","embeddable":true,"href":"https:\/\/tvbrazilusa.com\/pt\/wp-json\/wp\/v2\/categories?post=59660"},{"taxonomy":"post_tag","embeddable":true,"href":"https:\/\/tvbrazilusa.com\/pt\/wp-json\/wp\/v2\/tags?post=59660"}],"curies":[{"name":"wp","href":"https:\/\/api.w.org\/{rel}","templated":true}]}}