{"id":59675,"date":"2024-11-14T19:26:07","date_gmt":"2024-11-14T19:26:07","guid":{"rendered":"https:\/\/tvbrazilusa.com\/2024\/11\/14\/kristaps-porzingis-esta-progredindo-na-reabilitacao-e-pode-estar-mais-perto-de-retornar\/"},"modified":"2024-11-14T19:37:04","modified_gmt":"2024-11-14T19:37:04","slug":"kristaps-porzingis-esta-progredindo-na-reabilitacao-e-pode-estar-mais-perto-de-retornar","status":"publish","type":"post","link":"https:\/\/tvbrazilusa.com\/pt\/2024\/11\/14\/kristaps-porzingis-esta-progredindo-na-reabilitacao-e-pode-estar-mais-perto-de-retornar\/","title":{"rendered":"Kristaps Porzingis est\u00e1 progredindo na reabilita\u00e7\u00e3o e pode estar mais perto de retornar"},"content":{"rendered":"<p> <script async src=\"https:\/\/pagead2.googlesyndication.com\/pagead\/js\/adsbygoogle.js?client=ca-pub-8864793242727901\"\r\n     crossorigin=\"anonymous\"><\/script><br \/>\n<\/p>\n<div id=\"\">\n<header class=\"m-article-header m-article-header--standard\">\n\t\t\t\t\t\t\t\t\t\t\t\t<span id=\"article-header-primary-term\"><br \/>\n\t\t\t\t\t\t\t\t<a class=\"a-term a-term--primary\" href=\"https:\/\/www.boston.com\/tag\/boston-celtics\/\"><\/p>\n<p>\t\t\t\t\t\t\t\tCeltas\t\t\t\t\t\t\t\t<\/a><br \/>\n\t\t\t\t\t\t\t<\/span><\/p>\n<h2 class=\"m-article-header__sub-headline\">\u201cKP est\u00e1 \u00e0 espreita.\u201d<\/h2>\n<figure class=\"a-photo m-article-header__photo\"><figcaption class=\"a-photo__caption\">\n<p>\tKristaps Porzingis bate palmas para seus companheiros durante um jogo contra o Nets.<em> Foto AP \/ Heather Khalifa<\/em>\t<\/figcaption><\/figure>\n<\/header>\n<p>Kristaps Porzingis parece estar progredindo em sua jornada de reabilita\u00e7\u00e3o ap\u00f3s o <a href=\"https:\/\/www.boston.com\/tag\/boston-celtics\/\" target=\"_blank\" rel=\"noreferrer noopener\">Celtas<\/a>A conta X postou um clipe dele praticando na quadra antes do jogo de quarta-feira contra o Nets. Com a legenda \u201cPorzingis trabalhando antes do jogo\u201d, com o emoji de olhos duplos, o v\u00eddeo sugere o centro da estrela <a href=\"https:\/\/www.boston.com\/sports\/boston-celtics\/2024\/10\/30\/boston-celtics-kristaps-porzingis-injury-recovery-espn-nba-basketball\/\" target=\"_blank\" rel=\"noreferrer noopener\">quase retornando<\/a>.<\/p>\n<p>Porzingis <a href=\"https:\/\/www.boston.com\/sports\/boston-celtics\/2024\/06\/27\/how-long-will-kristaps-porzingis-be-out-ankle-surgery\/\" target=\"_blank\" rel=\"noreferrer noopener\">passou por uma cirurgia<\/a> em junho, devido a um rompimento do retin\u00e1culo medial da perna esquerda, cuja recupera\u00e7\u00e3o era esperada de cinco a seis meses.<\/p>\n<figure class=\"wp-block-embed is-type-rich is-provider-twitter wp-block-embed-twitter\"\/>\n<p>\u201cKP est\u00e1 \u00e0 espreita\u201d, disse NBC&#8217;s <a href=\"https:\/\/www.nbcsportsboston.com\/nba\/boston-celtics\/celtics-videos\/how-soon-will-kristaps-porzingis-return\/666638\/\">Chris Forsberg, membro do Celtics<\/a>. \u201cO que ele est\u00e1 fazendo nos aquecimentos \u00e9 muito semelhante ao que vimos durante os playoffs \u2013 talvez at\u00e9 um passo al\u00e9m disso.\u201d<\/p>\n<p>Apesar de ter machucado a perna na primeira rodada dos playoffs, Porzingis <a href=\"https:\/\/www.boston.com\/sports\/boston-celtics\/2024\/06\/20\/kristaps-porzingis-overruled-celtics-medical-staff-to-play-in-game-5\/\" target=\"_blank\" rel=\"noreferrer noopener\">registrou 16 minutos nas finais da NBA<\/a> contra os Mavericks.<\/p>\n<p>Os Celtas 10-3 <a href=\"https:\/\/www.boston.com\/sports\/boston-celtics\/2024\/11\/13\/nba-celtics-nets-game-recap-takeaways-jayson-tatum-near-triple-double\/\" target=\"_blank\" rel=\"noreferrer noopener\">derrotou as redes<\/a> na noite de quarta-feira, ap\u00f3s uma derrota em casa para o Hawks na ter\u00e7a-feira. Porzingis viajou com a equipe durante a recupera\u00e7\u00e3o da perna e compareceu aos dois jogos.<\/p>\n<div class=\"m-block m-generic-cta\t m-generic-cta--post-content\t m-generic-cta--dark\t m-generic-cta--homepage\t m-generic-cta--email-signup\t\t m-generic-cta-block-style--default \tt-amp__generic-cta\"><\/p>\n<div class=\"m-generic-cta__wrap\">\n<div class=\"m-generic-cta__content\">\n<h3 class=\"m-generic-cta__title\">Inscreva-se para receber atualiza\u00e7\u00f5es do Celtics\ud83c\udfc0<\/h3>\n<p class=\"m-generic-cta__subtitle\">Receba as \u00faltimas not\u00edcias e an\u00e1lises em sua caixa de entrada durante a temporada de basquete.<\/p>\n<\/p><\/div>\n<\/p><\/div>\n<\/div><\/div>\n<p><script>\n\t\tvar consent=\"grant\";\n\t\t\/* The above code is parsing the JSON data from the local storage and storing it in a variable. *\/\n\t\t\t\t\tconst onetrustStorageConsent = JSON.parse(localStorage.getItem( 'consent_one_trust_bdc' ) );\n\t\t\tif ( ( onetrustStorageConsent !== null ) ) {\n\t\t\t\t\/* Checking to see if the user has consented to the use of cookies.\n\t\t\t\t* If they have not, it is deleting the cookie.\n\t\t\t\t* This will comment for now, until further notice.\n\t\t\t\t*\/\n\t\t\t\t\/\/if ( onetrustStorageConsent.C0002 === false ) {\n\t\t\t\t\/\/\tdocument.cookie=\"_fbp=;expires=Thu, 01 Jan 2010 00:00:00 UTC; path=\/; domain=.boston.com\";\n\t\t\t\t\/\/}\n\t\t\t\t\/* Checking if the user has given consent for the cookie C0002.\n\t\t\t\t* If the user has given consent, the variable consent will be set to 'grant'.\n\t\t\t\t* If the user has not given consent,the variable consent will be set to 'revoke'.\n\t\t\t\t* Documentation https:\/\/developers.facebook.com\/docs\/meta-pixel\/implementation\/gdpr\n\t\t\t\t*\/\n\t\t\t\tif ( onetrustStorageConsent.C0002 !== true ) {\n\t\t\t\t\tconsent=\"revoke\";\n\t\t\t\t}\n\t\t\t}\n\t\t\t\t!function(f,b,e,v,n,t,s)\n\t\t{if(f.fbq)return;n=f.fbq=function(){n.callMethod?\n\t\tn.callMethod.apply(n,arguments):n.queue.push(arguments)};\n\t\tif(!f._fbq)f._fbq=n;n.push=n;n.loaded=!0;n.version='2.0';\n\t\tn.queue=[];t=b.createElement(e);t.async=!0;\n\t\tt.src=v;s=b.getElementsByTagName(e)[0];\n\t\ts.parentNode.insertBefore(t,s)}(window, document,'script',\n\t\t'https:\/\/connect.facebook.net\/en_US\/fbevents.js');\n\t\tfbq('consent', consent);\n\t\tfbq('init', '989222871864976');\n\t\tfbq('track', 'PageView');\n\t<\/script><script type=\"module\">\n\t\tvar consent=\"grant\";\n\t\t\/* The above code is parsing the JSON data from the local storage and storing it in a variable. *\/\n\t\t\tconst onetrustStorageConsent = JSON.parse(localStorage.getItem( 'consent_one_trust_bdc' ) );\n\t\t\t\/* Checking to see if the user has consented to the use of cookies.\n\t\t\t* If they have not, it is deleting the cookie.\n\t\t\t* This will comment for now, until further notice.\n\t\t\t*\/\n\t\t\t\/\/if ( onetrustStorageConsent.C0002 === false ) {\n\t\t\t\/\/\tdocument.cookie=\"_fbp=;expires=Thu, 01 Jan 2010 00:00:00 UTC; path=\/; domain=.boston.com\";\n\t\t\t\/\/}\n\t\t\t\/* Checking if the user has given consent for the cookie C0002.\n\t\t\t* If the user has given consent, the variable consent will be set to 'grant'.\n\t\t\t* If the user has not given consent,the variable consent will be set to 'revoke'.\n\t\t\t* Documentation https:\/\/developers.facebook.com\/docs\/meta-pixel\/implementation\/gdpr\n\t\t\t*\/\n\t\t\tif ( ( onetrustStorageConsent !== null ) && (onetrustStorageConsent.C0002 !== true ) ) {\n\t\t\t\tconsent=\"revoke\";\n\t\t\t}\n\t\t\t\t!function(f,b,e,v,n,t,s){if(f.fbq)return;n=f.fbq=function()\n\t\t{n.callMethod? n.callMethod.apply(n,arguments):n.queue.push(arguments)}\n\t\t;if(!f._fbq)f._fbq=n;\n\t\tn.push=n;n.loaded=!0;n.version='2.0';n.queue=[];t=b.createElement(e);t.async=!0;\n\t\tt.src=v;s=b.getElementsByTagName(e)[0];s.parentNode.insertBefore(t,s)}(window,\n\t\tdocument,'script','https:\/\/connect.facebook.net\/en_US\/fbevents.js');\n\t\tfbq('consent', consent);\n\t\tfbq('init', '813236348753005');\n\t\tfbq('track', \"PageView\");\n\t<\/script><br \/>\n<br \/><br \/>\n<br \/><a href=\"https:\/\/www.boston.com\/sports\/boston-celtics\/2024\/11\/14\/kristaps-porzingis-rehab-return-celtics-nba\/\">Source link <\/a><\/p>","protected":false},"excerpt":{"rendered":"<p>Celtas \u201cKP est\u00e1 \u00e0 espreita.\u201d Kristaps Porzingis bate palmas para seus companheiros durante um jogo contra o Nets. Foto AP \/ Heather Khalifa Kristaps Porzingis parece estar progredindo em sua&hellip;<\/p>","protected":false},"author":1,"featured_media":59676,"comment_status":"closed","ping_status":"open","sticky":false,"template":"","format":"standard","meta":{"content-type":"","footnotes":""},"categories":[1],"tags":[],"class_list":["post-59675","post","type-post","status-publish","format-standard","has-post-thumbnail","hentry","category-uncategorized"],"_links":{"self":[{"href":"https:\/\/tvbrazilusa.com\/pt\/wp-json\/wp\/v2\/posts\/59675","targetHints":{"allow":["GET"]}}],"collection":[{"href":"https:\/\/tvbrazilusa.com\/pt\/wp-json\/wp\/v2\/posts"}],"about":[{"href":"https:\/\/tvbrazilusa.com\/pt\/wp-json\/wp\/v2\/types\/post"}],"author":[{"embeddable":true,"href":"https:\/\/tvbrazilusa.com\/pt\/wp-json\/wp\/v2\/users\/1"}],"replies":[{"embeddable":true,"href":"https:\/\/tvbrazilusa.com\/pt\/wp-json\/wp\/v2\/comments?post=59675"}],"version-history":[{"count":1,"href":"https:\/\/tvbrazilusa.com\/pt\/wp-json\/wp\/v2\/posts\/59675\/revisions"}],"predecessor-version":[{"id":59677,"href":"https:\/\/tvbrazilusa.com\/pt\/wp-json\/wp\/v2\/posts\/59675\/revisions\/59677"}],"wp:featuredmedia":[{"embeddable":true,"href":"https:\/\/tvbrazilusa.com\/pt\/wp-json\/wp\/v2\/media\/59676"}],"wp:attachment":[{"href":"https:\/\/tvbrazilusa.com\/pt\/wp-json\/wp\/v2\/media?parent=59675"}],"wp:term":[{"taxonomy":"category","embeddable":true,"href":"https:\/\/tvbrazilusa.com\/pt\/wp-json\/wp\/v2\/categories?post=59675"},{"taxonomy":"post_tag","embeddable":true,"href":"https:\/\/tvbrazilusa.com\/pt\/wp-json\/wp\/v2\/tags?post=59675"}],"curies":[{"name":"wp","href":"https:\/\/api.w.org\/{rel}","templated":true}]}}