{"id":59689,"date":"2024-11-14T20:31:05","date_gmt":"2024-11-14T20:31:05","guid":{"rendered":"https:\/\/tvbrazilusa.com\/2024\/11\/14\/o-adolescente-mais-alto-do-mundo-olivier-rioux-de-210-metros-planeja-redshirt-na-florida-nesta-temporada-wsvn-7news-noticias-de-miami-clima-esportes-fort-lauderdale\/"},"modified":"2024-11-14T20:31:10","modified_gmt":"2024-11-14T20:31:10","slug":"o-adolescente-mais-alto-do-mundo-olivier-rioux-de-210-metros-planeja-redshirt-na-florida-nesta-temporada-wsvn-7news-noticias-de-miami-clima-esportes-fort-lauderdale","status":"publish","type":"post","link":"https:\/\/tvbrazilusa.com\/pt\/2024\/11\/14\/o-adolescente-mais-alto-do-mundo-olivier-rioux-de-210-metros-planeja-redshirt-na-florida-nesta-temporada-wsvn-7news-noticias-de-miami-clima-esportes-fort-lauderdale\/","title":{"rendered":"O adolescente mais alto do mundo, Olivier Rioux, de 2,10 metros, planeja redshirt na Fl\u00f3rida nesta temporada &#8211; WSVN 7News | Not\u00edcias de Miami, clima, esportes | Fort Lauderdale"},"content":{"rendered":"<p> <script async src=\"https:\/\/pagead2.googlesyndication.com\/pagead\/js\/adsbygoogle.js?client=ca-pub-8864793242727901\"\r\n     crossorigin=\"anonymous\"><\/script><br \/>\n<\/p>\n<div itemprop=\"articleBody\">\n<p>GAINESVILLE, Fl\u00f3rida (AP) \u2013 O adolescente mais alto do mundo pode ter que esperar um ano para se tornar o jogador de basquete universit\u00e1rio mais alto do mundo.<\/p>\n<p>O t\u00e9cnico da Fl\u00f3rida, Todd Golden, disse na quinta-feira que Olivier Rioux, um <a href=\"https:\/\/www.guinnessworldrecords.com\/news\/2021\/9\/canadian-confirmed-as-tallest-teenager-in-the-world-675836\">Calouro de 2,10 metros de altura que possui um lugar no livro dos recordes do Guinness<\/a>est\u00e1 planejando redshirt. Se o popular canadense tivesse jogado pelo menos um jogo, ele teria queimado uma de suas quatro temporadas de elegibilidade para a faculdade.<\/p>\n<p>Em vez disso, Rioux passar\u00e1 a temporada 2024-25 praticando com companheiros de equipe e aprimorando suas habilidades \u2013 e ainda ser\u00e1 calouro no pr\u00f3ximo outono.<\/p>\n<p>\u201cEu deveria ter deixado isso claro (antes)\u201d, disse Golden. \u201cHonestamente, isso o colocou em uma situa\u00e7\u00e3o dif\u00edcil. Ele fica sentado ali no final dos jogos e todo mundo grita com ele e tenta tir\u00e1-lo de l\u00e1. Eles simplesmente n\u00e3o tinham entendido que esse era o nosso plano potencial para ele.<\/p>\n<p>\u201cEnt\u00e3o \u00e9 onde estamos neste momento. N\u00e3o estou dizendo que esse ser\u00e1 100% o plano. Continuaremos conversando com ele e vendo se ele muda o que quer fazer. Mas a partir de agora, esse \u00e9 o plano que teremos com ele \u00e0 medida que avan\u00e7amos.\u201d<\/p>\n<p>Os estudantes da Fl\u00f3rida gritaram por \u201cOli\u201d em ambos os jogos do time em casa nesta temporada. Golden esvaziou o banco nos minutos finais da vit\u00f3ria por 86-62 sobre o Grambling State na noite de segunda-feira e at\u00e9 disse algumas palavras a Rioux durante a cena ca\u00f3tica.<\/p>\n<p>\u201cEu estava explicando a ele: &#8216;Ei, o motivo pelo qual n\u00e3o estou colocando voc\u00ea agora \u00e9 o que conversamos um pouco&#8217;\u201d, disse Golden. \u201cEsta n\u00e3o foi uma escolha que fiz por ele. Isso \u00e9 algo que as pessoas (do) nosso programa conversaram com ele e sua fam\u00edlia e seus pais, seu treinador da AAU e apenas tentando descobrir qual \u00e9 o melhor caminho para ele.<\/p>\n<p>\u201cEu simplesmente fui at\u00e9 ele e pensei: &#8216;Ei, n\u00e3o estou tentando ser desrespeitoso com voc\u00ea. S\u00f3 n\u00e3o estou tentando queimar seu ano colocando voc\u00ea por 30 segundos.&#8217;\u201d<\/p>\n<p>Rioux lidou bem com a decis\u00e3o, disse Golden.<\/p>\n<p>\u201cEle \u00e9 um \u00f3timo garoto e agrada\u201d, disse Golden. \u201cEle quer fazer o que os outros acham que \u00e9 melhor para ele. E ele \u00e9 trein\u00e1vel. Novamente, se isso \u00e9 o que nossa equipe, seus pais, as pessoas ao seu redor que se preocupam com ele, acham que \u00e9 melhor, acho que ele ficar\u00e1 confort\u00e1vel. Em \u00faltima an\u00e1lise, a decis\u00e3o \u00e9 dele. Mas acho que \u00e9 a\u00ed que ele vai pousar.\u201d<\/p>\n<div class=\"wp-block-newsletter\">\n\t<strong class=\"wp-block-newsletter__title\">Cadastre-se em nosso boletim informativo para receber as \u00faltimas not\u00edcias diretamente em sua caixa de entrada<\/strong><\/p>\n<\/div><\/div>\n<p><br \/>\n<br \/><a href=\"https:\/\/wsvn.com\/sports\/the-worlds-tallest-teenager-7-foot-9-olivier-rioux-plans-to-redshirt-at-florida-this-season\/\">Source link <\/a><\/p>","protected":false},"excerpt":{"rendered":"<p>GAINESVILLE, Fl\u00f3rida (AP) \u2013 O adolescente mais alto do mundo pode ter que esperar um ano para se tornar o jogador de basquete universit\u00e1rio mais alto do mundo. O t\u00e9cnico&hellip;<\/p>","protected":false},"author":1,"featured_media":59690,"comment_status":"closed","ping_status":"open","sticky":false,"template":"","format":"standard","meta":{"content-type":"","footnotes":""},"categories":[1],"tags":[],"class_list":["post-59689","post","type-post","status-publish","format-standard","has-post-thumbnail","hentry","category-uncategorized"],"_links":{"self":[{"href":"https:\/\/tvbrazilusa.com\/pt\/wp-json\/wp\/v2\/posts\/59689","targetHints":{"allow":["GET"]}}],"collection":[{"href":"https:\/\/tvbrazilusa.com\/pt\/wp-json\/wp\/v2\/posts"}],"about":[{"href":"https:\/\/tvbrazilusa.com\/pt\/wp-json\/wp\/v2\/types\/post"}],"author":[{"embeddable":true,"href":"https:\/\/tvbrazilusa.com\/pt\/wp-json\/wp\/v2\/users\/1"}],"replies":[{"embeddable":true,"href":"https:\/\/tvbrazilusa.com\/pt\/wp-json\/wp\/v2\/comments?post=59689"}],"version-history":[{"count":1,"href":"https:\/\/tvbrazilusa.com\/pt\/wp-json\/wp\/v2\/posts\/59689\/revisions"}],"predecessor-version":[{"id":59691,"href":"https:\/\/tvbrazilusa.com\/pt\/wp-json\/wp\/v2\/posts\/59689\/revisions\/59691"}],"wp:featuredmedia":[{"embeddable":true,"href":"https:\/\/tvbrazilusa.com\/pt\/wp-json\/wp\/v2\/media\/59690"}],"wp:attachment":[{"href":"https:\/\/tvbrazilusa.com\/pt\/wp-json\/wp\/v2\/media?parent=59689"}],"wp:term":[{"taxonomy":"category","embeddable":true,"href":"https:\/\/tvbrazilusa.com\/pt\/wp-json\/wp\/v2\/categories?post=59689"},{"taxonomy":"post_tag","embeddable":true,"href":"https:\/\/tvbrazilusa.com\/pt\/wp-json\/wp\/v2\/tags?post=59689"}],"curies":[{"name":"wp","href":"https:\/\/api.w.org\/{rel}","templated":true}]}}