{"id":59716,"date":"2024-11-14T21:17:06","date_gmt":"2024-11-14T21:17:06","guid":{"rendered":"https:\/\/tvbrazilusa.com\/2024\/11\/14\/mass-trader-joes-usou-ameacas-coercitivas-contra-membros-do-sindicato-conclui-o-nlrb\/"},"modified":"2024-11-14T21:41:04","modified_gmt":"2024-11-14T21:41:04","slug":"mass-trader-joes-usou-ameacas-coercitivas-contra-membros-do-sindicato-conclui-o-nlrb","status":"publish","type":"post","link":"https:\/\/tvbrazilusa.com\/pt\/2024\/11\/14\/mass-trader-joes-usou-ameacas-coercitivas-contra-membros-do-sindicato-conclui-o-nlrb\/","title":{"rendered":"Mass. Trader Joe&#8217;s usou &#8216;amea\u00e7as coercitivas&#8217; contra membros do sindicato, conclui o NLRB"},"content":{"rendered":"<p> <script async src=\"https:\/\/pagead2.googlesyndication.com\/pagead\/js\/adsbygoogle.js?client=ca-pub-8864793242727901\"\r\n     crossorigin=\"anonymous\"><\/script><br \/>\n<\/p>\n<div id=\"\">\n<header class=\"m-article-header m-article-header--standard\">\n\t\t\t\t\t\t\t\t\t\t\t\t<span id=\"article-header-primary-term\"><br \/>\n\t\t\t\t\t\t\t\t<a class=\"a-term a-term--primary\" href=\"https:\/\/www.boston.com\/tag\/local-news\/\"><\/p>\n<p>\t\t\t\t\t\t\t\tNot\u00edcias locais\t\t\t\t\t\t\t\t<\/a><br \/>\n\t\t\t\t\t\t\t<\/span><\/p>\n<h2 class=\"m-article-header__sub-headline\">A loja ordenou ilegalmente aos trabalhadores que tirassem os distintivos do sindicato e negou-lhes os mesmos benef\u00edcios de aposentadoria que os n\u00e3o-sindicalizados.<\/h2>\n<figure class=\"a-photo m-article-header__photo\"><figcaption class=\"a-photo__caption\">\n<p>\tA loja Trader Joe em Hadley.<em> Jonathan Wiggs \/ The Boston Globe, Arquivo<\/em>\t<\/figcaption><\/figure>\n<\/header>\n<p>Um juiz de direito administrativo do Conselho Nacional de Rela\u00e7\u00f5es Trabalhistas concluiu que o Trader Joe&#8217;s em Hadley violou as leis trabalhistas ao dizer ilegalmente aos trabalhadores para tirarem os distintivos do sindicato e negar aos sindicalizados os mesmos benef\u00edcios de aposentadoria que os empregados n\u00e3o sindicalizados.<\/p>\n<p>O juiz Charles Muhl emitiu esta decis\u00e3o em 8 de Novembro, ordenando que a cadeia de mercearias especializadas cessasse as pr\u00e1ticas ilegais, recuperasse a integridade dos funcion\u00e1rios afectados atrav\u00e9s da compensa\u00e7\u00e3o salarial e eliminasse as repres\u00e1lias negativas envolvendo actividades protegidas pelos sindicatos.<\/p>\n<p>Seth Goldstein, da Julien Mirer &#038; Singla, que representa o Trader Joe&#8217;s United, disse que os membros do sindicato liderado pelos funcion\u00e1rios est\u00e3o geralmente \u201cfelizes\u201d com a decis\u00e3o. Mas n\u00e3o gostaram que o juiz considerasse l\u00edcita a demiss\u00e3o de um funcion\u00e1rio.<\/p>\n<p>Em resposta \u00e0 decis\u00e3o, o Trader Joe&#8217;s, em comunicado, disse: \u201cEstamos satisfeitos com as determina\u00e7\u00f5es do Juiz de Direito Administrativo do NLRB em favor do Trader Joe&#8217;s, incluindo o fato de n\u00e3o rescindirmos o emprego dos Membros da Tripula\u00e7\u00e3o porque eles apoiam a sindicaliza\u00e7\u00e3o\u201d.<\/p>\n<p>\u201cComo sempre dissemos, o Trader Joe&#8217;s apoia os direitos dos nossos tripulantes de escolher se querem ou n\u00e3o ser representados por um sindicato\u201d, continua a declara\u00e7\u00e3o. <\/p>\n<p>No entanto, disse Goldstein, a decis\u00e3o \u00e9 uma entre muitas, com 22 processos pendentes contra a empresa apenas na loja Hadley por uma mir\u00edade de alegadas viola\u00e7\u00f5es. <\/p>\n<p>\u201cO problema \u00e9 que a chamada empresa progressista finge que \u00e9 favor\u00e1vel aos sindicatos e \u00e0s coisas que lhes interessam \u2013 mas n\u00e3o \u00e9\u201d, disse ele. \u201cEles s\u00f3 querem acabar com o sindicato.\u201d <\/p>\n<p>Na sua declara\u00e7\u00e3o, o Trader Joe\u2019s disse que discorda de algumas das conclus\u00f5es do juiz. Ela pretende apelar de uma parte da decis\u00e3o, mas n\u00e3o revela quais partes planeja apelar. <\/p>\n<p>Goldstein disse que h\u00e1 cerca de 100 sindicalistas na loja Hadley. Os funcion\u00e1rios votaram pela sindicaliza\u00e7\u00e3o em 5 de agosto de 2022, tornando-se o <a href=\"https:\/\/www.boston.com\/news\/local-news\/2022\/07\/28\/trader-joes-workers-in-hadley-approve-union-drive\/\">primeiro Trader Joe&#8217;s<\/a> na na\u00e7\u00e3o para faz\u00ea-lo. <\/p>\n<p>Este caso ocorreu principalmente durante as semanas que antecederam e logo ap\u00f3s os trabalhadores terem votado pela sindicaliza\u00e7\u00e3o. <\/p>\n<p>A decis\u00e3o disse que a maioria das 18 alega\u00e7\u00f5es envolviam os direitos dos trabalhadores de usar ins\u00edgnias sindicais, que foram respondidas com actos de \u201camea\u00e7as coercivas por parte dos supervisores\u201d, violando as leis laborais. <\/p>\n<p>O Trader Joe&#8217;s violou a lei ao \u201camea\u00e7ar implicitamente os funcion\u00e1rios com avalia\u00e7\u00f5es negativas se eles usassem ins\u00edgnias sindicais e amea\u00e7ar congelar os sal\u00e1rios dos funcion\u00e1rios ou implementar a piora das condi\u00e7\u00f5es de trabalho se eles selecionassem o Sindicato como seu representante negocial\u201d, disse a decis\u00e3o. <\/p>\n<p>O juiz concluiu que o Trader Joe&#8217;s violou as leis trabalhistas em 17 ocasi\u00f5es, de 30 de maio a 11 de junho de 2022, quando interferiu no direito protegido dos funcion\u00e1rios de usar ins\u00edgnias sindicais quando os empregadores aplicavam seletiva e desigualmente sua regra de vestimenta e apar\u00eancia pessoal. <\/p>\n<p>Em 23 de janeiro de 2023, o juiz disse que a empresa tamb\u00e9m infringiu a lei ao fornecer benef\u00edcios de aposentadoria menos favor\u00e1veis \u200b\u200baos funcion\u00e1rios sindicalizados nas lojas de Hadley e Minneapolis do que fornecia aos funcion\u00e1rios n\u00e3o sindicalizados em todo o pa\u00eds, modificando assim seu acordo de 2 de dezembro de 2022. com o sindicato. <\/p>\n<p>Embora o juiz n\u00e3o tenha abordado diretamente como o Trader Joe&#8217;s argumentou que a Lei Nacional de Rela\u00e7\u00f5es Trabalhistas e os ju\u00edzes de direito administrativo da ag\u00eancia s\u00e3o inconstitucionais, isso foi mencionado em uma nota de rodap\u00e9. O juiz disse que a empresa \u201cn\u00e3o apresentou nenhum argumento em seu pedido em apoio a esta defesa\u201d.<\/p>\n<p>Goldstein disse que com a mudan\u00e7a de administra\u00e7\u00e3o a n\u00edvel nacional, empresas como a Trader Joe&#8217;s esperam eliminar a legisla\u00e7\u00e3o laboral.<\/p>\n<p>\u201cQuero dar cr\u00e9dito aos trabalhadores do Trader Joe&#8217;s United que lutaram contra essa quest\u00e3o e se organizaram em torno da relut\u00e2ncia do Trader Joe em anular uma lei de 90 anos\u201d, disse Goldstein. \u201cEles conseguiram transformar uma quest\u00e3o legal em uma quest\u00e3o de organiza\u00e7\u00e3o.\u201d<\/p>\n<p>\u201cAcho que os trabalhadores do Trader Joe mostraram um caminho no qual os trabalhadores podem organizar-se, reagir e ter sucesso nisso\u201d, continuou ele. <\/p>\n<div class=\"o-author-single has-avatar\">\n<header class=\"m-author-card\">\n<div class=\"a-image a-image--square m-author-card__image\">\n\t\t<img decoding=\"async\" class=\"\" src=\"https:\/\/www.boston.com\/wp-content\/uploads\/2024\/05\/cropped-Beth_Treffeisen_005-3-6658d40786aac-6658d41b5c40b.jpg\" alt=\"Imagem do perfil de Beth Treffeisen\"\/>\t<\/div>\n<\/header>\n<section class=\"author-info\">\n<hr class=\"m-author__section--hr\"\/>\n<div class=\"m-author__section\">\n<p>Beth Treffeisen \u00e9 rep\u00f3rter geral do Boston.com, com foco em not\u00edcias locais, crimes e neg\u00f3cios na regi\u00e3o da Nova Inglaterra.<\/p>\n<\/div>\n<hr class=\"m-author__section--hr\"\/>\t<\/section>\n<\/div>\n<div class=\"m-block m-generic-cta\t m-generic-cta--post-content\t m-generic-cta--dark\t m-generic-cta--homepage\t m-generic-cta--email-signup\t\t m-generic-cta-block-style--default \tt-amp__generic-cta\"><\/p>\n<div class=\"m-generic-cta__wrap\">\n<div class=\"m-generic-cta__content\">\n<h3 class=\"m-generic-cta__title\">Boston.com hoje<\/h3>\n<p class=\"m-generic-cta__subtitle\">Inscreva-se para receber as \u00faltimas manchetes em sua caixa de entrada todas as manh\u00e3s.<\/p>\n<\/p><\/div>\n<\/p><\/div>\n<\/div><\/div>\n<p><script>\n\t\tvar consent=\"grant\";\n\t\t\/* The above code is parsing the JSON data from the local storage and storing it in a variable. *\/\n\t\t\t\t\tconst onetrustStorageConsent = JSON.parse(localStorage.getItem( 'consent_one_trust_bdc' ) );\n\t\t\tif ( ( onetrustStorageConsent !== null ) ) {\n\t\t\t\t\/* Checking to see if the user has consented to the use of cookies.\n\t\t\t\t* If they have not, it is deleting the cookie.\n\t\t\t\t* This will comment for now, until further notice.\n\t\t\t\t*\/\n\t\t\t\t\/\/if ( onetrustStorageConsent.C0002 === false ) {\n\t\t\t\t\/\/\tdocument.cookie=\"_fbp=;expires=Thu, 01 Jan 2010 00:00:00 UTC; path=\/; domain=.boston.com\";\n\t\t\t\t\/\/}\n\t\t\t\t\/* Checking if the user has given consent for the cookie C0002.\n\t\t\t\t* If the user has given consent, the variable consent will be set to 'grant'.\n\t\t\t\t* If the user has not given consent,the variable consent will be set to 'revoke'.\n\t\t\t\t* Documentation https:\/\/developers.facebook.com\/docs\/meta-pixel\/implementation\/gdpr\n\t\t\t\t*\/\n\t\t\t\tif ( onetrustStorageConsent.C0002 !== true ) {\n\t\t\t\t\tconsent=\"revoke\";\n\t\t\t\t}\n\t\t\t}\n\t\t\t\t!function(f,b,e,v,n,t,s)\n\t\t{if(f.fbq)return;n=f.fbq=function(){n.callMethod?\n\t\tn.callMethod.apply(n,arguments):n.queue.push(arguments)};\n\t\tif(!f._fbq)f._fbq=n;n.push=n;n.loaded=!0;n.version='2.0';\n\t\tn.queue=[];t=b.createElement(e);t.async=!0;\n\t\tt.src=v;s=b.getElementsByTagName(e)[0];\n\t\ts.parentNode.insertBefore(t,s)}(window, document,'script',\n\t\t'https:\/\/connect.facebook.net\/en_US\/fbevents.js');\n\t\tfbq('consent', consent);\n\t\tfbq('init', '989222871864976');\n\t\tfbq('track', 'PageView');\n\t<\/script><script type=\"module\">\n\t\tvar consent=\"grant\";\n\t\t\/* The above code is parsing the JSON data from the local storage and storing it in a variable. *\/\n\t\t\tconst onetrustStorageConsent = JSON.parse(localStorage.getItem( 'consent_one_trust_bdc' ) );\n\t\t\t\/* Checking to see if the user has consented to the use of cookies.\n\t\t\t* If they have not, it is deleting the cookie.\n\t\t\t* This will comment for now, until further notice.\n\t\t\t*\/\n\t\t\t\/\/if ( onetrustStorageConsent.C0002 === false ) {\n\t\t\t\/\/\tdocument.cookie=\"_fbp=;expires=Thu, 01 Jan 2010 00:00:00 UTC; path=\/; domain=.boston.com\";\n\t\t\t\/\/}\n\t\t\t\/* Checking if the user has given consent for the cookie C0002.\n\t\t\t* If the user has given consent, the variable consent will be set to 'grant'.\n\t\t\t* If the user has not given consent,the variable consent will be set to 'revoke'.\n\t\t\t* Documentation https:\/\/developers.facebook.com\/docs\/meta-pixel\/implementation\/gdpr\n\t\t\t*\/\n\t\t\tif ( ( onetrustStorageConsent !== null ) && (onetrustStorageConsent.C0002 !== true ) ) {\n\t\t\t\tconsent=\"revoke\";\n\t\t\t}\n\t\t\t\t!function(f,b,e,v,n,t,s){if(f.fbq)return;n=f.fbq=function()\n\t\t{n.callMethod? n.callMethod.apply(n,arguments):n.queue.push(arguments)}\n\t\t;if(!f._fbq)f._fbq=n;\n\t\tn.push=n;n.loaded=!0;n.version='2.0';n.queue=[];t=b.createElement(e);t.async=!0;\n\t\tt.src=v;s=b.getElementsByTagName(e)[0];s.parentNode.insertBefore(t,s)}(window,\n\t\tdocument,'script','https:\/\/connect.facebook.net\/en_US\/fbevents.js');\n\t\tfbq('consent', consent);\n\t\tfbq('init', '813236348753005');\n\t\tfbq('track', \"PageView\");\n\t<\/script><br \/>\n<br \/><br \/>\n<br \/><a href=\"https:\/\/www.boston.com\/news\/local-news\/2024\/11\/14\/mass-trader-joes-used-coercive-threats-against-union-members-nlrb-finds\/\">Source link <\/a><\/p>","protected":false},"excerpt":{"rendered":"<p>Not\u00edcias locais A loja ordenou ilegalmente aos trabalhadores que tirassem os distintivos do sindicato e negou-lhes os mesmos benef\u00edcios de aposentadoria que os n\u00e3o-sindicalizados. A loja Trader Joe em Hadley.&hellip;<\/p>","protected":false},"author":1,"featured_media":59717,"comment_status":"closed","ping_status":"open","sticky":false,"template":"","format":"standard","meta":{"content-type":"","footnotes":""},"categories":[1],"tags":[],"class_list":["post-59716","post","type-post","status-publish","format-standard","has-post-thumbnail","hentry","category-uncategorized"],"_links":{"self":[{"href":"https:\/\/tvbrazilusa.com\/pt\/wp-json\/wp\/v2\/posts\/59716","targetHints":{"allow":["GET"]}}],"collection":[{"href":"https:\/\/tvbrazilusa.com\/pt\/wp-json\/wp\/v2\/posts"}],"about":[{"href":"https:\/\/tvbrazilusa.com\/pt\/wp-json\/wp\/v2\/types\/post"}],"author":[{"embeddable":true,"href":"https:\/\/tvbrazilusa.com\/pt\/wp-json\/wp\/v2\/users\/1"}],"replies":[{"embeddable":true,"href":"https:\/\/tvbrazilusa.com\/pt\/wp-json\/wp\/v2\/comments?post=59716"}],"version-history":[{"count":1,"href":"https:\/\/tvbrazilusa.com\/pt\/wp-json\/wp\/v2\/posts\/59716\/revisions"}],"predecessor-version":[{"id":59718,"href":"https:\/\/tvbrazilusa.com\/pt\/wp-json\/wp\/v2\/posts\/59716\/revisions\/59718"}],"wp:featuredmedia":[{"embeddable":true,"href":"https:\/\/tvbrazilusa.com\/pt\/wp-json\/wp\/v2\/media\/59717"}],"wp:attachment":[{"href":"https:\/\/tvbrazilusa.com\/pt\/wp-json\/wp\/v2\/media?parent=59716"}],"wp:term":[{"taxonomy":"category","embeddable":true,"href":"https:\/\/tvbrazilusa.com\/pt\/wp-json\/wp\/v2\/categories?post=59716"},{"taxonomy":"post_tag","embeddable":true,"href":"https:\/\/tvbrazilusa.com\/pt\/wp-json\/wp\/v2\/tags?post=59716"}],"curies":[{"name":"wp","href":"https:\/\/api.w.org\/{rel}","templated":true}]}}