{"id":59766,"date":"2024-11-14T23:34:04","date_gmt":"2024-11-14T23:34:04","guid":{"rendered":"https:\/\/tvbrazilusa.com\/2024\/11\/14\/argentina-retira-sua-delegacao-da-cop29-realizada-no-azerbaijao\/"},"modified":"2024-11-14T23:34:05","modified_gmt":"2024-11-14T23:34:05","slug":"argentina-retira-sua-delegacao-da-cop29-realizada-no-azerbaijao","status":"publish","type":"post","link":"https:\/\/tvbrazilusa.com\/pt\/2024\/11\/14\/argentina-retira-sua-delegacao-da-cop29-realizada-no-azerbaijao\/","title":{"rendered":"Argentina retira sua delega\u00e7\u00e3o da COP29, realizada no Azerbaij\u00e3o"},"content":{"rendered":"<p> <script async src=\"https:\/\/pagead2.googlesyndication.com\/pagead\/js\/adsbygoogle.js?client=ca-pub-8864793242727901\"\r\n     crossorigin=\"anonymous\"><\/script><br \/>\n<\/p>\n<div id=\"taboola-read-more\" style=\"display:block; width:100%\">\n<p>O governo argentino retirou sua delega\u00e7\u00e3o da 29\u00aa Confer\u00eancia das Na\u00e7\u00f5es Unidas sobre Mudan\u00e7a Clim\u00e1tica (COP 29), realizada em Baku, informou uma fonte oficial \u00e0 AFP, nesta quinta-feira, 14.\n<\/p>\n<p>A Argentina, que durante d\u00e9cadas atuou como uma das principais vozes latino-americanas em f\u00f3runs internacionais de clima, como as confer\u00eancias COP da ONU, agora adota uma postura diferente.<\/p>\n<p>Argentina tinha como foco principal a participa\u00e7\u00e3o em treinamentos t\u00e9cnicos<br \/>A delega\u00e7\u00e3o argentina, composta por um pequeno grupo, tinha como principal foco a participa\u00e7\u00e3o em treinamentos t\u00e9cnicos, segundo fontes em Baku. Os delegados deixaram o local da COP29 no Est\u00e1dio Ol\u00edmpico de Baku e n\u00e3o estavam mais presentes nesta quinta-feira, conforme a AFP.\n<\/p>\n<p>\u201cEssa \u00e9 uma quest\u00e3o bilateral entre a Argentina e a ONU e n\u00e3o vamos comentar sobre ela\u201d, afirmou Yalchyn Rafiev, negociador-chefe do Azerbaij\u00e3o na COP29.\n<\/p>\n<p>A ministra do Meio Ambiente do Chile, Maisa Rojas, comentou sobre a decis\u00e3o da Argentina se retirar da COP29.\n<\/p>\n<p>\u201cQuer se diga sim ou n\u00e3o, a mudan\u00e7a clim\u00e1tica \u00e9 real, est\u00e1 acontecendo\u201d, afirmou Rojas. \u201cTodos os pa\u00edses est\u00e3o sofrendo seus impactos e, portanto, \u00e9 do interesse de todos os pa\u00edses construir estruturas resilientes.\u201d\n<\/p>\n<p>Os pa\u00edses signat\u00e1rios da Conven\u00e7\u00e3o-Quadro das Na\u00e7\u00f5es Unidas sobre Mudan\u00e7a do Clima (UNFCCC) precisam enviar relat\u00f3rios peri\u00f3dicos ao secretariado da organiza\u00e7\u00e3o.\n<\/p>\n<p>A Argentina, como parte da UNFCCC e do Acordo de Paris, deve concluir at\u00e9 o final deste ano um relat\u00f3rio bienal de transpar\u00eancia. At\u00e9 fevereiro de 2025, a na\u00e7\u00e3o tamb\u00e9m precisa atualizar sua Contribui\u00e7\u00e3o Nacionalmente Determinada (NDC) para combater a mudan\u00e7a clim\u00e1tica.\n<\/p>\n<p>A 29\u00aa confer\u00eancia tem como objetivo firmar um novo acordo entre cerca de 200 pa\u00edses. A inten\u00e7\u00e3o \u00e9 aumentar os fluxos de financiamento clim\u00e1tico entre na\u00e7\u00f5es desenvolvidas e em desenvolvimento. Atualmente, o montante de ajuda \u00e9 de cerca de 100 bilh\u00f5es de d\u00f3lares. No entanto, pa\u00edses mais pobres e emergentes esperam multiplicar esse valor por dez, mesmo com as negocia\u00e7\u00f5es em Baku consideradas desafiadoras.\n<\/p>\n<p>Fonte: Revista Oeste              <\/p>\n<\/div>\n<p><br \/>\n<br \/><a href=\"https:\/\/diariodobrasilnoticias.com.br\/noticia\/argentina-retira-sua-delegacao-da-cop29-realizada-no-azerbaijao-6736689fb8dbe\">Source link <\/a><\/p>","protected":false},"excerpt":{"rendered":"<p>O governo argentino retirou sua delega\u00e7\u00e3o da 29\u00aa Confer\u00eancia das Na\u00e7\u00f5es Unidas sobre Mudan\u00e7a Clim\u00e1tica (COP 29), realizada em Baku, informou uma fonte oficial \u00e0 AFP, nesta quinta-feira, 14. A&hellip;<\/p>","protected":false},"author":1,"featured_media":59767,"comment_status":"closed","ping_status":"open","sticky":false,"template":"","format":"standard","meta":{"content-type":"","footnotes":""},"categories":[16],"tags":[123,2448,5313,1267],"class_list":["post-59766","post","type-post","status-publish","format-standard","has-post-thumbnail","hentry","category-noticias","tag-brasil","tag-diario","tag-noticia","tag-noticias"],"_links":{"self":[{"href":"https:\/\/tvbrazilusa.com\/pt\/wp-json\/wp\/v2\/posts\/59766","targetHints":{"allow":["GET"]}}],"collection":[{"href":"https:\/\/tvbrazilusa.com\/pt\/wp-json\/wp\/v2\/posts"}],"about":[{"href":"https:\/\/tvbrazilusa.com\/pt\/wp-json\/wp\/v2\/types\/post"}],"author":[{"embeddable":true,"href":"https:\/\/tvbrazilusa.com\/pt\/wp-json\/wp\/v2\/users\/1"}],"replies":[{"embeddable":true,"href":"https:\/\/tvbrazilusa.com\/pt\/wp-json\/wp\/v2\/comments?post=59766"}],"version-history":[{"count":1,"href":"https:\/\/tvbrazilusa.com\/pt\/wp-json\/wp\/v2\/posts\/59766\/revisions"}],"predecessor-version":[{"id":59768,"href":"https:\/\/tvbrazilusa.com\/pt\/wp-json\/wp\/v2\/posts\/59766\/revisions\/59768"}],"wp:featuredmedia":[{"embeddable":true,"href":"https:\/\/tvbrazilusa.com\/pt\/wp-json\/wp\/v2\/media\/59767"}],"wp:attachment":[{"href":"https:\/\/tvbrazilusa.com\/pt\/wp-json\/wp\/v2\/media?parent=59766"}],"wp:term":[{"taxonomy":"category","embeddable":true,"href":"https:\/\/tvbrazilusa.com\/pt\/wp-json\/wp\/v2\/categories?post=59766"},{"taxonomy":"post_tag","embeddable":true,"href":"https:\/\/tvbrazilusa.com\/pt\/wp-json\/wp\/v2\/tags?post=59766"}],"curies":[{"name":"wp","href":"https:\/\/api.w.org\/{rel}","templated":true}]}}