{"id":59769,"date":"2024-11-14T23:36:05","date_gmt":"2024-11-14T23:36:05","guid":{"rendered":"https:\/\/tvbrazilusa.com\/2024\/11\/14\/jaylen-brown-chama-a-energia-estranha-da-nike-apos-enviar-um-tweet-infantil\/"},"modified":"2024-11-14T23:39:27","modified_gmt":"2024-11-14T23:39:27","slug":"jaylen-brown-chama-a-energia-estranha-da-nike-apos-enviar-um-tweet-infantil","status":"publish","type":"post","link":"https:\/\/tvbrazilusa.com\/pt\/2024\/11\/14\/jaylen-brown-chama-a-energia-estranha-da-nike-apos-enviar-um-tweet-infantil\/","title":{"rendered":"Jaylen Brown chama a &#8216;energia estranha&#8217; da Nike ap\u00f3s enviar um tweet &#8216;infantil&#8217;"},"content":{"rendered":"<p> <script async src=\"https:\/\/pagead2.googlesyndication.com\/pagead\/js\/adsbygoogle.js?client=ca-pub-8864793242727901\"\r\n     crossorigin=\"anonymous\"><\/script><br \/>\n<\/p>\n<div id=\"\">\n<header class=\"m-article-header m-article-header--standard\">\n\t\t\t\t\t\t\t\t\t\t\t\t<span id=\"article-header-primary-term\"><br \/>\n\t\t\t\t\t\t\t\t<a class=\"a-term a-term--primary\" href=\"https:\/\/www.boston.com\/tag\/boston-celtics\/\"><\/p>\n<p>\t\t\t\t\t\t\t\tCeltas\t\t\t\t\t\t\t\t<\/a><br \/>\n\t\t\t\t\t\t\t<\/span><\/p>\n<h2 class=\"m-article-header__sub-headline\">O MVP das finais da NBA de 2024 rotulou o atacante do Bucks, Giannis Antetokounmpo, como \u201cinfantil\u201d ap\u00f3s um confronto recente em Milwaukee<\/h2>\n<figure class=\"a-photo m-article-header__photo\"><figcaption class=\"a-photo__caption\">\n<p>\tJaylen Brown respondeu \u00e0 Nike ap\u00f3s seu recente tweet sobre Giannis Antetokounmpo. <em> (Foto AP \/ Morry Gash)<\/em>\t<\/figcaption><\/figure>\n<\/header>\n<p>N\u00e3o demorou muito para Jaylen Brown responder \u00e0 Nike depois que a gigante do esporte <a href=\"https:\/\/www.boston.com\/sports\/boston-celtics\/2024\/11\/14\/nike-tweet-giannis-antetokounmpo-jaylen-brown\/\">aparentemente trollou o swingman<\/a> nas redes sociais quinta-feira. <\/p>\n<p>A Nike deu in\u00edcio ao \u00faltimo cap\u00edtulo em sua rivalidade com Brown logo ap\u00f3s o MVP das finais da NBA de 2024 ter rotulado o atacante do Bucks, Giannis Antetokounmpo.<a target=\"_blank\" href=\"https:\/\/www.boston.com\/sports\/boston-celtics\/2024\/11\/10\/how-giannis-antetokounmpo-responded-to-jaylen-brown-calling-him-a-child\/\" rel=\"noreferrer noopener\"> como \u201cinfantil\u201d ap\u00f3s um confronto recente<\/a> em Milwaukee. Brown ficou irritado depois que Antetokounmpo fingiu um aperto de m\u00e3o antes de afastar o bra\u00e7o de Brown ap\u00f3s uma falta dura. <\/p>\n<p>Depois de Antetokounmpo \u2014 <a target=\"_blank\" href=\"https:\/\/www.si.com\/fannation\/sneakers\/news\/giannis-antetokoumpo-explains-why-signed-nike-over-adidas\" rel=\"noreferrer noopener\">que est\u00e1 sob contrato com a Nike <\/a>\u2013 perdeu 59 pontos contra o Nets na quarta-feira, o Nike Basketball disparou um tweet em apoio \u00e0 estrela do Bucks, enquanto usava algumas escolhas de palavras vis\u00edveis. <\/p>\n<p>\u201cN\u00e3o h\u00e1 nada de infantil neles. 59 para a aberra\u00e7\u00e3o grega\u201d, dizia o tweet.<\/p>\n<figure class=\"wp-block-embed is-type-rich is-provider-twitter wp-block-embed-twitter\">\n<div class=\"wp-block-embed__wrapper\">\n<blockquote class=\"twitter-tweet\" data-width=\"500\" data-dnt=\"true\">\n<p lang=\"en\" dir=\"ltr\">Nada de infantil neles. 59 para a aberra\u00e7\u00e3o grega.<\/p>\n<p>&#8211; Nike Basquete (@nikebasketball) <a href=\"https:\/\/twitter.com\/nikebasketball\/status\/1856927815721259415?ref_src=twsrc%5Etfw\">14 de novembro de 2024<\/a><\/p><\/blockquote>\n<\/div>\n<\/figure>\n<p>Dada a refer\u00eancia clara aos coment\u00e1rios de Brown, a estrela do Celtics respondeu na noite de quinta-feira. <\/p>\n<p>\u201cVoc\u00eas est\u00e3o com uma energia estranha\u201d, postou Brown em resposta.<\/p>\n<figure class=\"wp-block-embed is-type-rich is-provider-twitter wp-block-embed-twitter\"\/>\n<p>Brown nunca foi t\u00edmido quando se trata de expressar suas queixas sobre a Nike ao longo dos anos. Em 2022, <a target=\"_blank\" href=\"https:\/\/x.com\/FCHWPO\/status\/1590809442656088064\" rel=\"noreferrer noopener\">ele questionou publicamente as inten\u00e7\u00f5es \u00e9ticas da empresa<\/a> depois de cortar rela\u00e7\u00f5es com Kyrie Irving. <\/p>\n<p>As coisas ferveram no ver\u00e3o passado, depois que Brown foi preterido em v\u00e1rias ocasi\u00f5es por uma vaga no elenco da equipe dos EUA antes dos Jogos Ol\u00edmpicos de Ver\u00e3o de 2024.<\/p>\n<p>Em v\u00e1rias ocasi\u00f5es, Brown deu a entender que seu relacionamento amargo com a Nike contribuiu para que ele n\u00e3o fosse adicionado \u00e0 escala\u00e7\u00e3o ol\u00edmpica \u2013 <a target=\"_blank\" href=\"https:\/\/www.boston.com\/sports\/morning-sports-update\/2024\/07\/11\/jaylen-brown-team-usa-olympics-grant-hill-comments\/\" rel=\"noreferrer noopener\">uma afirma\u00e7\u00e3o que o diretor de basquete dos EUA, Grant Hill, negou. <\/a><\/p>\n<p>Brown tamb\u00e9m fez outra cr\u00edtica \u00e0 Nike com o lan\u00e7amento de sua m\u00fasica \u201cJust Do It\u201d \u2013 referenciando o famoso slogan da empresa \u2013 <a target=\"_blank\" href=\"https:\/\/www.boston.com\/sports\/boston-celtics\/2024\/08\/23\/jaylen-brown-just-do-it-song-lyrics-explained\/\" rel=\"noreferrer noopener\">durante o ver\u00e3o. <\/a><\/p>\n<p>\u201cEu vou dizer isso\u201d, Brown<a target=\"_blank\" href=\"https:\/\/www.boston.com\/sports\/boston-celtics\/2024\/10\/22\/jaylen-brown-stephen-a-smith-interview-unnamed-source-comments\/\" rel=\"noreferrer noopener\"> disse Stephen A. Smith no m\u00eas passado.<\/a> \u201cEm 2028, se eu tiver que assinar com a Nike para aumentar minha probabilidade de jogar [with] Basquete dos EUA, eu passo.\u201d<\/p>\n<div class=\"o-author-single has-avatar\">\n<header class=\"m-author-card\">\n<div class=\"a-image a-image--square m-author-card__image\">\n\t\t<img decoding=\"async\" class=\"\" src=\"https:\/\/www.boston.com\/wp-content\/uploads\/2023\/05\/Headshot_Conor-645c0406ed6cb-scaled.jpg\" alt=\"Imagem do perfil de Conor Ryan\"\/>\t<\/div>\n<\/header>\n<section class=\"author-info\">\n<hr class=\"m-author__section--hr\"\/>\n<div class=\"m-author__section\">\n<p>Conor Ryan \u00e9 redator da equipe que cobre Bruins, Celtics, Patriots e Red Sox para Boston.com, fun\u00e7\u00e3o que ocupa desde 2023.<\/p>\n<\/div>\n<hr class=\"m-author__section--hr\"\/>\t<\/section>\n<\/div>\n<div class=\"m-block m-generic-cta\t m-generic-cta--post-content\t m-generic-cta--dark\t m-generic-cta--homepage\t m-generic-cta--email-signup\t\t m-generic-cta-block-style--default \tt-amp__generic-cta\"><\/p>\n<div class=\"m-generic-cta__wrap\">\n<div class=\"m-generic-cta__content\">\n<h3 class=\"m-generic-cta__title\">Boston.com hoje<\/h3>\n<p class=\"m-generic-cta__subtitle\">Inscreva-se para receber as \u00faltimas manchetes em sua caixa de entrada todas as manh\u00e3s.<\/p>\n<\/p><\/div>\n<\/p><\/div>\n<\/div><\/div>\n<p><script async src=\"\/\/platform.twitter.com\/widgets.js\" charset=\"utf-8\"><\/script><script>\n\t\tvar consent=\"grant\";\n\t\t\/* The above code is parsing the JSON data from the local storage and storing it in a variable. *\/\n\t\t\t\t\tconst onetrustStorageConsent = JSON.parse(localStorage.getItem( 'consent_one_trust_bdc' ) );\n\t\t\tif ( ( onetrustStorageConsent !== null ) ) {\n\t\t\t\t\/* Checking to see if the user has consented to the use of cookies.\n\t\t\t\t* If they have not, it is deleting the cookie.\n\t\t\t\t* This will comment for now, until further notice.\n\t\t\t\t*\/\n\t\t\t\t\/\/if ( onetrustStorageConsent.C0002 === false ) {\n\t\t\t\t\/\/\tdocument.cookie=\"_fbp=;expires=Thu, 01 Jan 2010 00:00:00 UTC; path=\/; domain=.boston.com\";\n\t\t\t\t\/\/}\n\t\t\t\t\/* Checking if the user has given consent for the cookie C0002.\n\t\t\t\t* If the user has given consent, the variable consent will be set to 'grant'.\n\t\t\t\t* If the user has not given consent,the variable consent will be set to 'revoke'.\n\t\t\t\t* Documentation https:\/\/developers.facebook.com\/docs\/meta-pixel\/implementation\/gdpr\n\t\t\t\t*\/\n\t\t\t\tif ( onetrustStorageConsent.C0002 !== true ) {\n\t\t\t\t\tconsent=\"revoke\";\n\t\t\t\t}\n\t\t\t}\n\t\t\t\t!function(f,b,e,v,n,t,s)\n\t\t{if(f.fbq)return;n=f.fbq=function(){n.callMethod?\n\t\tn.callMethod.apply(n,arguments):n.queue.push(arguments)};\n\t\tif(!f._fbq)f._fbq=n;n.push=n;n.loaded=!0;n.version='2.0';\n\t\tn.queue=[];t=b.createElement(e);t.async=!0;\n\t\tt.src=v;s=b.getElementsByTagName(e)[0];\n\t\ts.parentNode.insertBefore(t,s)}(window, document,'script',\n\t\t'https:\/\/connect.facebook.net\/en_US\/fbevents.js');\n\t\tfbq('consent', consent);\n\t\tfbq('init', '989222871864976');\n\t\tfbq('track', 'PageView');\n\t<\/script><script type=\"module\">\n\t\tvar consent=\"grant\";\n\t\t\/* The above code is parsing the JSON data from the local storage and storing it in a variable. *\/\n\t\t\tconst onetrustStorageConsent = JSON.parse(localStorage.getItem( 'consent_one_trust_bdc' ) );\n\t\t\t\/* Checking to see if the user has consented to the use of cookies.\n\t\t\t* If they have not, it is deleting the cookie.\n\t\t\t* This will comment for now, until further notice.\n\t\t\t*\/\n\t\t\t\/\/if ( onetrustStorageConsent.C0002 === false ) {\n\t\t\t\/\/\tdocument.cookie=\"_fbp=;expires=Thu, 01 Jan 2010 00:00:00 UTC; path=\/; domain=.boston.com\";\n\t\t\t\/\/}\n\t\t\t\/* Checking if the user has given consent for the cookie C0002.\n\t\t\t* If the user has given consent, the variable consent will be set to 'grant'.\n\t\t\t* If the user has not given consent,the variable consent will be set to 'revoke'.\n\t\t\t* Documentation https:\/\/developers.facebook.com\/docs\/meta-pixel\/implementation\/gdpr\n\t\t\t*\/\n\t\t\tif ( ( onetrustStorageConsent !== null ) && (onetrustStorageConsent.C0002 !== true ) ) {\n\t\t\t\tconsent=\"revoke\";\n\t\t\t}\n\t\t\t\t!function(f,b,e,v,n,t,s){if(f.fbq)return;n=f.fbq=function()\n\t\t{n.callMethod? n.callMethod.apply(n,arguments):n.queue.push(arguments)}\n\t\t;if(!f._fbq)f._fbq=n;\n\t\tn.push=n;n.loaded=!0;n.version='2.0';n.queue=[];t=b.createElement(e);t.async=!0;\n\t\tt.src=v;s=b.getElementsByTagName(e)[0];s.parentNode.insertBefore(t,s)}(window,\n\t\tdocument,'script','https:\/\/connect.facebook.net\/en_US\/fbevents.js');\n\t\tfbq('consent', consent);\n\t\tfbq('init', '813236348753005');\n\t\tfbq('track', \"PageView\");\n\t<\/script><br \/>\n<br \/><br \/>\n<br \/><a href=\"https:\/\/www.boston.com\/sports\/boston-celtics\/2024\/11\/14\/jaylen-brown-nike-respond-reacts-twitter-olympics-social-media\/\">Source link <\/a><\/p>","protected":false},"excerpt":{"rendered":"<p>Celtas O MVP das finais da NBA de 2024 rotulou o atacante do Bucks, Giannis Antetokounmpo, como \u201cinfantil\u201d ap\u00f3s um confronto recente em Milwaukee Jaylen Brown respondeu \u00e0 Nike ap\u00f3s&hellip;<\/p>","protected":false},"author":1,"featured_media":59770,"comment_status":"closed","ping_status":"open","sticky":false,"template":"","format":"standard","meta":{"content-type":"","footnotes":""},"categories":[1],"tags":[],"class_list":["post-59769","post","type-post","status-publish","format-standard","has-post-thumbnail","hentry","category-uncategorized"],"_links":{"self":[{"href":"https:\/\/tvbrazilusa.com\/pt\/wp-json\/wp\/v2\/posts\/59769","targetHints":{"allow":["GET"]}}],"collection":[{"href":"https:\/\/tvbrazilusa.com\/pt\/wp-json\/wp\/v2\/posts"}],"about":[{"href":"https:\/\/tvbrazilusa.com\/pt\/wp-json\/wp\/v2\/types\/post"}],"author":[{"embeddable":true,"href":"https:\/\/tvbrazilusa.com\/pt\/wp-json\/wp\/v2\/users\/1"}],"replies":[{"embeddable":true,"href":"https:\/\/tvbrazilusa.com\/pt\/wp-json\/wp\/v2\/comments?post=59769"}],"version-history":[{"count":1,"href":"https:\/\/tvbrazilusa.com\/pt\/wp-json\/wp\/v2\/posts\/59769\/revisions"}],"predecessor-version":[{"id":59771,"href":"https:\/\/tvbrazilusa.com\/pt\/wp-json\/wp\/v2\/posts\/59769\/revisions\/59771"}],"wp:featuredmedia":[{"embeddable":true,"href":"https:\/\/tvbrazilusa.com\/pt\/wp-json\/wp\/v2\/media\/59770"}],"wp:attachment":[{"href":"https:\/\/tvbrazilusa.com\/pt\/wp-json\/wp\/v2\/media?parent=59769"}],"wp:term":[{"taxonomy":"category","embeddable":true,"href":"https:\/\/tvbrazilusa.com\/pt\/wp-json\/wp\/v2\/categories?post=59769"},{"taxonomy":"post_tag","embeddable":true,"href":"https:\/\/tvbrazilusa.com\/pt\/wp-json\/wp\/v2\/tags?post=59769"}],"curies":[{"name":"wp","href":"https:\/\/api.w.org\/{rel}","templated":true}]}}