{"id":59772,"date":"2024-11-14T23:33:13","date_gmt":"2024-11-14T23:33:13","guid":{"rendered":"https:\/\/tvbrazilusa.com\/2024\/11\/14\/nova-forca-tarefa-de-nj-ira-atras-de-ladroes-em-meio-ao-aumento-de-invasoes-de-casas\/"},"modified":"2024-11-14T23:45:04","modified_gmt":"2024-11-14T23:45:04","slug":"nova-forca-tarefa-de-nj-ira-atras-de-ladroes-em-meio-ao-aumento-de-invasoes-de-casas","status":"publish","type":"post","link":"https:\/\/tvbrazilusa.com\/pt\/2024\/11\/14\/nova-forca-tarefa-de-nj-ira-atras-de-ladroes-em-meio-ao-aumento-de-invasoes-de-casas\/","title":{"rendered":"Nova for\u00e7a-tarefa de NJ ir\u00e1 atr\u00e1s de ladr\u00f5es em meio ao aumento de invas\u00f5es de casas"},"content":{"rendered":"<script async src=\"https:\/\/pagead2.googlesyndication.com\/pagead\/js\/adsbygoogle.js?client=ca-pub-8864793242727901\"\r\n     crossorigin=\"anonymous\"><\/script>\n<div>\n<p class=\"article__paragraph article__paragraph--left\" id=\"F4A5OXZPOZDG7DR2FG7C2N3R7M\">O procurador-geral do estado, Matthew J. Platkin, anunciou a cria\u00e7\u00e3o de uma nova for\u00e7a-tarefa contra roubos durante uma mesa redonda com l\u00edderes policiais na quinta-feira. <\/p>\n<p class=\"article__paragraph article__paragraph--left\" id=\"PLYGPDWLCJHEFJBBAHEMTSDOK4\">O an\u00fancio veio poucas semanas depois <a href=\"https:\/\/www.nj.com\/politics\/2024\/10\/nj-toughens-penalties-for-home-invasion-residential-burglary.html\" target=\"_blank\" rel=\"\" title=\"https:\/\/www.nj.com\/politics\/2024\/10\/nj-toughens-penalties-for-home-invasion-residential-burglary.html\">O governador Phil Murphy assinou legisla\u00e7\u00e3o<\/a> elevando os assaltos por invas\u00e3o de domic\u00edlio a um crime de primeiro grau e os assaltos a resid\u00eancias a um crime de segundo grau. <\/p>\n<p class=\"article__paragraph article__paragraph--left\" id=\"O6ZWYDEJSNAP3EHYFTLLALX5DM\">As invas\u00f5es de casas e os assaltos a resid\u00eancias t\u00eam aumentado em todo o estado, com muitos casos envolvendo suspeitos invadindo casas no meio da noite para roubar chaves de carros, disseram as autoridades. <\/p>\n<p class=\"article__paragraph article__paragraph--left\" id=\"DDKF2EVQP5AFLN22EIRU27XPP4\">\u201cOs assaltos e as invas\u00f5es de domic\u00edlios representam uma amea\u00e7a significativa \u00e0 seguran\u00e7a p\u00fablica e muitas vezes levam n\u00e3o apenas a danos f\u00edsicos e ao roubo de bens, mas tamb\u00e9m ao roubo da sensa\u00e7\u00e3o de seguran\u00e7a, bem-estar e paz, algo a que todos t\u00eam direito no seu pr\u00f3pria casa\u201d, disse Platkin. \u201cAtrav\u00e9s de estreita coopera\u00e7\u00e3o e coordena\u00e7\u00e3o com os nossos l\u00edderes respons\u00e1veis \u200b\u200bpela aplica\u00e7\u00e3o da lei, e atrav\u00e9s da nossa nova For\u00e7a-Tarefa Estadual contra Roubos, seremos capazes de ajudar a aliviar as preocupa\u00e7\u00f5es dos nossos residentes.\u201d<\/p>\n<p class=\"article__paragraph article__paragraph--left\" id=\"M6MMJMDRDJHQNC4XVZJWSICTUE\">A for\u00e7a-tarefa trabalhar\u00e1 para analisar tend\u00eancias relacionadas aos crimes e facilitar\u00e1 o trabalho conjunto dos departamentos na identifica\u00e7\u00e3o de suspeitos, disseram autoridades estaduais. <\/p>\n<p class=\"article__paragraph article__paragraph--left\" id=\"QAGVHIHQJVBTPNGMKBJH4B7D4A\">Os convidados da mesa redonda inclu\u00edram Peter Andreyev, presidente da Associa\u00e7\u00e3o Benevolente dos Policiais de Nova Jersey, e John Russo, presidente da Associa\u00e7\u00e3o de Chefes de Pol\u00edcia do Estado de Nova Jersey. <\/p>\n<p class=\"article__paragraph article__paragraph--left\" id=\"OQIW3MDQNNCELFMFVMU4NUZ24A\">\u201cComo oficiais, \u00e9 nosso dever manter os residentes de Nova Jersey seguros. A melhor maneira de conseguir isso \u00e9 atrav\u00e9s da colabora\u00e7\u00e3o e do compartilhamento de informa\u00e7\u00f5es entre as ag\u00eancias\u201d, disse Andreyev. \u201cAtrav\u00e9s destes esfor\u00e7os, seremos capazes de utilizar melhor as novas ferramentas fornecidas \u00e0 aplica\u00e7\u00e3o da lei atrav\u00e9s desta nova lei.\u201d<\/p>\n<section class=\"Stories-By-Author-module_wrapper__ezbcK Stories-By-Author-module_nj__Ap1-Y\"\/>\n<p class=\"article__paragraph article__paragraph--left\" id=\"43O7RI5NXJH5VOLO74CR5CZ2Y4\"><i>Nosso jornalismo precisa do seu apoio. Por favor, inscreva-se hoje para <\/i><a href=\"https:\/\/www.nj.com\/\"><i>NJ.com<\/i><\/a><i>.<\/i><\/p>\n<p class=\"article__paragraph article__paragraph--left\" id=\"XM2W4UIJEND7NJM22YN5ZSLNC4\"><i>Nicolas Fernandes pode ser contactado em <\/i><a href=\"https:\/\/www.nj.com\/news\/2024\/11\/mailto:nfernandes@njadvancemedia.com\"><i>nfernandes@njadvancemedia.com<\/i><\/a><i>.<\/i><\/p>\n<\/div>\n<p><br \/>\n<br \/><a href=\"https:\/\/www.nj.com\/news\/2024\/11\/new-nj-task-force-will-go-after-burglars-amid-rise-in-home-invasions.html\">Source link <\/a><\/p>","protected":false},"excerpt":{"rendered":"<p>O procurador-geral do estado, Matthew J. Platkin, anunciou a cria\u00e7\u00e3o de uma nova for\u00e7a-tarefa contra roubos durante uma mesa redonda com l\u00edderes policiais na quinta-feira. O an\u00fancio veio poucas semanas&hellip;<\/p>","protected":false},"author":1,"featured_media":59773,"comment_status":"closed","ping_status":"open","sticky":false,"template":"","format":"standard","meta":{"content-type":"","footnotes":""},"categories":[1],"tags":[],"class_list":["post-59772","post","type-post","status-publish","format-standard","has-post-thumbnail","hentry","category-uncategorized"],"_links":{"self":[{"href":"https:\/\/tvbrazilusa.com\/pt\/wp-json\/wp\/v2\/posts\/59772","targetHints":{"allow":["GET"]}}],"collection":[{"href":"https:\/\/tvbrazilusa.com\/pt\/wp-json\/wp\/v2\/posts"}],"about":[{"href":"https:\/\/tvbrazilusa.com\/pt\/wp-json\/wp\/v2\/types\/post"}],"author":[{"embeddable":true,"href":"https:\/\/tvbrazilusa.com\/pt\/wp-json\/wp\/v2\/users\/1"}],"replies":[{"embeddable":true,"href":"https:\/\/tvbrazilusa.com\/pt\/wp-json\/wp\/v2\/comments?post=59772"}],"version-history":[{"count":1,"href":"https:\/\/tvbrazilusa.com\/pt\/wp-json\/wp\/v2\/posts\/59772\/revisions"}],"predecessor-version":[{"id":59774,"href":"https:\/\/tvbrazilusa.com\/pt\/wp-json\/wp\/v2\/posts\/59772\/revisions\/59774"}],"wp:featuredmedia":[{"embeddable":true,"href":"https:\/\/tvbrazilusa.com\/pt\/wp-json\/wp\/v2\/media\/59773"}],"wp:attachment":[{"href":"https:\/\/tvbrazilusa.com\/pt\/wp-json\/wp\/v2\/media?parent=59772"}],"wp:term":[{"taxonomy":"category","embeddable":true,"href":"https:\/\/tvbrazilusa.com\/pt\/wp-json\/wp\/v2\/categories?post=59772"},{"taxonomy":"post_tag","embeddable":true,"href":"https:\/\/tvbrazilusa.com\/pt\/wp-json\/wp\/v2\/tags?post=59772"}],"curies":[{"name":"wp","href":"https:\/\/api.w.org\/{rel}","templated":true}]}}