{"id":59775,"date":"2024-11-14T23:49:19","date_gmt":"2024-11-14T23:49:19","guid":{"rendered":"https:\/\/tvbrazilusa.com\/2024\/11\/14\/pf-investiga-explosao-em-brasilia-como-ato-de-terrorismo\/"},"modified":"2024-11-14T23:49:20","modified_gmt":"2024-11-14T23:49:20","slug":"pf-investiga-explosao-em-brasilia-como-ato-de-terrorismo","status":"publish","type":"post","link":"https:\/\/tvbrazilusa.com\/pt\/2024\/11\/14\/pf-investiga-explosao-em-brasilia-como-ato-de-terrorismo\/","title":{"rendered":"PF investiga explos\u00e3o em Bras\u00edlia como ato de terrorismo"},"content":{"rendered":"<p> <script async src=\"https:\/\/pagead2.googlesyndication.com\/pagead\/js\/adsbygoogle.js?client=ca-pub-8864793242727901\"\r\n     crossorigin=\"anonymous\"><\/script><br \/>\n<\/p>\n<div id=\"taboola-read-more\" style=\"display:block; width:100%\">\n<p>Nesta quinta-feira (14), o diretor-geral da Pol\u00edcia Federal do Brasil, Andrei Rodrigues, associou a explos\u00e3o em frente ao Supremo Tribunal Federal (STF), em Bras\u00edlia (DF), que terminou com o suic\u00eddio do agressor, a \u201cgrupos extremistas ativos\u201d.\n<\/p>\n<p>Rodrigues tamb\u00e9m disse, em entrevista coletiva, que est\u00e1 trabalhando com a hip\u00f3tese de que foi uma a\u00e7\u00e3o \u201cterrorista\u201d que aparentemente buscava atacar os ju\u00edzes do Supremo com o objetivo final de \u201cabolir violentamente o estado democr\u00e1tico de direito\u201d.<\/p>\n<p>Segundo ele, trata-se de um ataque \u201cpremeditado\u201d e possivelmente \u201cplanejado\u201d por meses.\n<\/p>\n<p>O diretor destacou que \u201cn\u00e3o se trata de um fato isolado e pode estar ligado a outras investiga\u00e7\u00f5es em andamento\u201d, incluindo a invas\u00e3o da sede dos tr\u00eas poderes do governo, incluindo o STF, em 8 de janeiro de 2023.\n<\/p>\n<p>O agressor foi identificado como Francisco Wanderley Luiz, conhecido como Tiu Fran\u00e7a, militante e ex-candidato a vereador. Ele tinha 59 anos, era serralheiro de profiss\u00e3o, natural de Santa Catarina.\n<\/p>\n<p>Os fatos ocorreram na noite de quarta-feira (13), quando o homem tentou entrar no STF e, n\u00e3o conseguindo, decidiu detonar explosivos em frente \u00e0 sede do \u00f3rg\u00e3o, at\u00e9 que, em determinado momento, tirou a pr\u00f3pria vida.\n<\/p>\n<p>O agressor estava usando um cinto com mais explosivos, que s\u00f3 foram desativados durante a madrugada, e \u201cum extintor de inc\u00eandio carregado com gasolina que simulava um lan\u00e7a-chamas\u201d.\n<\/p>\n<p>Mais cedo, pr\u00f3ximo a esse ponto, ele acionou remotamente um conjunto de fogos de artif\u00edcio que deixou em um ve\u00edculo no estacionamento de um pr\u00e9dio anexo \u00e0 C\u00e2mara dos Deputados.\n<\/p>\n<p>Bombas caseiras tamb\u00e9m foram encontradas no im\u00f3vel que ele havia alugado em Ceil\u00e2ndia, nos arredores do Distrito Federal.\n<\/p>\n<p>Pelo menos uma delas estava escondida em uma gaveta e explodiu quando um rob\u00f4 da pol\u00edcia inspecionava a casa, mas nenhum policial ficou ferido.\n<\/p>\n<p>De acordo com Rodrigues, havia mensagens escritas nas paredes e espelhos da casa fazendo alus\u00e3o ao epis\u00f3dio de 8 de janeiro de 2023.\n<\/p>\n<p>Francisco estava em Bras\u00edlia naqueles dias, embora ainda n\u00e3o se saiba se ele participou dos atos, no ano passado.\n<\/p>\n<p>Rodrigues falou ainda que \u201cisso n\u00e3o foi uma coisa pensada de um dia para o outro\u201d. De acordo com ele, \u201ch\u00e1 dispositivos com detonadores, um lan\u00e7a-chamas, houve toda uma prepara\u00e7\u00e3o que aponta para uma liga\u00e7\u00e3o com grupos extremistas\u201d que espalham suas mensagens nas redes sociais.\n<\/p>\n<p>Fonte: Pleno News              <\/p>\n<\/div>\n<p><br \/>\n<br \/><a href=\"https:\/\/diariodobrasilnoticias.com.br\/noticia\/pf-investiga-explosao-em-brasilia-como-ato-de-terrorismo-673669f771ec3\">Source link <\/a><\/p>","protected":false},"excerpt":{"rendered":"<p>Nesta quinta-feira (14), o diretor-geral da Pol\u00edcia Federal do Brasil, Andrei Rodrigues, associou a explos\u00e3o em frente ao Supremo Tribunal Federal (STF), em Bras\u00edlia (DF), que terminou com o suic\u00eddio&hellip;<\/p>","protected":false},"author":1,"featured_media":59776,"comment_status":"closed","ping_status":"open","sticky":false,"template":"","format":"standard","meta":{"content-type":"","footnotes":""},"categories":[16],"tags":[123,2448,5313,1267],"class_list":["post-59775","post","type-post","status-publish","format-standard","has-post-thumbnail","hentry","category-noticias","tag-brasil","tag-diario","tag-noticia","tag-noticias"],"_links":{"self":[{"href":"https:\/\/tvbrazilusa.com\/pt\/wp-json\/wp\/v2\/posts\/59775","targetHints":{"allow":["GET"]}}],"collection":[{"href":"https:\/\/tvbrazilusa.com\/pt\/wp-json\/wp\/v2\/posts"}],"about":[{"href":"https:\/\/tvbrazilusa.com\/pt\/wp-json\/wp\/v2\/types\/post"}],"author":[{"embeddable":true,"href":"https:\/\/tvbrazilusa.com\/pt\/wp-json\/wp\/v2\/users\/1"}],"replies":[{"embeddable":true,"href":"https:\/\/tvbrazilusa.com\/pt\/wp-json\/wp\/v2\/comments?post=59775"}],"version-history":[{"count":1,"href":"https:\/\/tvbrazilusa.com\/pt\/wp-json\/wp\/v2\/posts\/59775\/revisions"}],"predecessor-version":[{"id":59777,"href":"https:\/\/tvbrazilusa.com\/pt\/wp-json\/wp\/v2\/posts\/59775\/revisions\/59777"}],"wp:featuredmedia":[{"embeddable":true,"href":"https:\/\/tvbrazilusa.com\/pt\/wp-json\/wp\/v2\/media\/59776"}],"wp:attachment":[{"href":"https:\/\/tvbrazilusa.com\/pt\/wp-json\/wp\/v2\/media?parent=59775"}],"wp:term":[{"taxonomy":"category","embeddable":true,"href":"https:\/\/tvbrazilusa.com\/pt\/wp-json\/wp\/v2\/categories?post=59775"},{"taxonomy":"post_tag","embeddable":true,"href":"https:\/\/tvbrazilusa.com\/pt\/wp-json\/wp\/v2\/tags?post=59775"}],"curies":[{"name":"wp","href":"https:\/\/api.w.org\/{rel}","templated":true}]}}