{"id":59778,"date":"2024-11-15T00:01:11","date_gmt":"2024-11-15T00:01:11","guid":{"rendered":"https:\/\/tvbrazilusa.com\/2024\/11\/15\/embaixador-da-venezuela-retorna-a-brasilia-apos-lula-afirmar-que-maduro-nao-e-problema-do-brasil\/"},"modified":"2024-11-15T00:01:12","modified_gmt":"2024-11-15T00:01:12","slug":"embaixador-da-venezuela-retorna-a-brasilia-apos-lula-afirmar-que-maduro-nao-e-problema-do-brasil","status":"publish","type":"post","link":"https:\/\/tvbrazilusa.com\/pt\/2024\/11\/15\/embaixador-da-venezuela-retorna-a-brasilia-apos-lula-afirmar-que-maduro-nao-e-problema-do-brasil\/","title":{"rendered":"Embaixador da Venezuela retorna a Bras\u00edlia ap\u00f3s Lula afirmar que Maduro &#8216;n\u00e3o \u00e9 problema do Brasil&#8217;"},"content":{"rendered":"<p> <script async src=\"https:\/\/pagead2.googlesyndication.com\/pagead\/js\/adsbygoogle.js?client=ca-pub-8864793242727901\"\r\n     crossorigin=\"anonymous\"><\/script><br \/>\n<\/p>\n<div id=\"taboola-read-more\" style=\"display:block; width:100%\">\n<p>Com uma curta mensagem no X, a ditadura da Venezuela anunciou na noite de quarta-feira (13) que seu embaixador no Brasil, Manuel Vadell, retornar\u00e1 a Bras\u00edlia, duas semanas depois dele ter sido convocado a Caracas pelo regime de Nicol\u00e1s Maduro, um ato de protesto no mundo da diplomacia.\n<\/p>\n<p>\u201cBoas not\u00edcias! O embaixador da Venezuela no Brasil, Manuel Vadell, retorna a Bras\u00edlia com passaportes de venezuelanos que conclu\u00edram seu processamento entre 24 de agosto e 1\u00ba de novembro de 2024 na Embaixada da Venezuela no Brasil\u201d, informou a pr\u00f3pria representa\u00e7\u00e3o diplom\u00e1tica na sua conta no X.<\/p>\n<p>A postagem foi acompanhada por um v\u00eddeo de Vadell, com instru\u00e7\u00f5es sobre a retirada do documento.\n<\/p>\n<p>No dia 30 de outubro, a ditadura da Venezuela anunciou a convoca\u00e7\u00e3o do encarregado de neg\u00f3cios do Brasil no pa\u00eds caribenho e chamou Vadell a Caracas para consultas, com o objetivo de manifestar \u201crep\u00fadio\u201d.\n<\/p>\n<p>Na nota em que anunciou a decis\u00e3o, o Minist\u00e9rio das Rela\u00e7\u00f5es Exteriores da Venezuela acusou o assessor especial do Brasil na \u00e1rea de rela\u00e7\u00f5es exteriores, Celso Amorim, de interfer\u00eancia em assuntos internos do pa\u00eds.\n<\/p>\n<p>Dias antes, Maduro havia acusado o Itamaraty de estar ligado ao Departamento de Estado americano e disse que o minist\u00e9rio brasileiro \u201csempre conspirou contra a Venezuela\u201d.\n<\/p>\n<p>A desaven\u00e7a entre os dois pa\u00edses come\u00e7ou ap\u00f3s o veto do Brasil \u00e0 entrada venezuelana como pa\u00eds-parceiro nos Brics, na c\u00fapula do bloco realizada na R\u00fassia em outubro.\n<\/p>\n<p>O Brasil cobra a divulga\u00e7\u00e3o das atas de vota\u00e7\u00e3o da elei\u00e7\u00e3o presidencial de 28 de julho, que o chavismo fraudou para manter Maduro no poder.\n<\/p>\n<p>Em 31 de outubro, a Pol\u00edcia Nacional Bolivariana (PNB) postou no Instagram uma mensagem que mostrava o presidente Luiz In\u00e1cio Lula da Silva com o rosto escurecido e a bandeira do Brasil ao fundo, com a mensagem \u201cQuem se mete com a Venezuela se d\u00e1 mal\u201d.\n<\/p>\n<p>Ap\u00f3s o Itamaraty divulgar nota no dia seguinte, condenando o \u201ctom ofensivo\u201d e os \u201cataques pessoais e escaladas ret\u00f3ricas\u201d da Venezuela, a postagem da PNB foi apagada.\n<\/p>\n<p>Por fim, em 2 de novembro, a ditadura da Venezuela divulgou nota na qual acusou novamente o Brasil de se intrometer em assuntos do pa\u00eds e apontou que Bras\u00edlia tenta se \u201cpassar por v\u00edtimas numa situa\u00e7\u00e3o em que claramente agiram como vitimizadores\u201d.\n<\/p>\n<p>A volta do embaixador e a diminui\u00e7\u00e3o da temperatura na crise diplom\u00e1tica ocorrem depois de Lula ter dito no in\u00edcio desta semana numa entrevista que \u201cMaduro \u00e9 um problema da Venezuela, n\u00e3o um problema do Brasil\u201d, minimizando as recentes trocas de farpas entre Bras\u00edlia e Caracas.\n<\/p>\n<p>Fonte: Gazeta do Povo              <\/p>\n<\/div>\n<p><br \/>\n<br \/><a href=\"https:\/\/diariodobrasilnoticias.com.br\/noticia\/embaixador-da-venezuela-retorna-a-brasilia-apos-lula-afirmar-que-maduro-nao-e-problema-do-brasil-6736696ec7997\">Source link <\/a><\/p>","protected":false},"excerpt":{"rendered":"<p>Com uma curta mensagem no X, a ditadura da Venezuela anunciou na noite de quarta-feira (13) que seu embaixador no Brasil, Manuel Vadell, retornar\u00e1 a Bras\u00edlia, duas semanas depois dele&hellip;<\/p>","protected":false},"author":1,"featured_media":59779,"comment_status":"closed","ping_status":"open","sticky":false,"template":"","format":"standard","meta":{"content-type":"","footnotes":""},"categories":[16],"tags":[123,2448,5313,1267],"class_list":["post-59778","post","type-post","status-publish","format-standard","has-post-thumbnail","hentry","category-noticias","tag-brasil","tag-diario","tag-noticia","tag-noticias"],"_links":{"self":[{"href":"https:\/\/tvbrazilusa.com\/pt\/wp-json\/wp\/v2\/posts\/59778","targetHints":{"allow":["GET"]}}],"collection":[{"href":"https:\/\/tvbrazilusa.com\/pt\/wp-json\/wp\/v2\/posts"}],"about":[{"href":"https:\/\/tvbrazilusa.com\/pt\/wp-json\/wp\/v2\/types\/post"}],"author":[{"embeddable":true,"href":"https:\/\/tvbrazilusa.com\/pt\/wp-json\/wp\/v2\/users\/1"}],"replies":[{"embeddable":true,"href":"https:\/\/tvbrazilusa.com\/pt\/wp-json\/wp\/v2\/comments?post=59778"}],"version-history":[{"count":1,"href":"https:\/\/tvbrazilusa.com\/pt\/wp-json\/wp\/v2\/posts\/59778\/revisions"}],"predecessor-version":[{"id":59780,"href":"https:\/\/tvbrazilusa.com\/pt\/wp-json\/wp\/v2\/posts\/59778\/revisions\/59780"}],"wp:featuredmedia":[{"embeddable":true,"href":"https:\/\/tvbrazilusa.com\/pt\/wp-json\/wp\/v2\/media\/59779"}],"wp:attachment":[{"href":"https:\/\/tvbrazilusa.com\/pt\/wp-json\/wp\/v2\/media?parent=59778"}],"wp:term":[{"taxonomy":"category","embeddable":true,"href":"https:\/\/tvbrazilusa.com\/pt\/wp-json\/wp\/v2\/categories?post=59778"},{"taxonomy":"post_tag","embeddable":true,"href":"https:\/\/tvbrazilusa.com\/pt\/wp-json\/wp\/v2\/tags?post=59778"}],"curies":[{"name":"wp","href":"https:\/\/api.w.org\/{rel}","templated":true}]}}