{"id":59787,"date":"2024-11-15T00:13:11","date_gmt":"2024-11-15T00:13:11","guid":{"rendered":"https:\/\/tvbrazilusa.com\/2024\/11\/15\/lider-da-oposicao-critica-moraes-e-reafirma-articulacao-pela-anistia-dos-eventos-de-8-de-janeiro\/"},"modified":"2024-11-15T00:13:12","modified_gmt":"2024-11-15T00:13:12","slug":"lider-da-oposicao-critica-moraes-e-reafirma-articulacao-pela-anistia-dos-eventos-de-8-de-janeiro","status":"publish","type":"post","link":"https:\/\/tvbrazilusa.com\/pt\/2024\/11\/15\/lider-da-oposicao-critica-moraes-e-reafirma-articulacao-pela-anistia-dos-eventos-de-8-de-janeiro\/","title":{"rendered":"L\u00edder da oposi\u00e7\u00e3o critica Moraes e reafirma articula\u00e7\u00e3o pela anistia dos eventos de 8 de janeiro"},"content":{"rendered":"<p> <script async src=\"https:\/\/pagead2.googlesyndication.com\/pagead\/js\/adsbygoogle.js?client=ca-pub-8864793242727901\"\r\n     crossorigin=\"anonymous\"><\/script><br \/>\n<\/p>\n<div id=\"taboola-read-more\" style=\"display:block; width:100%\">\n<p>O l\u00edder da oposi\u00e7\u00e3o no Senado, Rog\u00e9rio Marinho (PL-RN), criticou, nesta quinta-feira (14), o ministro do STF (Supremo Tribunal Federal) Alexandre de Moraes e reafirmou articula\u00e7\u00e3o para a concess\u00e3o de anistia aos envolvidos nos atos golpistas de 8 de janeiro de 2023.\n<\/p>\n<p>Moraes afirmou na manh\u00e3 desta quinta-feira (14), ap\u00f3s um homem se explodir diante da corte, que o atentado n\u00e3o foi um ato isolado e come\u00e7ou com o chamado &#8220;gabinete do \u00f3dio&#8221; na gest\u00e3o bolsonarista.<\/p>\n<p>&#8220;Fico triste ao ver o ministro, j\u00e1 pela manh\u00e3, declarar que esse caso lament\u00e1vel seja fruto de gabinete do \u00f3dio&#8221;, disse Marinho, que \u00e9 secret\u00e1rio-geral do partido do ex-presidente Jair Bolsonaro. &#8220;O ministro toma uma decis\u00e3o antes de se debru\u00e7ar sobre o caso. Pergunto onde est\u00e1 a sua imparcialidade&#8221;, afirmou.\n<\/p>\n<p>Ao lembrar que o inqu\u00e9rito das fake news foi instaurado h\u00e1 quase seis anos, Marinho defendeu que os processos sejam conclu\u00eddos para que o debate pol\u00edtico volte para o Congresso em um esfor\u00e7o de pacifica\u00e7\u00e3o nacional.\n<\/p>\n<p>Segundo ele, uma parcela expressiva da popula\u00e7\u00e3o se sente perseguida pela Justi\u00e7a. &#8220;Mais do que nunca se est\u00e1 na hora de pacificar o pa\u00eds, de se distensionar o processo. E a solu\u00e7\u00e3o pol\u00edtica est\u00e1 dentro do Congresso Nacional, com a anistia&#8221;, disse ele.\n<\/p>\n<p>Marinho disse ser lastim\u00e1vel que Moraes fa\u00e7a ila\u00e7\u00f5es sobre o caso que ficar\u00e1 sob sua responsabilidade. O senador disse que Ad\u00e9lio Bispo, autor da facada contra Bolsonaro na elei\u00e7\u00e3o de 2018, foi tratado como um lobo solit\u00e1rio, mas Francisco Wanderley Luiz, um suicida, foi classificado de bolsonarista, &#8220;n\u00e3o havendo sequer o benef\u00edcio da d\u00favida&#8221;.\n<\/p>\n<p>Francisco Wanderley Luiz era filiado ao PL, Adelio foi filiado ao PSOL antes do ataque, mas estava fora da legenda na ocasi\u00e3o. Mesmo assim, bolsonaristas insistem desde ent\u00e3o na liga\u00e7\u00e3o pol\u00edtica dele.\n<\/p>\n<p>J\u00e1 Marinho descarou essa rela\u00e7\u00e3o em rela\u00e7\u00e3o ao atentado diante do STF. &#8220;O que aconteceu ontem foi lament\u00e1vel. Todos os solid\u00e1rios com quem poderia ter sido atingido por esse epis\u00f3dio, cuja grande v\u00edtima foi o pr\u00f3prio autor&#8221;, disse.\n<\/p>\n<p>Na manh\u00e3 desta quinta-feira, Moraes afirmou n\u00e3o acreditar na pacifica\u00e7\u00e3o do pa\u00eds sem que haja puni\u00e7\u00e3o a criminosos, opondo-se \u00e0 mobiliza\u00e7\u00e3o de bolsonaristas pela anistia a golpistas que participaram do 8 de janeiro de 2023.\n<\/p>\n<p>&#8220;N\u00e3o podemos ignorar o que ocorreu ontem. O que aconteceu ontem n\u00e3o \u00e9 um fato isolado do contexto. (&#8230;) mas o contexto se iniciou l\u00e1 atr\u00e1s, quando o &#8216;gabinete do \u00f3dio&#8217; come\u00e7ou a destilar discurso de \u00f3dio contra as institui\u00e7\u00f5es, contra o STF, principalmente contra a autonomia do Judici\u00e1rio&#8221;, disse Moraes.\n<\/p>\n<p>Segundo o ministro, isso foi se avolumando sob o falso manto de criminosas utiliza\u00e7\u00f5es da liberdade de express\u00e3o. &#8220;Ofender, amea\u00e7ar, coagir, em nenhum lugar do mundo isso \u00e9 liberdade de express\u00e3o. Isso \u00e9 crime. E isso foi se avolumando e resultou no 8 de janeiro&#8221;, disse.\n<\/p>\n<p>O &#8220;gabinete do \u00f3dio&#8221; citado por Moraes \u00e9 o nome dado ao n\u00facleo de auxiliares pr\u00f3ximos de Bolsonaro que, segundo as investiga\u00e7\u00f5es da Pol\u00edcia Federal, teria o objetivo de disseminar not\u00edcias falsas e ataques a advers\u00e1rios durante o governo passado.\n<\/p>\n<p>Em sua manifesta\u00e7\u00e3o na manh\u00e3 desta quinta, Moraes se manifestou contra a anistia ao 8 de janeiro, que \u00e9 objeto de um projeto em tramita\u00e7\u00e3o na C\u00e2mara dos Deputados, com apoio de Bolsonaro.\n<\/p>\n<p>&#8220;S\u00f3 \u00e9 poss\u00edvel essa necess\u00e1ria pacifica\u00e7\u00e3o do pa\u00eds com a responsabiliza\u00e7\u00e3o de todos os criminosos. N\u00e3o existe possibilidade de pacifica\u00e7\u00e3o com anistia a criminosos. (&#8230;) A impunidade vai gerar mais agressividade, como gerou ontem, porque as pessoas acham que podem vir a Bras\u00edlia, entrar no STF para explodir o STF&#8221;, disse Moraes.\n<\/p>\n<p>Em sess\u00e3o do TSE (Tribunal Superior Eleitoral) nesta quinta-feira, a ministra C\u00e1rmen L\u00facia disse que &#8220;o Brasil foi dormir preocupado com os acontecimentos&#8221;.\n<\/p>\n<p>Em pronunciamento no in\u00edcio da sess\u00e3o da corte eleitoral, a ministra afirmou que o Judici\u00e1rio deve continuar exercendo suas fun\u00e7\u00f5es para que &#8220;brasileiros e brasileiras continuem a dormir sem preocupa\u00e7\u00f5es&#8221; com &#8220;algum v\u00edrus que adoe\u00e7a pessoas ou institui\u00e7\u00f5es&#8221; e comprometa e contamine a sa\u00fade democr\u00e1tica.\n<\/p>\n<p>A investiga\u00e7\u00e3o do caso est\u00e1 no STF. Internamente, ministros avaliam que a relatoria caber\u00e1 a Moraes, j\u00e1 que ele comanda os epis\u00f3dios relativos aos ataques golpistas de 8 de janeiro de 2023.\n<\/p>\n<p>O presidente da corte, Lu\u00eds Roberto Barroso, admitiu a possibilidade de Moraes assumir a investiga\u00e7\u00e3o sobre as explos\u00f5es, caso haja conex\u00e3o com ataques do 8 de janeiro de 2023.\n<\/p>\n<p>&#8220;Vou receber o inqu\u00e9rito. Se houver conex\u00e3o com algum inqu\u00e9rito em curso, ser\u00e1 distribu\u00eddo por preven\u00e7\u00e3o&#8221;, afirmou ao ser questionado sobre a possibilidade de o inqu\u00e9rito ser anexado.\n<\/p>\n<p>Fonte: Folha de S.Paulo              <\/p>\n<\/div>\n<p><br \/>\n<br \/><a href=\"https:\/\/diariodobrasilnoticias.com.br\/noticia\/lider-da-oposicao-critica-moraes-e-reafirma-articulacao-pela-anistia-dos-eventos-de-8-de-janeiro-6736747a7898f\">Source link <\/a><\/p>","protected":false},"excerpt":{"rendered":"<p>O l\u00edder da oposi\u00e7\u00e3o no Senado, Rog\u00e9rio Marinho (PL-RN), criticou, nesta quinta-feira (14), o ministro do STF (Supremo Tribunal Federal) Alexandre de Moraes e reafirmou articula\u00e7\u00e3o para a concess\u00e3o de&hellip;<\/p>","protected":false},"author":1,"featured_media":59788,"comment_status":"closed","ping_status":"open","sticky":false,"template":"","format":"standard","meta":{"content-type":"","footnotes":""},"categories":[16],"tags":[123,2448,5313,1267],"class_list":["post-59787","post","type-post","status-publish","format-standard","has-post-thumbnail","hentry","category-noticias","tag-brasil","tag-diario","tag-noticia","tag-noticias"],"_links":{"self":[{"href":"https:\/\/tvbrazilusa.com\/pt\/wp-json\/wp\/v2\/posts\/59787","targetHints":{"allow":["GET"]}}],"collection":[{"href":"https:\/\/tvbrazilusa.com\/pt\/wp-json\/wp\/v2\/posts"}],"about":[{"href":"https:\/\/tvbrazilusa.com\/pt\/wp-json\/wp\/v2\/types\/post"}],"author":[{"embeddable":true,"href":"https:\/\/tvbrazilusa.com\/pt\/wp-json\/wp\/v2\/users\/1"}],"replies":[{"embeddable":true,"href":"https:\/\/tvbrazilusa.com\/pt\/wp-json\/wp\/v2\/comments?post=59787"}],"version-history":[{"count":1,"href":"https:\/\/tvbrazilusa.com\/pt\/wp-json\/wp\/v2\/posts\/59787\/revisions"}],"predecessor-version":[{"id":59789,"href":"https:\/\/tvbrazilusa.com\/pt\/wp-json\/wp\/v2\/posts\/59787\/revisions\/59789"}],"wp:featuredmedia":[{"embeddable":true,"href":"https:\/\/tvbrazilusa.com\/pt\/wp-json\/wp\/v2\/media\/59788"}],"wp:attachment":[{"href":"https:\/\/tvbrazilusa.com\/pt\/wp-json\/wp\/v2\/media?parent=59787"}],"wp:term":[{"taxonomy":"category","embeddable":true,"href":"https:\/\/tvbrazilusa.com\/pt\/wp-json\/wp\/v2\/categories?post=59787"},{"taxonomy":"post_tag","embeddable":true,"href":"https:\/\/tvbrazilusa.com\/pt\/wp-json\/wp\/v2\/tags?post=59787"}],"curies":[{"name":"wp","href":"https:\/\/api.w.org\/{rel}","templated":true}]}}