{"id":59793,"date":"2024-11-15T00:38:56","date_gmt":"2024-11-15T00:38:56","guid":{"rendered":"https:\/\/tvbrazilusa.com\/2024\/11\/15\/venezuela-expressa-solidariedade-a-lula-apos-atentado-terrorista\/"},"modified":"2024-11-15T00:38:58","modified_gmt":"2024-11-15T00:38:58","slug":"venezuela-expressa-solidariedade-a-lula-apos-atentado-terrorista","status":"publish","type":"post","link":"https:\/\/tvbrazilusa.com\/pt\/2024\/11\/15\/venezuela-expressa-solidariedade-a-lula-apos-atentado-terrorista\/","title":{"rendered":"Venezuela expressa solidariedade a Lula ap\u00f3s atentado terrorista"},"content":{"rendered":"<p> <script async src=\"https:\/\/pagead2.googlesyndication.com\/pagead\/js\/adsbygoogle.js?client=ca-pub-8864793242727901\"\r\n     crossorigin=\"anonymous\"><\/script><br \/>\n<\/p>\n<div id=\"taboola-read-more\" style=\"display:block; width:100%\">\n<p>O governo da Venezuela, liderado por Nicol\u00e1s Maduro, condenou o ato terrorista na Pra\u00e7a dos Tr\u00eas poderes, que sacudiu Bras\u00edlia na noite de quarta-feira (13\/11). Al\u00e9m disso, o regime chavista manifestou solidariedade ao presidente Luiz In\u00e1cio Lula da Silva (PT), apesar dos recentes desentendimentos entre os dois pa\u00edses.\n<\/p>\n<p><strong>\u201cA Rep\u00fablica Bolivariana da Venezuela expressa sua en\u00e9rgica condena\u00e7\u00e3o contra os recentes atentados do dia 13 de novembro de 2024 ocorridos na Pra\u00e7a dos Tr\u00eas Poderes, na cidade de Bras\u00edlia que tem como objetivo estremecer a paz do governo e suas institui\u00e7\u00f5es, manifestando sua absoluta solidariedade com o presidente Luiz In\u00e1cio Lula da Silva e todo o povo brasileiro\u201d, disse o minist\u00e9rio das Rela\u00e7\u00f5es Exteriores do pa\u00eds em um comunicado.<\/strong><\/p>\n<p>O atentado foi visto pelo governo venezuelano como um \u201cavan\u00e7o da onda fascista e antidemocr\u00e1tica\u201d, propagada pela \u201cextrema direita mundial\u201d que tenta desestabilizar a regi\u00e3o.\n<\/p>\n<p><strong>\u201cVenezuela, fiel a seus princ\u00edpios de irmandade e fraternidade, continua trabalhando para que nossa regi\u00e3o seja uma zona de paz, e repudia qualquer tentativa que pretenda destruir a estabilidade e o bem-estar dos nossos povos e do mundo\u201d, finalizou o comunicado.<\/strong>\n<\/p>\n<p>Rela\u00e7\u00e3o estremecida<br \/>O posicionamento do governo da Venezuela acontece em meio a tens\u00e3o na rela\u00e7\u00e3o entre os governos Lula e Maduro, que se estende desde as elei\u00e7\u00f5es presidenciais venezuelanas.\n<\/p>\n<p>Desde que o Brasil vetou a entrada da Venezuela nos Brics, durante a \u00faltima c\u00fapula do bloco realizada na R\u00fassia, o governo Maduro tem feito alguns ataques direcionados a Lula.\n<\/p>\n<p>O petista chegou a ser comparado com Jair Bolsonaro (PL), e foi alvo de uma amea\u00e7a publica da Pol\u00edcia Nacional Bolivariana, liderada por Maduro.\n<\/p>\n<p>Ainda assim, o chanceler Mauro Vieira disse que o di\u00e1logo entre os dois pa\u00edses seguem normal, e que o Brasil n\u00e3o tem inten\u00e7\u00e3o de romper la\u00e7os com a Venezuela.\n<\/p>\n<p>Fonte: Metr\u00f3poles              <\/p>\n<\/div>\n<p><br \/>\n<br \/><a href=\"https:\/\/diariodobrasilnoticias.com.br\/noticia\/venezuela-expressa-solidariedade-a-lula-apos-atentado-terrorista-6736866f97dba\">Source link <\/a><\/p>","protected":false},"excerpt":{"rendered":"<p>O governo da Venezuela, liderado por Nicol\u00e1s Maduro, condenou o ato terrorista na Pra\u00e7a dos Tr\u00eas poderes, que sacudiu Bras\u00edlia na noite de quarta-feira (13\/11). Al\u00e9m disso, o regime chavista&hellip;<\/p>","protected":false},"author":1,"featured_media":59794,"comment_status":"closed","ping_status":"open","sticky":false,"template":"","format":"standard","meta":{"content-type":"","footnotes":""},"categories":[16],"tags":[123,2448,5313,1267],"class_list":["post-59793","post","type-post","status-publish","format-standard","has-post-thumbnail","hentry","category-noticias","tag-brasil","tag-diario","tag-noticia","tag-noticias"],"_links":{"self":[{"href":"https:\/\/tvbrazilusa.com\/pt\/wp-json\/wp\/v2\/posts\/59793","targetHints":{"allow":["GET"]}}],"collection":[{"href":"https:\/\/tvbrazilusa.com\/pt\/wp-json\/wp\/v2\/posts"}],"about":[{"href":"https:\/\/tvbrazilusa.com\/pt\/wp-json\/wp\/v2\/types\/post"}],"author":[{"embeddable":true,"href":"https:\/\/tvbrazilusa.com\/pt\/wp-json\/wp\/v2\/users\/1"}],"replies":[{"embeddable":true,"href":"https:\/\/tvbrazilusa.com\/pt\/wp-json\/wp\/v2\/comments?post=59793"}],"version-history":[{"count":1,"href":"https:\/\/tvbrazilusa.com\/pt\/wp-json\/wp\/v2\/posts\/59793\/revisions"}],"predecessor-version":[{"id":59795,"href":"https:\/\/tvbrazilusa.com\/pt\/wp-json\/wp\/v2\/posts\/59793\/revisions\/59795"}],"wp:featuredmedia":[{"embeddable":true,"href":"https:\/\/tvbrazilusa.com\/pt\/wp-json\/wp\/v2\/media\/59794"}],"wp:attachment":[{"href":"https:\/\/tvbrazilusa.com\/pt\/wp-json\/wp\/v2\/media?parent=59793"}],"wp:term":[{"taxonomy":"category","embeddable":true,"href":"https:\/\/tvbrazilusa.com\/pt\/wp-json\/wp\/v2\/categories?post=59793"},{"taxonomy":"post_tag","embeddable":true,"href":"https:\/\/tvbrazilusa.com\/pt\/wp-json\/wp\/v2\/tags?post=59793"}],"curies":[{"name":"wp","href":"https:\/\/api.w.org\/{rel}","templated":true}]}}