{"id":59802,"date":"2024-11-15T00:45:45","date_gmt":"2024-11-15T00:45:45","guid":{"rendered":"https:\/\/tvbrazilusa.com\/2024\/11\/15\/o-white-sox-supostamente-ve-este-jogador-do-red-sox-como-a-atracao-principal-do-comercio-de-garrett-crochet\/"},"modified":"2024-11-15T00:59:53","modified_gmt":"2024-11-15T00:59:53","slug":"o-white-sox-supostamente-ve-este-jogador-do-red-sox-como-a-atracao-principal-do-comercio-de-garrett-crochet","status":"publish","type":"post","link":"https:\/\/tvbrazilusa.com\/pt\/2024\/11\/15\/o-white-sox-supostamente-ve-este-jogador-do-red-sox-como-a-atracao-principal-do-comercio-de-garrett-crochet\/","title":{"rendered":"O White Sox supostamente v\u00ea este jogador do Red Sox como &#8216;a atra\u00e7\u00e3o principal&#8217; do com\u00e9rcio de Garrett Crochet"},"content":{"rendered":"<p> <script async src=\"https:\/\/pagead2.googlesyndication.com\/pagead\/js\/adsbygoogle.js?client=ca-pub-8864793242727901\"\r\n     crossorigin=\"anonymous\"><\/script><br \/>\n<\/p>\n<div id=\"\">\n<header class=\"m-article-header m-article-header--standard\">\n\t\t\t\t\t\t\t\t\t\t\t\t<span id=\"article-header-primary-term\"><br \/>\n\t\t\t\t\t\t\t\t<a class=\"a-term a-term--primary\" href=\"https:\/\/www.boston.com\/tag\/boston-red-sox\/\"><\/p>\n<p>\t\t\t\t\t\t\t\tRed Sox\t\t\t\t\t\t\t\t<\/a><br \/>\n\t\t\t\t\t\t\t<\/span><\/p>\n<h2 class=\"m-article-header__sub-headline\">\u201cN\u00e3o \u00e9 como se os Red Sox estivessem tentando se livrar dele.\u201d<\/h2>\n<figure class=\"a-photo m-article-header__photo\"><figcaption class=\"a-photo__caption\">\n<p>\tEspera-se que Garrett Crochet seja negociado nesta entressafra pelos White Sox. <em> (Foto AP\/Gregory Bull)<\/em>\t<\/figcaption><\/figure>\n<\/header>\n<p>N\u00e3o \u00e9 nenhuma surpresa que o Red Sox seja um dos times <a target=\"_blank\" href=\"https:\/\/www.boston.com\/sports\/boston-red-sox\/2024\/11\/08\/red-sox-garrett-crochet-mlb-trade-rumors\/\" rel=\"noreferrer noopener\">h\u00e1 rumores de que ele est\u00e1 interessado no canhoto do White Sox, Garrett Crochet. <\/a><\/p>\n<p>Boston precisa desesperadamente de arremessos de primeira linha nesta entressafra, e um canhoto de 25 anos como Crochet se enquadra nesse perfil como um grande talento com um teto alto e uma variedade suja de arremessos \u00e0 sua disposi\u00e7\u00e3o.<\/p>\n<p>Crochet impressionou em sua primeira temporada completa como titular no Chicago, postando um ERA de 3,58 em 32 partidas. Ele acumulou 209 elimina\u00e7\u00f5es em 146 entradas de trabalho (impressionantes 12,9 elimina\u00e7\u00f5es por nove entradas) enquanto caminhava apenas 33. <\/p>\n<p>Mesmo sem um hist\u00f3rico estabelecido, a idade de Crochet e suas habilidades de swing-and-miss podem torn\u00e1-lo o chip comercial mais cobi\u00e7ado do mercado neste inverno. Como tal, o Red Sox provavelmente precisaria abrir m\u00e3o de alguns de seus principais talentos para tir\u00e1-lo de Chicago. <\/p>\n<p>Mas ser\u00e1 que Boston poderia de alguma forma conseguir negociar com Crochet sem abrir m\u00e3o? <a target=\"_blank\" href=\"https:\/\/www.boston.com\/sports\/boston-red-sox\/2024\/11\/02\/red-sox-offseason-free-agency-luxury-cap-space-trade-rumors\/\" rel=\"noreferrer noopener\">um de seus \u201cquatro grandes\u201d clientes em potencial <\/a>em Roman Anthony, Kristian Campbell, Marcelo Mayer ou Kyle Teel? <\/p>\n<p>De acordo com Sean McAdam do MassLive, os White Sox n\u00e3o est\u00e3o olhando para os jogadores das ligas menores como o principal retorno do Crochet. <\/p>\n<p>\u201cEu diria [Wilyer] Abreu poderia ser disponibilizado no neg\u00f3cio certo para um titular da linha de frente como Crochet\u201d, disse McAdam. <a href=\"https:\/\/x.com\/FoulTerritoryTV\/status\/1856773378298057089\" target=\"_blank\" rel=\"noreferrer noopener\">disse quarta-feira durante uma apari\u00e7\u00e3o no \u201cFoul Territory\u201d.<\/a> \u201cNa verdade, me disseram que os White Sox t\u00eam interesse em Abreu e ficariam satisfeitos com ele como atra\u00e7\u00e3o principal \u2013 obviamente, n\u00e3o sendo o \u00fanico cara no neg\u00f3cio.<\/p>\n<p>\u201cEles teriam que investir muito mais do que isso, incluindo uma boa perspectiva para acompanh\u00e1-lo, mas Abreu \u00e9 algu\u00e9m no radar dos White Sox.\u201d<\/p>\n<p>Abreu foi um dos melhores jogadores do Red Sox de 2024 em sua primeira temporada completa nas grandes ligas. O defensor direito de 25 anos teve rebatidas de 0,253 com 15 home runs e 58 RBI em 132 jogos na \u00faltima temporada. Al\u00e9m de sua produ\u00e7\u00e3o constante na base, Abreu se tornou o <a href=\"https:\/\/www.boston.com\/sports\/boston-red-sox\/2024\/11\/04\/boston-red-sox-wilyer-abreu-gold-glove-right-field-american-league-al\/\" target=\"_blank\" rel=\"noreferrer noopener\">primeiro novato do Red Sox a ganhar uma luva de ouro desde 1975<\/a> depois de liderar todos os defensores direitos da AL em corridas defensivas salvas. <\/p>\n<p>\u201cN\u00e3o \u00e9 como se os Red Sox estivessem tentando se livrar dele. Mas, novamente, eles t\u00eam alguma redund\u00e2ncia aqui onde poderiam mover Abreu e abrir espa\u00e7o e ter um campo externo que inclu\u00eda (Jarren) Duran, Ceddanne Rafaela, talvez Kristian Campbell, que jogou no campo externo, e certamente Roman Anthony\u201d, disse McAdam sobre Abreu. .<\/p>\n<p>\u201cPortanto, eles est\u00e3o em uma posi\u00e7\u00e3o em que estocaram todo esse estoque de jovens intrigantes, sejam eles os melhores candidatos do Baseball America ou caras com muito pouco tempo de servi\u00e7o que seriam atraentes para um time como o White Sox no meio de uma reconstru\u00e7\u00e3o.\u201d<\/p>\n<p>Como observou McAdam, o Red Sox ainda precisaria incluir mais em um pacote para adquirir um arremessador como o Crochet. Mas se Abreu for a \u201catra\u00e7\u00e3o principal\u201d, Chicago tamb\u00e9m poder\u00e1 estar de olho em algumas das outras perspectivas promissoras de Boston, como Braden Montgomery, Franklin Arias, Miguel Bleis ou Yoeilin Cespedes. <\/p>\n<p>Boston teria que abrir m\u00e3o de v\u00e1rios ativos para trazer um titular como Crochet. Mas manter os \u201cQuatro Grandes\u201d no lugar \u2013 junto com v\u00e1rios jogadores de impacto no elenco da grande liga, como Triston Casas e Jarren Duran \u2013 seria uma vit\u00f3ria consider\u00e1vel para Boston se eles conseguissem fazer Crochet. <\/p>\n<div class=\"o-author-single has-avatar\">\n<header class=\"m-author-card\">\n<div class=\"a-image a-image--square m-author-card__image\">\n\t\t<img decoding=\"async\" class=\"\" src=\"https:\/\/www.boston.com\/wp-content\/uploads\/2023\/05\/Headshot_Conor-645c0406ed6cb-scaled.jpg\" alt=\"Imagem do perfil de Conor Ryan\"\/>\t<\/div>\n<\/header>\n<section class=\"author-info\">\n<hr class=\"m-author__section--hr\"\/>\n<div class=\"m-author__section\">\n<p>Conor Ryan \u00e9 redator da equipe que cobre Bruins, Celtics, Patriots e Red Sox para Boston.com, fun\u00e7\u00e3o que ocupa desde 2023.<\/p>\n<\/div>\n<hr class=\"m-author__section--hr\"\/>\t<\/section>\n<\/div>\n<div class=\"m-block m-generic-cta\t m-generic-cta--post-content\t m-generic-cta--dark\t m-generic-cta--homepage\t m-generic-cta--email-signup\t\t m-generic-cta-block-style--default \tt-amp__generic-cta\"><\/p>\n<div class=\"m-generic-cta__wrap\">\n<div class=\"m-generic-cta__content\">\n<h3 class=\"m-generic-cta__title\">Boston.com hoje<\/h3>\n<p class=\"m-generic-cta__subtitle\">Inscreva-se para receber as \u00faltimas manchetes em sua caixa de entrada todas as manh\u00e3s.<\/p>\n<\/p><\/div>\n<\/p><\/div>\n<\/div><\/div>\n<p><script>\n\t\tvar consent=\"grant\";\n\t\t\/* The above code is parsing the JSON data from the local storage and storing it in a variable. *\/\n\t\t\t\t\tconst onetrustStorageConsent = JSON.parse(localStorage.getItem( 'consent_one_trust_bdc' ) );\n\t\t\tif ( ( onetrustStorageConsent !== null ) ) {\n\t\t\t\t\/* Checking to see if the user has consented to the use of cookies.\n\t\t\t\t* If they have not, it is deleting the cookie.\n\t\t\t\t* This will comment for now, until further notice.\n\t\t\t\t*\/\n\t\t\t\t\/\/if ( onetrustStorageConsent.C0002 === false ) {\n\t\t\t\t\/\/\tdocument.cookie=\"_fbp=;expires=Thu, 01 Jan 2010 00:00:00 UTC; path=\/; domain=.boston.com\";\n\t\t\t\t\/\/}\n\t\t\t\t\/* Checking if the user has given consent for the cookie C0002.\n\t\t\t\t* If the user has given consent, the variable consent will be set to 'grant'.\n\t\t\t\t* If the user has not given consent,the variable consent will be set to 'revoke'.\n\t\t\t\t* Documentation https:\/\/developers.facebook.com\/docs\/meta-pixel\/implementation\/gdpr\n\t\t\t\t*\/\n\t\t\t\tif ( onetrustStorageConsent.C0002 !== true ) {\n\t\t\t\t\tconsent=\"revoke\";\n\t\t\t\t}\n\t\t\t}\n\t\t\t\t!function(f,b,e,v,n,t,s)\n\t\t{if(f.fbq)return;n=f.fbq=function(){n.callMethod?\n\t\tn.callMethod.apply(n,arguments):n.queue.push(arguments)};\n\t\tif(!f._fbq)f._fbq=n;n.push=n;n.loaded=!0;n.version='2.0';\n\t\tn.queue=[];t=b.createElement(e);t.async=!0;\n\t\tt.src=v;s=b.getElementsByTagName(e)[0];\n\t\ts.parentNode.insertBefore(t,s)}(window, document,'script',\n\t\t'https:\/\/connect.facebook.net\/en_US\/fbevents.js');\n\t\tfbq('consent', consent);\n\t\tfbq('init', '989222871864976');\n\t\tfbq('track', 'PageView');\n\t<\/script><script type=\"module\">\n\t\tvar consent=\"grant\";\n\t\t\/* The above code is parsing the JSON data from the local storage and storing it in a variable. *\/\n\t\t\tconst onetrustStorageConsent = JSON.parse(localStorage.getItem( 'consent_one_trust_bdc' ) );\n\t\t\t\/* Checking to see if the user has consented to the use of cookies.\n\t\t\t* If they have not, it is deleting the cookie.\n\t\t\t* This will comment for now, until further notice.\n\t\t\t*\/\n\t\t\t\/\/if ( onetrustStorageConsent.C0002 === false ) {\n\t\t\t\/\/\tdocument.cookie=\"_fbp=;expires=Thu, 01 Jan 2010 00:00:00 UTC; path=\/; domain=.boston.com\";\n\t\t\t\/\/}\n\t\t\t\/* Checking if the user has given consent for the cookie C0002.\n\t\t\t* If the user has given consent, the variable consent will be set to 'grant'.\n\t\t\t* If the user has not given consent,the variable consent will be set to 'revoke'.\n\t\t\t* Documentation https:\/\/developers.facebook.com\/docs\/meta-pixel\/implementation\/gdpr\n\t\t\t*\/\n\t\t\tif ( ( onetrustStorageConsent !== null ) && (onetrustStorageConsent.C0002 !== true ) ) {\n\t\t\t\tconsent=\"revoke\";\n\t\t\t}\n\t\t\t\t!function(f,b,e,v,n,t,s){if(f.fbq)return;n=f.fbq=function()\n\t\t{n.callMethod? n.callMethod.apply(n,arguments):n.queue.push(arguments)}\n\t\t;if(!f._fbq)f._fbq=n;\n\t\tn.push=n;n.loaded=!0;n.version='2.0';n.queue=[];t=b.createElement(e);t.async=!0;\n\t\tt.src=v;s=b.getElementsByTagName(e)[0];s.parentNode.insertBefore(t,s)}(window,\n\t\tdocument,'script','https:\/\/connect.facebook.net\/en_US\/fbevents.js');\n\t\tfbq('consent', consent);\n\t\tfbq('init', '813236348753005');\n\t\tfbq('track', \"PageView\");\n\t<\/script><br \/>\n<br \/><br \/>\n<br \/><a href=\"https:\/\/www.boston.com\/sports\/boston-red-sox\/2024\/11\/14\/white-sox-reportedly-view-this-red-sox-player-as-headlining-garrett-crochet-trade\/\">Source link <\/a><\/p>","protected":false},"excerpt":{"rendered":"<p>Red Sox \u201cN\u00e3o \u00e9 como se os Red Sox estivessem tentando se livrar dele.\u201d Espera-se que Garrett Crochet seja negociado nesta entressafra pelos White Sox. (Foto AP\/Gregory Bull) N\u00e3o \u00e9&hellip;<\/p>","protected":false},"author":1,"featured_media":59803,"comment_status":"closed","ping_status":"open","sticky":false,"template":"","format":"standard","meta":{"content-type":"","footnotes":""},"categories":[1],"tags":[],"class_list":["post-59802","post","type-post","status-publish","format-standard","has-post-thumbnail","hentry","category-uncategorized"],"_links":{"self":[{"href":"https:\/\/tvbrazilusa.com\/pt\/wp-json\/wp\/v2\/posts\/59802","targetHints":{"allow":["GET"]}}],"collection":[{"href":"https:\/\/tvbrazilusa.com\/pt\/wp-json\/wp\/v2\/posts"}],"about":[{"href":"https:\/\/tvbrazilusa.com\/pt\/wp-json\/wp\/v2\/types\/post"}],"author":[{"embeddable":true,"href":"https:\/\/tvbrazilusa.com\/pt\/wp-json\/wp\/v2\/users\/1"}],"replies":[{"embeddable":true,"href":"https:\/\/tvbrazilusa.com\/pt\/wp-json\/wp\/v2\/comments?post=59802"}],"version-history":[{"count":1,"href":"https:\/\/tvbrazilusa.com\/pt\/wp-json\/wp\/v2\/posts\/59802\/revisions"}],"predecessor-version":[{"id":59804,"href":"https:\/\/tvbrazilusa.com\/pt\/wp-json\/wp\/v2\/posts\/59802\/revisions\/59804"}],"wp:featuredmedia":[{"embeddable":true,"href":"https:\/\/tvbrazilusa.com\/pt\/wp-json\/wp\/v2\/media\/59803"}],"wp:attachment":[{"href":"https:\/\/tvbrazilusa.com\/pt\/wp-json\/wp\/v2\/media?parent=59802"}],"wp:term":[{"taxonomy":"category","embeddable":true,"href":"https:\/\/tvbrazilusa.com\/pt\/wp-json\/wp\/v2\/categories?post=59802"},{"taxonomy":"post_tag","embeddable":true,"href":"https:\/\/tvbrazilusa.com\/pt\/wp-json\/wp\/v2\/tags?post=59802"}],"curies":[{"name":"wp","href":"https:\/\/api.w.org\/{rel}","templated":true}]}}