{"id":59892,"date":"2024-11-14T20:33:38","date_gmt":"2024-11-14T20:33:38","guid":{"rendered":"https:\/\/tvbrazilusa.com\/2024\/11\/14\/um-pingo-de-liberdade-a-industrializacao-do-suicida-de-brasilia\/"},"modified":"2024-11-14T20:33:38","modified_gmt":"2024-11-14T20:33:38","slug":"um-pingo-de-liberdade-a-industrializacao-do-suicida-de-brasilia","status":"publish","type":"post","link":"https:\/\/tvbrazilusa.com\/pt\/2024\/11\/14\/um-pingo-de-liberdade-a-industrializacao-do-suicida-de-brasilia\/","title":{"rendered":"UM PINGO DE LIBERDADE &#8211; A INDUSTRIALIZA\u00c7\u00c3O DO SUICIDA DE BRAS\u00cdLIA"},"content":{"rendered":"<p><iframe  width=\"580\" height=\"385\" src=\"https:\/\/www.youtube.com\/embed\/JMasvoEEjuk?modestbranding=1\" frameborder=\"0\" allowfullscreen><\/iframe><br \/>\n<br \/>Os temas mais relevantes da semana comentados por Fern\u00e3o Lara Mesquita, Gerson Gomes, Laudelino Lima e convidados.<\/p>\n<p>Quer criar transmiss\u00f5es ao vivo como esta? Confira o StreamYard:<br \/>\n<br \/><a href=\"https:\/\/www.youtube.com\/watch?v=JMasvoEEjuk\">source<\/a><\/p>","protected":false},"excerpt":{"rendered":"<p>Os temas mais relevantes da semana comentados por Fern\u00e3o Lara Mesquita, Gerson Gomes, Laudelino Lima e convidados. Quer criar transmiss\u00f5es ao vivo como esta? Confira o StreamYard: source<\/p>","protected":false},"author":1,"featured_media":59893,"comment_status":"","ping_status":"open","sticky":false,"template":"","format":"standard","meta":{"content-type":"","footnotes":""},"categories":[17],"tags":[735,31012,750,749,31013],"class_list":["post-59892","post","type-post","status-publish","format-standard","has-post-thumbnail","hentry","category-programas","tag-brasilia","tag-industrializacao","tag-liberdade","tag-pingo","tag-suicida"],"_links":{"self":[{"href":"https:\/\/tvbrazilusa.com\/pt\/wp-json\/wp\/v2\/posts\/59892","targetHints":{"allow":["GET"]}}],"collection":[{"href":"https:\/\/tvbrazilusa.com\/pt\/wp-json\/wp\/v2\/posts"}],"about":[{"href":"https:\/\/tvbrazilusa.com\/pt\/wp-json\/wp\/v2\/types\/post"}],"author":[{"embeddable":true,"href":"https:\/\/tvbrazilusa.com\/pt\/wp-json\/wp\/v2\/users\/1"}],"replies":[{"embeddable":true,"href":"https:\/\/tvbrazilusa.com\/pt\/wp-json\/wp\/v2\/comments?post=59892"}],"version-history":[{"count":0,"href":"https:\/\/tvbrazilusa.com\/pt\/wp-json\/wp\/v2\/posts\/59892\/revisions"}],"wp:featuredmedia":[{"embeddable":true,"href":"https:\/\/tvbrazilusa.com\/pt\/wp-json\/wp\/v2\/media\/59893"}],"wp:attachment":[{"href":"https:\/\/tvbrazilusa.com\/pt\/wp-json\/wp\/v2\/media?parent=59892"}],"wp:term":[{"taxonomy":"category","embeddable":true,"href":"https:\/\/tvbrazilusa.com\/pt\/wp-json\/wp\/v2\/categories?post=59892"},{"taxonomy":"post_tag","embeddable":true,"href":"https:\/\/tvbrazilusa.com\/pt\/wp-json\/wp\/v2\/tags?post=59892"}],"curies":[{"name":"wp","href":"https:\/\/api.w.org\/{rel}","templated":true}]}}