{"id":60030,"date":"2024-11-15T14:58:54","date_gmt":"2024-11-15T14:58:54","guid":{"rendered":"https:\/\/tvbrazilusa.com\/2024\/11\/15\/influenciadora-que-mencionou-sequestrar-deputados-do-pl-apaga-video-das-redes-sociais\/"},"modified":"2024-11-15T14:58:55","modified_gmt":"2024-11-15T14:58:55","slug":"influenciadora-que-mencionou-sequestrar-deputados-do-pl-apaga-video-das-redes-sociais","status":"publish","type":"post","link":"https:\/\/tvbrazilusa.com\/pt\/2024\/11\/15\/influenciadora-que-mencionou-sequestrar-deputados-do-pl-apaga-video-das-redes-sociais\/","title":{"rendered":"Influenciadora que mencionou sequestrar deputados do PL apaga v\u00eddeo das redes sociais"},"content":{"rendered":"<p> <script async src=\"https:\/\/pagead2.googlesyndication.com\/pagead\/js\/adsbygoogle.js?client=ca-pub-8864793242727901\"\r\n     crossorigin=\"anonymous\"><\/script><br \/>\n<\/p>\n<div id=\"taboola-read-more\" style=\"display:block; width:100%\">\n<p>Na manh\u00e3 desta quinta-feira, 14, o v\u00eddeo em que a influenciadora e humorista Festi sugere sequestrar deputados do Partido Liberal (PL) n\u00e3o estava mais no ar. Um pedido de provid\u00eancias sobre o v\u00eddeo foi feito ao Minist\u00e9rio P\u00fablico (MP) de S\u00e3o Paulo por Guilherme Kilter (Novo), futuro vereador de Curitiba. O fato foi noticiado com exclusividade por Oeste.<\/p>\n<p>No v\u00eddeo, a influencer confessa ter vontade de &#8220;sequestrar um deputado do PL&#8221; e incita a popula\u00e7\u00e3o brasileira a apontar um \u201cfuzil na cabe\u00e7a\u201d de deputados que n\u00e3o assinaram a PEC. At\u00e9 a noite da \u00faltima quarta-feira, 13, o v\u00eddeo contava com mais de 580 mil visualiza\u00e7\u00f5es na plataforma TikTok.\n<\/p>\n<p>Em seguida, ela afirma que, se o povo elegeu seus representantes, eles devem ter o direito de cobr\u00e1-los \u2014 de uma maneira nada pac\u00edfica. \u201cN\u00f3s botou\u00a0<em>[sic]<\/em>\u00a0os caras l\u00e1, a gente pode ir l\u00e1 buscar, colocar na mala do carro e dar um rol\u00ea com eles\u201d, defende. \u201cFuzil na cabe\u00e7a e a porr* toda, se voc\u00ea n\u00e3o assinar a favor dessa merd*\u00a0<em>[a PEC 6\u00d71]<\/em>, voc\u00ea morre.\u201d<\/p>\n<p>No v\u00eddeo do TikTok, a declara\u00e7\u00e3o se encerra neste momento. No entanto, o v\u00eddeo completo pode ser encontrado em perfis no Twitter\/X que o publicaram na \u00edntegra. Na sequ\u00eancia, Festi defende \u201cbotar fogo\u201d em pol\u00edticos.<\/p>\n<p>Fonte: Revista Oeste              <\/p>\n<\/div>\n<p><br \/>\n<br \/><a href=\"https:\/\/diariodobrasilnoticias.com.br\/noticia\/influenciadora-que-mencionou-sequestrar-deputados-do-pl-apaga-video-das-redes-sociais-6737377193910\">Source link <\/a><\/p>","protected":false},"excerpt":{"rendered":"<p>Na manh\u00e3 desta quinta-feira, 14, o v\u00eddeo em que a influenciadora e humorista Festi sugere sequestrar deputados do Partido Liberal (PL) n\u00e3o estava mais no ar. Um pedido de provid\u00eancias&hellip;<\/p>","protected":false},"author":1,"featured_media":60031,"comment_status":"closed","ping_status":"open","sticky":false,"template":"","format":"standard","meta":{"content-type":"","footnotes":""},"categories":[16],"tags":[123,2448,5313,1267],"class_list":["post-60030","post","type-post","status-publish","format-standard","has-post-thumbnail","hentry","category-noticias","tag-brasil","tag-diario","tag-noticia","tag-noticias"],"_links":{"self":[{"href":"https:\/\/tvbrazilusa.com\/pt\/wp-json\/wp\/v2\/posts\/60030","targetHints":{"allow":["GET"]}}],"collection":[{"href":"https:\/\/tvbrazilusa.com\/pt\/wp-json\/wp\/v2\/posts"}],"about":[{"href":"https:\/\/tvbrazilusa.com\/pt\/wp-json\/wp\/v2\/types\/post"}],"author":[{"embeddable":true,"href":"https:\/\/tvbrazilusa.com\/pt\/wp-json\/wp\/v2\/users\/1"}],"replies":[{"embeddable":true,"href":"https:\/\/tvbrazilusa.com\/pt\/wp-json\/wp\/v2\/comments?post=60030"}],"version-history":[{"count":1,"href":"https:\/\/tvbrazilusa.com\/pt\/wp-json\/wp\/v2\/posts\/60030\/revisions"}],"predecessor-version":[{"id":60032,"href":"https:\/\/tvbrazilusa.com\/pt\/wp-json\/wp\/v2\/posts\/60030\/revisions\/60032"}],"wp:featuredmedia":[{"embeddable":true,"href":"https:\/\/tvbrazilusa.com\/pt\/wp-json\/wp\/v2\/media\/60031"}],"wp:attachment":[{"href":"https:\/\/tvbrazilusa.com\/pt\/wp-json\/wp\/v2\/media?parent=60030"}],"wp:term":[{"taxonomy":"category","embeddable":true,"href":"https:\/\/tvbrazilusa.com\/pt\/wp-json\/wp\/v2\/categories?post=60030"},{"taxonomy":"post_tag","embeddable":true,"href":"https:\/\/tvbrazilusa.com\/pt\/wp-json\/wp\/v2\/tags?post=60030"}],"curies":[{"name":"wp","href":"https:\/\/api.w.org\/{rel}","templated":true}]}}