{"id":60042,"date":"2024-11-15T15:11:07","date_gmt":"2024-11-15T15:11:07","guid":{"rendered":"https:\/\/tvbrazilusa.com\/2024\/11\/15\/abin-e-deixada-de-lado-em-atentado-em-brasilia-e-entra-em-conflito-com-a-pf\/"},"modified":"2024-11-15T15:11:08","modified_gmt":"2024-11-15T15:11:08","slug":"abin-e-deixada-de-lado-em-atentado-em-brasilia-e-entra-em-conflito-com-a-pf","status":"publish","type":"post","link":"https:\/\/tvbrazilusa.com\/pt\/2024\/11\/15\/abin-e-deixada-de-lado-em-atentado-em-brasilia-e-entra-em-conflito-com-a-pf\/","title":{"rendered":"Abin \u00e9 deixada de lado em atentado em Bras\u00edlia e entra em conflito com a PF."},"content":{"rendered":"<p> <script async src=\"https:\/\/pagead2.googlesyndication.com\/pagead\/js\/adsbygoogle.js?client=ca-pub-8864793242727901\"\r\n     crossorigin=\"anonymous\"><\/script><br \/>\n<\/p>\n<div id=\"taboola-read-more\" style=\"display:block; width:100%\">\n<p>T\u00e3o logo foi confirmado o atentado com uma morte em Bras\u00edlia, na quarta-feira, 13, servidores da Ag\u00eancia Brasileira de Intelig\u00eancia (Abin) comentaram entre si que deveriam se preparar para cobran\u00e7as p\u00fablicas sobre falhas do servi\u00e7o. Entretanto, para a surpresa de muitos, o \u00f3rg\u00e3o nem sequer foi lembrado no primeiro momento. O presidente Lula teve reuni\u00e3o com o diretor da Pol\u00edcia Federal, Andrei Passos, e ministros Gilmar Mendes, Cristiano Zanin e Alexandre de Morais, do Supremo Tribunal Federal (STF)F. A Abin n\u00e3o foi chamada.\n<\/p>\n<p>Tr\u00eas horas ap\u00f3s a explos\u00e3o, a ag\u00eancia emitiu nota interna com resumo do que havia sa\u00eddo na imprensa e alertando para o risco de novas explos\u00f5es. O texto, segundo agentes da Abin, s\u00f3 serviu para causar constrangimento. Afinal, a fun\u00e7\u00e3o da intelig\u00eancia \u00e9 se antecipar e n\u00e3o fazer clipping. E o problema foi maior. A ag\u00eancia tamb\u00e9m abriu novo mal-estar com a PF, ao concluir haver ind\u00edcios de ser fato isolado.<\/p>\n<p>Ao dizer que, por ora, n\u00e3o havia ind\u00edcios de que Francisco Wanderley Luiz, conhecido como Ti\u00fc Fran\u00e7a, agiu com outras pessoas, a Abin provocou desconfian\u00e7a no andar de cima da Pol\u00edcia Federal. O diretor-geral da PF, Andrei Passos, por exemplo, avalia que o caso n\u00e3o \u00e9 isolado, mas conectado com outras investiga\u00e7\u00f5es. Procurado pela Coluna do Estad\u00e3o para falar sobre o clima com a Abin, Andrei n\u00e3o respondeu. A Abin tamb\u00e9m n\u00e3o comentou as cr\u00edticas.\n<\/p>\n<p>A insatisfa\u00e7\u00e3o com a falta de protagonismo da Abin junto ao desconforto com a PF, abre um processo de fritura do diretor-geral da ag\u00eancia, Luiz Fernando Correa. Procurada, a Abin n\u00e3o comentou a situa\u00e7\u00e3o.<\/p>\n<p>Fonte: estad\u00e3o              <\/p>\n<\/div>\n<p><br \/>\n<br \/><a href=\"https:\/\/diariodobrasilnoticias.com.br\/noticia\/abin-e-deixada-de-lado-em-atentado-em-brasilia-e-entra-em-conflito-com-a-pf-6737484872210\">Source link <\/a><\/p>","protected":false},"excerpt":{"rendered":"<p>T\u00e3o logo foi confirmado o atentado com uma morte em Bras\u00edlia, na quarta-feira, 13, servidores da Ag\u00eancia Brasileira de Intelig\u00eancia (Abin) comentaram entre si que deveriam se preparar para cobran\u00e7as&hellip;<\/p>","protected":false},"author":1,"featured_media":60043,"comment_status":"closed","ping_status":"open","sticky":false,"template":"","format":"standard","meta":{"content-type":"","footnotes":""},"categories":[16],"tags":[123,2448,5313,1267],"class_list":["post-60042","post","type-post","status-publish","format-standard","has-post-thumbnail","hentry","category-noticias","tag-brasil","tag-diario","tag-noticia","tag-noticias"],"_links":{"self":[{"href":"https:\/\/tvbrazilusa.com\/pt\/wp-json\/wp\/v2\/posts\/60042","targetHints":{"allow":["GET"]}}],"collection":[{"href":"https:\/\/tvbrazilusa.com\/pt\/wp-json\/wp\/v2\/posts"}],"about":[{"href":"https:\/\/tvbrazilusa.com\/pt\/wp-json\/wp\/v2\/types\/post"}],"author":[{"embeddable":true,"href":"https:\/\/tvbrazilusa.com\/pt\/wp-json\/wp\/v2\/users\/1"}],"replies":[{"embeddable":true,"href":"https:\/\/tvbrazilusa.com\/pt\/wp-json\/wp\/v2\/comments?post=60042"}],"version-history":[{"count":1,"href":"https:\/\/tvbrazilusa.com\/pt\/wp-json\/wp\/v2\/posts\/60042\/revisions"}],"predecessor-version":[{"id":60044,"href":"https:\/\/tvbrazilusa.com\/pt\/wp-json\/wp\/v2\/posts\/60042\/revisions\/60044"}],"wp:featuredmedia":[{"embeddable":true,"href":"https:\/\/tvbrazilusa.com\/pt\/wp-json\/wp\/v2\/media\/60043"}],"wp:attachment":[{"href":"https:\/\/tvbrazilusa.com\/pt\/wp-json\/wp\/v2\/media?parent=60042"}],"wp:term":[{"taxonomy":"category","embeddable":true,"href":"https:\/\/tvbrazilusa.com\/pt\/wp-json\/wp\/v2\/categories?post=60042"},{"taxonomy":"post_tag","embeddable":true,"href":"https:\/\/tvbrazilusa.com\/pt\/wp-json\/wp\/v2\/tags?post=60042"}],"curies":[{"name":"wp","href":"https:\/\/api.w.org\/{rel}","templated":true}]}}