{"id":60139,"date":"2024-11-15T17:28:52","date_gmt":"2024-11-15T17:28:52","guid":{"rendered":"https:\/\/tvbrazilusa.com\/2024\/11\/15\/pf-investiga-planos-de-homem-bomba-e-familiares-fazem-novas-revelacoes-descubra-o-que-foi-divulgado\/"},"modified":"2024-11-15T17:28:53","modified_gmt":"2024-11-15T17:28:53","slug":"pf-investiga-planos-de-homem-bomba-e-familiares-fazem-novas-revelacoes-descubra-o-que-foi-divulgado","status":"publish","type":"post","link":"https:\/\/tvbrazilusa.com\/pt\/2024\/11\/15\/pf-investiga-planos-de-homem-bomba-e-familiares-fazem-novas-revelacoes-descubra-o-que-foi-divulgado\/","title":{"rendered":"PF investiga planos de homem-bomba, e familiares fazem novas revela\u00e7\u00f5es; descubra o que foi divulgado"},"content":{"rendered":"<p> <script async src=\"https:\/\/pagead2.googlesyndication.com\/pagead\/js\/adsbygoogle.js?client=ca-pub-8864793242727901\"\r\n     crossorigin=\"anonymous\"><\/script><br \/>\n<\/p>\n<div id=\"taboola-read-more\" style=\"display:block; width:100%\">\n<p>A Pol\u00edcia Federal (PF) investiga como foram planejadas as a\u00e7\u00f5es de Francisco Wanderley Luiz para os ataques da \u00faltima quarta-feira (13) na Pra\u00e7a dos Tr\u00eas Poderes, em Bras\u00edlia.\n<\/p>\n<p>De acordo com o diretor-geral da PF, Andrei Rodrigues, Wanderley esteve em Bras\u00edlia em outras oportunidades \u2014 inclusive no in\u00edcio do ano passado. Ainda n\u00e3o h\u00e1, entretanto, informa\u00e7\u00e3o se ele participou dos ataques de 8 de janeiro, que tamb\u00e9m tiveram os pr\u00e9dios dos Tr\u00eas Poderes como alvo.<\/p>\n<p>Segundo Rodrigues, \u201ch\u00e1 ind\u00edcios de planejamento de longo prazo\u201d na a\u00e7\u00e3o realizada pelo homem-bomba.\n<\/p>\n<p>Declara\u00e7\u00f5es de familiares do homem-bomba tamb\u00e9m foram tomadas pela PF na quinta-feira. Uma ex-mulher de Wanderley disse que um de seus planos era matar o ministro do STF Alexandre de Moraes.\n<\/p>\n<p>Trailer<br \/>Um ind\u00edcio que pode indicar o planejamento antecipado, segundo Rodrigues, foi um trailer ligado a Francisco.\n<\/p>\n<p>\u201cEsse trailer foi alugado h\u00e1 alguns meses \u2013 n\u00e3o foi uma coisa recente \u2013 e estava em um ponto estrat\u00e9gico nas proximidades do STF, o que nos aponta para, de fato, um planejamento de m\u00e9dio e talvez de longo prazo e que sinalizam a gravidade de tudo isso que foi feito\u201d, disse.\n<\/p>\n<p>Per\u00edcia em celular apreendido<br \/>Agentes da PF come\u00e7aram a periciar o celular de Wanderley. O aparelho foi apreendido na manh\u00e3 de quinta em um trailer que seria de Wanderley em um estacionamento nas proximidades do STF e da C\u00e2mara.\n<\/p>\n<p>Segundo investigadores ouvidos pela CNN, a expectativa \u00e9 que ainda nesta quinta-feira os dados do aparelho celular sejam extra\u00eddos. Assim, mensagens poder\u00e3o ajudar a saber se ele teve apoio e qual seria o real plano de ataque.\n<\/p>\n<p>Caixa encontrada<br \/>Outro artefato est\u00e1 sendo investigado pela PF: uma caixa encontrada perto do trailer.\n<\/p>\n<p>\u201cEstamos fazendo an\u00e1lise e identificando se de fato pertence a esse mesmo epis\u00f3dio\u201d, disse Rodrigues.\n<\/p>\n<p>Conex\u00f5es<br \/>Rodrigues disse que considera que o caso de quarta \u201cn\u00e3o \u00e9 um fato isolado\u201d e que a unidade de antiterrorismo da PF est\u00e1 atuando no caso.\n<\/p>\n<p>Itens utilizados<br \/>De acordo com a PF, Wanderley usou bombas que se assemelhavam a granadas, \u201cbombas-tubo\u201d, bombas de acionamento remoto, fogos de artif\u00edcio (no carro, com tijolos de apoio) e artefato que lembra um lan\u00e7a-chamas.\n<\/p>\n<p>Agentes fizeram buscas na casa utilizada por ele, em Ceil\u00e2ndia, no trailer e no carro. Os policiais encontraram uma caixa enterrada, que est\u00e1 sendo periciada.\n<\/p>\n<p>Havia mais explosivos dentro do trailer.\n<\/p>\n<p>PF convoca todo efetivo do DF<br \/>Todo o efetivo de policiais federais no Distrito Federal foi convocado at\u00e9 o pr\u00f3ximo domingo (17).\n<\/p>\n<p>Em comunicado enviado aos agentes, a PF afirmou que a determina\u00e7\u00e3o busca refor\u00e7ar a seguran\u00e7a e garantir a ordem p\u00fablica.\n<\/p>\n<p>\u201cEsse per\u00edodo exige aten\u00e7\u00e3o redobrada, e a presen\u00e7a das nossas equipes ser\u00e1 fundamental para a preven\u00e7\u00e3o e resposta r\u00e1pida a poss\u00edveis incidentes\u201d, informou a corpora\u00e7\u00e3o.\n<\/p>\n<p>Segundo a PF, o efetivo convocado deve estar preparado para ser acionado \u201ca qualquer momento\u201d, \u201cmantendo-se access\u00edvel e dispon\u00edvel para eventuais emerg\u00eancias\u201d.\n<\/p>\n<p>Familiares fazem revela\u00e7\u00f5es<br \/>Familiares de Wanderley foram ouvidos pela PF e fizeram revela\u00e7\u00f5es sobre o caso.\n<\/p>\n<p>Uma ex-mulher do homem-bomba disse que o intuito dele era matar o ministro Alexandre de Moraes, do Supremo Tribunal Federal (STF).\n<\/p>\n<p>\u201cQueria matar o ministro Alexandre de Moraes e quem mais estivesse junto na hora do atentado\u201d, disse a testemunha a agentes do setor de intelig\u00eancia da Pol\u00edcia Federal.\n<\/p>\n<p>Segundo o depoimento, o ataque foi planejado e teve pesquisas no Google em rela\u00e7\u00e3o ao ministro.\n<\/p>\n<p>Mensagem em tom de despedida<br \/>O filho de Francisco Wanderley Luiz disse \u00e0 PF que o pai lhe deixou uma mensagem em tom de despedida. Segundo seu relato, apenas ap\u00f3s ver not\u00edcias sobre o ataque, entendeu o recado.\n<\/p>\n<p>O filho tamb\u00e9m disse no depoimento que o pai \u201ctinha convic\u00e7\u00f5es pol\u00edticas, mas nada muito radical\u201d. Segundo ele, Wanderley tinha uma renda mensal de R$ 5 mil.\n<\/p>\n<p>Fonte: CNN Brasil              <\/p>\n<\/div>\n<p><br \/>\n<br \/><a href=\"https:\/\/diariodobrasilnoticias.com.br\/noticia\/pf-investiga-planos-de-homem-bomba-e-familiares-fazem-novas-revelacoes-descubra-o-que-foi-divulgado-6737648575a65\">Source link <\/a><\/p>","protected":false},"excerpt":{"rendered":"<p>A Pol\u00edcia Federal (PF) investiga como foram planejadas as a\u00e7\u00f5es de Francisco Wanderley Luiz para os ataques da \u00faltima quarta-feira (13) na Pra\u00e7a dos Tr\u00eas Poderes, em Bras\u00edlia. De acordo&hellip;<\/p>","protected":false},"author":1,"featured_media":60140,"comment_status":"closed","ping_status":"open","sticky":false,"template":"","format":"standard","meta":{"content-type":"","footnotes":""},"categories":[16],"tags":[123,2448,5313,1267],"class_list":["post-60139","post","type-post","status-publish","format-standard","has-post-thumbnail","hentry","category-noticias","tag-brasil","tag-diario","tag-noticia","tag-noticias"],"_links":{"self":[{"href":"https:\/\/tvbrazilusa.com\/pt\/wp-json\/wp\/v2\/posts\/60139","targetHints":{"allow":["GET"]}}],"collection":[{"href":"https:\/\/tvbrazilusa.com\/pt\/wp-json\/wp\/v2\/posts"}],"about":[{"href":"https:\/\/tvbrazilusa.com\/pt\/wp-json\/wp\/v2\/types\/post"}],"author":[{"embeddable":true,"href":"https:\/\/tvbrazilusa.com\/pt\/wp-json\/wp\/v2\/users\/1"}],"replies":[{"embeddable":true,"href":"https:\/\/tvbrazilusa.com\/pt\/wp-json\/wp\/v2\/comments?post=60139"}],"version-history":[{"count":1,"href":"https:\/\/tvbrazilusa.com\/pt\/wp-json\/wp\/v2\/posts\/60139\/revisions"}],"predecessor-version":[{"id":60141,"href":"https:\/\/tvbrazilusa.com\/pt\/wp-json\/wp\/v2\/posts\/60139\/revisions\/60141"}],"wp:featuredmedia":[{"embeddable":true,"href":"https:\/\/tvbrazilusa.com\/pt\/wp-json\/wp\/v2\/media\/60140"}],"wp:attachment":[{"href":"https:\/\/tvbrazilusa.com\/pt\/wp-json\/wp\/v2\/media?parent=60139"}],"wp:term":[{"taxonomy":"category","embeddable":true,"href":"https:\/\/tvbrazilusa.com\/pt\/wp-json\/wp\/v2\/categories?post=60139"},{"taxonomy":"post_tag","embeddable":true,"href":"https:\/\/tvbrazilusa.com\/pt\/wp-json\/wp\/v2\/tags?post=60139"}],"curies":[{"name":"wp","href":"https:\/\/api.w.org\/{rel}","templated":true}]}}