{"id":60147,"date":"2024-11-15T17:42:03","date_gmt":"2024-11-15T17:42:03","guid":{"rendered":"https:\/\/tvbrazilusa.com\/2024\/11\/15\/eu-asfixiei-ela-adolescente-de-17-anos-confessou-a-mae-que-assassinou-a-namorada-de-16\/"},"modified":"2024-11-15T17:42:05","modified_gmt":"2024-11-15T17:42:05","slug":"eu-asfixiei-ela-adolescente-de-17-anos-confessou-a-mae-que-assassinou-a-namorada-de-16","status":"publish","type":"post","link":"https:\/\/tvbrazilusa.com\/pt\/2024\/11\/15\/eu-asfixiei-ela-adolescente-de-17-anos-confessou-a-mae-que-assassinou-a-namorada-de-16\/","title":{"rendered":"\u2018Eu asfixiei ela\u2019: adolescente de 17 anos confessou \u00e0 m\u00e3e que assassinou a namorada de 16"},"content":{"rendered":"<p> <script async src=\"https:\/\/pagead2.googlesyndication.com\/pagead\/js\/adsbygoogle.js?client=ca-pub-8864793242727901\"\r\n     crossorigin=\"anonymous\"><\/script><br \/>\n<\/p>\n<div data-block-type=\"unstyled\" data-block-weight=\"65\" data-block-id=\"4\">\n<p class=\"content-text__container\" data-track-category=\"Link no Texto\" data-track-links=\"\" data-mrf-recirculation=\"Article links\">Segundo a imprensa local, a m\u00e3e do rapaz estava dormindo na tarde da \u00faltima ter\u00e7a-feira, quando foi acordada pela filho, que dizia: \u201cEu asfixiei ela, eu a matei\u201d. Instantes depois, a mulher compreendeu que o rapaz se referia a Denise Abril Pazos Gim\u00e9nez, de 16 anos. Ao ser convocado pela procuradora do foro penal juvenil, Paula Romeo, o rapaz optou por n\u00e3o prestar depoimento.<\/p>\n<\/div>\n<p><br \/>\n<br \/><a href=\"https:\/\/diariodobrasilnoticias.com.br\/noticia\/-eu-asfixiei-ela-adolescente-de-17-anos-confessou-a-mae-que-assassinou-a-namorada-de-16-6737607935939\">Source link <\/a><\/p>","protected":false},"excerpt":{"rendered":"<p>Segundo a imprensa local, a m\u00e3e do rapaz estava dormindo na tarde da \u00faltima ter\u00e7a-feira, quando foi acordada pela filho, que dizia: \u201cEu asfixiei ela, eu a matei\u201d. Instantes depois,&hellip;<\/p>","protected":false},"author":1,"featured_media":60148,"comment_status":"closed","ping_status":"open","sticky":false,"template":"","format":"standard","meta":{"content-type":"","footnotes":""},"categories":[16],"tags":[123,2448,5313,1267],"class_list":["post-60147","post","type-post","status-publish","format-standard","has-post-thumbnail","hentry","category-noticias","tag-brasil","tag-diario","tag-noticia","tag-noticias"],"_links":{"self":[{"href":"https:\/\/tvbrazilusa.com\/pt\/wp-json\/wp\/v2\/posts\/60147","targetHints":{"allow":["GET"]}}],"collection":[{"href":"https:\/\/tvbrazilusa.com\/pt\/wp-json\/wp\/v2\/posts"}],"about":[{"href":"https:\/\/tvbrazilusa.com\/pt\/wp-json\/wp\/v2\/types\/post"}],"author":[{"embeddable":true,"href":"https:\/\/tvbrazilusa.com\/pt\/wp-json\/wp\/v2\/users\/1"}],"replies":[{"embeddable":true,"href":"https:\/\/tvbrazilusa.com\/pt\/wp-json\/wp\/v2\/comments?post=60147"}],"version-history":[{"count":1,"href":"https:\/\/tvbrazilusa.com\/pt\/wp-json\/wp\/v2\/posts\/60147\/revisions"}],"predecessor-version":[{"id":60149,"href":"https:\/\/tvbrazilusa.com\/pt\/wp-json\/wp\/v2\/posts\/60147\/revisions\/60149"}],"wp:featuredmedia":[{"embeddable":true,"href":"https:\/\/tvbrazilusa.com\/pt\/wp-json\/wp\/v2\/media\/60148"}],"wp:attachment":[{"href":"https:\/\/tvbrazilusa.com\/pt\/wp-json\/wp\/v2\/media?parent=60147"}],"wp:term":[{"taxonomy":"category","embeddable":true,"href":"https:\/\/tvbrazilusa.com\/pt\/wp-json\/wp\/v2\/categories?post=60147"},{"taxonomy":"post_tag","embeddable":true,"href":"https:\/\/tvbrazilusa.com\/pt\/wp-json\/wp\/v2\/tags?post=60147"}],"curies":[{"name":"wp","href":"https:\/\/api.w.org\/{rel}","templated":true}]}}