{"id":60156,"date":"2024-11-15T17:58:58","date_gmt":"2024-11-15T17:58:58","guid":{"rendered":"https:\/\/tvbrazilusa.com\/2024\/11\/15\/homem-e-encontrado-morto-em-poco-de-elevador-de-shopping\/"},"modified":"2024-11-15T17:59:01","modified_gmt":"2024-11-15T17:59:01","slug":"homem-e-encontrado-morto-em-poco-de-elevador-de-shopping","status":"publish","type":"post","link":"https:\/\/tvbrazilusa.com\/pt\/2024\/11\/15\/homem-e-encontrado-morto-em-poco-de-elevador-de-shopping\/","title":{"rendered":"Homem \u00e9 encontrado morto em po\u00e7o de elevador de shopping"},"content":{"rendered":"<p> <script async src=\"https:\/\/pagead2.googlesyndication.com\/pagead\/js\/adsbygoogle.js?client=ca-pub-8864793242727901\"\r\n     crossorigin=\"anonymous\"><\/script><br \/>\n<\/p>\n<div>\n<figure class=\"post-image\">\n<\/figure>\n<p>            <span style=\"font-size: 12px\">Reprodu\u00e7\u00e3o<\/span><\/p>\n<p>            <!-- end metas --><br \/>\n            <!-- ADS --><\/p>\n<div id=\"taboola-read-more\" style=\"display:block; width:100%\">\n<p>Um homem de aproximadamente 30 anos foi encontrado morto na manh\u00e3 desta quarta-feira (14) no po\u00e7o de um elevador do Shopping Esta\u00e7\u00e3o, localizado em Curitiba, segundo informa\u00e7\u00f5es do Corpo de Bombeiros . A v\u00edtima, que estava no estacionamento do estabelecimento, ficou presa entre o elevador e a parede do po\u00e7o.\n<\/p>\n<p>At\u00e9 a \u00faltima atualiza\u00e7\u00e3o desta reportagem, as circunst\u00e2ncias exatas que levaram \u00e0 morte ainda n\u00e3o haviam sido esclarecidas. A v\u00edtima foi encontrada pela equipe t\u00e9cnica da empresa respons\u00e1vel pela manuten\u00e7\u00e3o do elevador, que foi acionada logo ap\u00f3s a ocorr\u00eancia.<\/p>\n<p>O Corpo de Bombeiros confirmou que a v\u00edtima morreu no local e foi encontrada j\u00e1 sem sinais vitais. O Servi\u00e7o de Atendimento M\u00f3vel de Urg\u00eancia (Samu) e a Pol\u00edcia Militar (PM) foram chamados para atender \u00e0 ocorr\u00eancia, e a Pol\u00edcia Criminal\u00edstica, junto com o Instituto M\u00e9dico-Legal (IML), tamb\u00e9m esteve no shopping para realizar a remo\u00e7\u00e3o do corpo.\n<\/p>\n<p class=\"\">Apesar do incidente, o atendimento no shopping seguiu normalmente ap\u00f3s a ocorr\u00eancia. Em nota oficial, a administra\u00e7\u00e3o do shopping lamentou o ocorrido e afirmou que est\u00e1 colaborando com as investiga\u00e7\u00f5es para apurar as causas do acidente.\n<\/p>\n<p>&#8220;O shopping lamenta profundamente o ocorrido, e informa que est\u00e1 colaborando com as autoridades e prestando todo o apoio e informa\u00e7\u00f5es necess\u00e1rias para esclarecer a ocorr\u00eancia&#8221;, disse.<\/p>\n<p>Fonte: iG              <\/p>\n<\/div>\n<p>                        <!-- Scripts para conteudo --><\/p>\n<p>            <!-- .\/Scripts para conteudo --><br \/>\n            <!-- .\/Mat\u00e9ria --><\/p>\n<div class=\"row mt-3\">\n<div class=\"col-sm-6\">\n                <!-- Whatsapp channel 3--><br \/>\n                <a href=\"https:\/\/chat.whatsapp.com\/J6hwSKYns5B0XFowx2wZ0P\" target=\"_blank\"><br \/>\n                  <img decoding=\"async\" src=\"https:\/\/diariodobrasilnoticias.com.br\/assets-site\/images\/bot_whatsapp.png\"\/><\/a>\n              <\/div>\n<div class=\"col-sm-6\">\n                <a href=\"https:\/\/t.me\/+_4gTmi5LKo03OTM5\" target=\"_blank\"><br \/>\n                  <img decoding=\"async\" src=\"https:\/\/diariodobrasilnoticias.com.br\/assets-site\/images\/bot_telegram.png\"\/><\/a>\n              <\/div>\n<\/p><\/div>\n<p>            <!-- end post-navigation --><\/p>\n<p>              <!-- end row --><\/p>\n<p>              <!-- end col-12-->\n                      <\/div>\n<p><br \/>\n<br \/><a href=\"https:\/\/diariodobrasilnoticias.com.br\/noticia\/homem-e-encontrado-morto-em-poco-de-elevador-de-shopping-67376652b2045\">Source link <\/a><\/p>","protected":false},"excerpt":{"rendered":"<p>Reprodu\u00e7\u00e3o Um homem de aproximadamente 30 anos foi encontrado morto na manh\u00e3 desta quarta-feira (14) no po\u00e7o de um elevador do Shopping Esta\u00e7\u00e3o, localizado em Curitiba, segundo informa\u00e7\u00f5es do Corpo&hellip;<\/p>","protected":false},"author":1,"featured_media":60157,"comment_status":"closed","ping_status":"open","sticky":false,"template":"","format":"standard","meta":{"content-type":"","footnotes":""},"categories":[16],"tags":[123,2448,5313,1267],"class_list":["post-60156","post","type-post","status-publish","format-standard","has-post-thumbnail","hentry","category-noticias","tag-brasil","tag-diario","tag-noticia","tag-noticias"],"_links":{"self":[{"href":"https:\/\/tvbrazilusa.com\/pt\/wp-json\/wp\/v2\/posts\/60156","targetHints":{"allow":["GET"]}}],"collection":[{"href":"https:\/\/tvbrazilusa.com\/pt\/wp-json\/wp\/v2\/posts"}],"about":[{"href":"https:\/\/tvbrazilusa.com\/pt\/wp-json\/wp\/v2\/types\/post"}],"author":[{"embeddable":true,"href":"https:\/\/tvbrazilusa.com\/pt\/wp-json\/wp\/v2\/users\/1"}],"replies":[{"embeddable":true,"href":"https:\/\/tvbrazilusa.com\/pt\/wp-json\/wp\/v2\/comments?post=60156"}],"version-history":[{"count":1,"href":"https:\/\/tvbrazilusa.com\/pt\/wp-json\/wp\/v2\/posts\/60156\/revisions"}],"predecessor-version":[{"id":60158,"href":"https:\/\/tvbrazilusa.com\/pt\/wp-json\/wp\/v2\/posts\/60156\/revisions\/60158"}],"wp:featuredmedia":[{"embeddable":true,"href":"https:\/\/tvbrazilusa.com\/pt\/wp-json\/wp\/v2\/media\/60157"}],"wp:attachment":[{"href":"https:\/\/tvbrazilusa.com\/pt\/wp-json\/wp\/v2\/media?parent=60156"}],"wp:term":[{"taxonomy":"category","embeddable":true,"href":"https:\/\/tvbrazilusa.com\/pt\/wp-json\/wp\/v2\/categories?post=60156"},{"taxonomy":"post_tag","embeddable":true,"href":"https:\/\/tvbrazilusa.com\/pt\/wp-json\/wp\/v2\/tags?post=60156"}],"curies":[{"name":"wp","href":"https:\/\/api.w.org\/{rel}","templated":true}]}}