{"id":60171,"date":"2024-11-15T18:15:06","date_gmt":"2024-11-15T18:15:06","guid":{"rendered":"https:\/\/tvbrazilusa.com\/2024\/11\/15\/policia-isola-area-na-praca-dos-tres-poderes-devido-a-suspeita-de-nova-bomba-veja-video\/"},"modified":"2024-11-15T18:15:07","modified_gmt":"2024-11-15T18:15:07","slug":"policia-isola-area-na-praca-dos-tres-poderes-devido-a-suspeita-de-nova-bomba-veja-video","status":"publish","type":"post","link":"https:\/\/tvbrazilusa.com\/pt\/2024\/11\/15\/policia-isola-area-na-praca-dos-tres-poderes-devido-a-suspeita-de-nova-bomba-veja-video\/","title":{"rendered":"Pol\u00edcia isola \u00e1rea na Pra\u00e7a dos Tr\u00eas Poderes devido \u00e0 suspeita de nova bomba; VEJA V\u00cdDEO"},"content":{"rendered":"<p> <script async src=\"https:\/\/pagead2.googlesyndication.com\/pagead\/js\/adsbygoogle.js?client=ca-pub-8864793242727901\"\r\n     crossorigin=\"anonymous\"><\/script><br \/>\n<br \/>Pol\u00edcia isola \u00e1rea na Pra\u00e7a dos Tr\u00eas Poderes devido \u00e0 suspeita de nova bomba; VEJA V\u00cdDEO<br \/>\n<br \/><br \/>\n<br \/><a href=\"https:\/\/diariodobrasilnoticias.com.br\/noticia\/policia-isola-area-na-praca-dos-tres-poderes-devido-a-suspeita-de-nova-bomba-veja-video-6737676a75a16\">Source link <\/a><\/p>","protected":false},"excerpt":{"rendered":"<p>Pol\u00edcia isola \u00e1rea na Pra\u00e7a dos Tr\u00eas Poderes devido \u00e0 suspeita de nova bomba; VEJA V\u00cdDEO Source link<\/p>","protected":false},"author":1,"featured_media":60172,"comment_status":"closed","ping_status":"open","sticky":false,"template":"","format":"standard","meta":{"content-type":"","footnotes":""},"categories":[16],"tags":[123,2448,5313,1267],"class_list":["post-60171","post","type-post","status-publish","format-standard","has-post-thumbnail","hentry","category-noticias","tag-brasil","tag-diario","tag-noticia","tag-noticias"],"_links":{"self":[{"href":"https:\/\/tvbrazilusa.com\/pt\/wp-json\/wp\/v2\/posts\/60171","targetHints":{"allow":["GET"]}}],"collection":[{"href":"https:\/\/tvbrazilusa.com\/pt\/wp-json\/wp\/v2\/posts"}],"about":[{"href":"https:\/\/tvbrazilusa.com\/pt\/wp-json\/wp\/v2\/types\/post"}],"author":[{"embeddable":true,"href":"https:\/\/tvbrazilusa.com\/pt\/wp-json\/wp\/v2\/users\/1"}],"replies":[{"embeddable":true,"href":"https:\/\/tvbrazilusa.com\/pt\/wp-json\/wp\/v2\/comments?post=60171"}],"version-history":[{"count":1,"href":"https:\/\/tvbrazilusa.com\/pt\/wp-json\/wp\/v2\/posts\/60171\/revisions"}],"predecessor-version":[{"id":60173,"href":"https:\/\/tvbrazilusa.com\/pt\/wp-json\/wp\/v2\/posts\/60171\/revisions\/60173"}],"wp:featuredmedia":[{"embeddable":true,"href":"https:\/\/tvbrazilusa.com\/pt\/wp-json\/wp\/v2\/media\/60172"}],"wp:attachment":[{"href":"https:\/\/tvbrazilusa.com\/pt\/wp-json\/wp\/v2\/media?parent=60171"}],"wp:term":[{"taxonomy":"category","embeddable":true,"href":"https:\/\/tvbrazilusa.com\/pt\/wp-json\/wp\/v2\/categories?post=60171"},{"taxonomy":"post_tag","embeddable":true,"href":"https:\/\/tvbrazilusa.com\/pt\/wp-json\/wp\/v2\/tags?post=60171"}],"curies":[{"name":"wp","href":"https:\/\/api.w.org\/{rel}","templated":true}]}}