{"id":60177,"date":"2024-11-15T18:14:02","date_gmt":"2024-11-15T18:14:02","guid":{"rendered":"https:\/\/tvbrazilusa.com\/2024\/11\/15\/somerville-trabalha-para-reafirmar-seu-status-de-cidade-santuario\/"},"modified":"2024-11-15T18:21:21","modified_gmt":"2024-11-15T18:21:21","slug":"somerville-trabalha-para-reafirmar-seu-status-de-cidade-santuario","status":"publish","type":"post","link":"https:\/\/tvbrazilusa.com\/pt\/2024\/11\/15\/somerville-trabalha-para-reafirmar-seu-status-de-cidade-santuario\/","title":{"rendered":"Somerville trabalha para reafirmar seu status de cidade santu\u00e1rio"},"content":{"rendered":"<p> <script async src=\"https:\/\/pagead2.googlesyndication.com\/pagead\/js\/adsbygoogle.js?client=ca-pub-8864793242727901\"\r\n     crossorigin=\"anonymous\"><\/script><br \/>\n<\/p>\n<div id=\"\">\n<header class=\"m-article-header m-article-header--standard\">\n\t\t\t\t\t\t\t\t\t\t\t\t<span id=\"article-header-primary-term\"><br \/>\n\t\t\t\t\t\t\t\t<a class=\"a-term a-term--primary\" href=\"https:\/\/www.boston.com\/tag\/local-news\/\"><\/p>\n<p>\t\t\t\t\t\t\t\tNot\u00edcias locais\t\t\t\t\t\t\t\t<\/a><br \/>\n\t\t\t\t\t\t\t<\/span><\/p>\n<h2 class=\"m-article-header__sub-headline\">Durante uma reuni\u00e3o recente, os vereadores discutiram a resolu\u00e7\u00e3o ap\u00f3s a reelei\u00e7\u00e3o de Donald Trump.<\/h2>\n<figure class=\"a-photo m-article-header__photo\"><figcaption class=\"a-photo__caption\">\n<p>\tAutoridades e residentes da cidade de Somerville se reuniram para mostrar apoio \u00e0 designa\u00e7\u00e3o de cidade santu\u00e1rio em 2017.<em> Craig F. Walker \/ The Boston Globe, Arquivo<\/em>\t<\/figcaption><\/figure>\n<\/header>\n<p>Os vereadores de Somerville est\u00e3o trabalhando para reafirmar o status da cidade como uma \u201ccidade santu\u00e1rio\u201d ap\u00f3s a reelei\u00e7\u00e3o de Donald Trump, que dirigiu uma campanha <a href=\"https:\/\/www.boston.com\/news\/politics\/2024\/11\/11\/donald-trump-tom-homan-former-director-immigration-enforcement-border-czar\/\">prometendo uma deporta\u00e7\u00e3o em massa de migrantes indocumentados<\/a>.<\/p>\n<p>O <a href=\"https:\/\/somervillema.legistar.com\/LegislationDetail.aspx?ID=7018842&#038;GUID=ECE896C1-FE6E-425B-87E6-E7EC79405D2D\">resolu\u00e7\u00e3o<\/a> discutido na reuni\u00e3o do Conselho Municipal de quinta-feira \u00e0 noite observou que o clima nacional permanece \u201chostil\u201d em rela\u00e7\u00e3o aos imigrantes e refugiados e que o pr\u00f3ximo regresso do Presidente Trump traz \u201criscos acrescidos\u201d para as comunidades imigrantes. <\/p>\n<p>A resolu\u00e7\u00e3o promete que a cidade proteger\u00e1 a \u201cseguran\u00e7a, dignidade e direitos dos imigrantes, migrantes, requerentes de asilo, asilados e refugiados residentes em Somerville\u201d.<\/p>\n<p>A C\u00e2mara Municipal encaminhou a resolu\u00e7\u00e3o \u00e0 Comiss\u00e3o de Assuntos Legislativos da cidade; ele retornar\u00e1 ao conselho para vota\u00e7\u00e3o em uma data posterior. <\/p>\n<p>Maria Teresa Nagel, diretora do SomerViva, o escrit\u00f3rio municipal de assuntos de imigrantes, disse na reuni\u00e3o que a resolu\u00e7\u00e3o \u201cenvia uma mensagem muito forte\u201d.<\/p>\n<p>Para aqueles que questionam se a cidade deveria emitir uma mensagem em voz alta durante um per\u00edodo em que as pessoas ser\u00e3o alvo de ataques, Nagel disse: \u201cJ\u00e1 somos alvos\u201d. <\/p>\n<p>Contudo, a resolu\u00e7\u00e3o envia uma mensagem clara aos residentes da cidade de que \u201cn\u00e3o h\u00e1 nenhuma t\u00e1ctica do medo que funcione connosco\u201d, disse Nagel. <\/p>\n<p>\u201cTempos dif\u00edceis est\u00e3o chegando e haver\u00e1 muitas coisas que estar\u00e3o fora do nosso controle\u201d, disse ela. \u201cMas enviar uma mensagem clara de apoio, comparecer todos os dias, permanecer comprometidos com os nossos valores \u2013 isso \u00e9 algo que podemos fazer.\u201d <\/p>\n<p>Somerville declarou-se uma cidade santu\u00e1rio em 1987, perdendo apenas para Cambridge, e reafirmou esse status em 2016 e novamente em 2019. A resolu\u00e7\u00e3o \u00e9 uma declara\u00e7\u00e3o dos valores da C\u00e2mara Municipal e n\u00e3o transforma nada em lei. <\/p>\n<p>A resolu\u00e7\u00e3o promete que a pol\u00edcia e as escolas p\u00fablicas da cidade n\u00e3o solicitar\u00e3o nem aceitar\u00e3o fundos federais que exijam a recolha de informa\u00e7\u00f5es sobre a origem nacional, imigra\u00e7\u00e3o ou estatuto de cidadania de funcion\u00e1rios, estudantes ou residentes para efeitos de deporta\u00e7\u00e3o. <\/p>\n<p>Nele, o Departamento de Pol\u00edcia de Somerville tamb\u00e9m reafirma o seu compromisso de n\u00e3o cooperar com ag\u00eancias externas de aplica\u00e7\u00e3o da lei em quest\u00f5es relacionadas com a deten\u00e7\u00e3o de imigrantes.<\/p>\n<p>A resolu\u00e7\u00e3o afirma: \u201cIndependentemente da press\u00e3o externa ou dos desafios enfrentados pelas cidades-santu\u00e1rio, Somerville continua comprometida com os seus valores de inclus\u00e3o, equidade e justi\u00e7a e n\u00e3o hesitar\u00e1 em apoiar os nossos vizinhos imigrantes, que s\u00e3o essenciais para a for\u00e7a e diversidade da nossa comunidade. .\u201d <\/p>\n<p>Judy Pineda Neufeld, vice-presidente da C\u00e2mara Municipal, disse na reuni\u00e3o que lhe perguntaram muitas vezes nos \u00faltimos dias sobre esta resolu\u00e7\u00e3o e porque \u00e9 que a est\u00e3o a trazer de volta agora. <\/p>\n<p>\u201c\u00c9 porque acredito em fazer tudo o que pudermos, com todas as ferramentas \u00e0 nossa disposi\u00e7\u00e3o, para proteger os nossos mais vulner\u00e1veis, para proteger os nossos vizinhos e fam\u00edlias imigrantes, e esta \u00e9 uma das formas de o podermos fazer\u201d, disse ela. <\/p>\n<p>A vereadora Naima Sait, tamb\u00e9m professora, disse que viu o medo que seus alunos enfrentaram todos os dias durante o \u00faltimo mandato de Trump. <\/p>\n<p>Ela viu quantos de seus alunos ficaram para tr\u00e1s nos trabalhos escolares ao assumirem responsabilidades mais significativas para suas fam\u00edlias como os principais provedores, buscando aconselhamento jur\u00eddico ou sendo int\u00e9rpretes para seus pais que poderiam ter sido deportados. <\/p>\n<p>\u201cEu n\u00e3o deixei o medo me paralisar naquela \u00e9poca e n\u00e3o vou deixar o medo me paralisar agora\u201d, disse Sait. <\/p>\n<p>\u00c0 medida que Sait, uma imigrante de primeira gera\u00e7\u00e3o, trabalhava para obter a sua cidadania, ela come\u00e7ou a ver Somerville como a sua casa, especialmente porque isso significava ser \u201cparte de uma comunidade que canalizava a sua raiva para a ac\u00e7\u00e3o\u201d. <\/p>\n<p>A resolu\u00e7\u00e3o e outros vereadores tamb\u00e9m apelam \u00e0s cidades vizinhas para reafirmarem o seu compromisso de \u201cservir e proteger as suas comunidades imigrantes\u201d. <\/p>\n<div class=\"o-author-single has-avatar\">\n<header class=\"m-author-card\">\n<div class=\"a-image a-image--square m-author-card__image\">\n\t\t<img decoding=\"async\" class=\"\" src=\"https:\/\/www.boston.com\/wp-content\/uploads\/2024\/05\/cropped-Beth_Treffeisen_005-3-6658d40786aac-6658d41b5c40b.jpg\" alt=\"Imagem do perfil de Beth Treffeisen\"\/>\t<\/div>\n<\/header>\n<section class=\"author-info\">\n<hr class=\"m-author__section--hr\"\/>\n<div class=\"m-author__section\">\n<p>Beth Treffeisen \u00e9 rep\u00f3rter geral do Boston.com, com foco em not\u00edcias locais, crimes e neg\u00f3cios na regi\u00e3o da Nova Inglaterra.<\/p>\n<\/div>\n<hr class=\"m-author__section--hr\"\/>\t<\/section>\n<\/div>\n<div class=\"m-block m-generic-cta\t m-generic-cta--post-content\t m-generic-cta--dark\t m-generic-cta--homepage\t m-generic-cta--email-signup\t\t m-generic-cta-block-style--default \tt-amp__generic-cta\"><\/p>\n<div class=\"m-generic-cta__wrap\">\n<div class=\"m-generic-cta__content\">\n<h3 class=\"m-generic-cta__title\">Boston.com hoje<\/h3>\n<p class=\"m-generic-cta__subtitle\">Inscreva-se para receber as \u00faltimas manchetes em sua caixa de entrada todas as manh\u00e3s.<\/p>\n<\/p><\/div>\n<\/p><\/div>\n<\/div><\/div>\n<p><script>\n\t\tvar consent=\"grant\";\n\t\t\/* The above code is parsing the JSON data from the local storage and storing it in a variable. *\/\n\t\t\t\t\tconst onetrustStorageConsent = JSON.parse(localStorage.getItem( 'consent_one_trust_bdc' ) );\n\t\t\tif ( ( onetrustStorageConsent !== null ) ) {\n\t\t\t\t\/* Checking to see if the user has consented to the use of cookies.\n\t\t\t\t* If they have not, it is deleting the cookie.\n\t\t\t\t* This will comment for now, until further notice.\n\t\t\t\t*\/\n\t\t\t\t\/\/if ( onetrustStorageConsent.C0002 === false ) {\n\t\t\t\t\/\/\tdocument.cookie=\"_fbp=;expires=Thu, 01 Jan 2010 00:00:00 UTC; path=\/; domain=.boston.com\";\n\t\t\t\t\/\/}\n\t\t\t\t\/* Checking if the user has given consent for the cookie C0002.\n\t\t\t\t* If the user has given consent, the variable consent will be set to 'grant'.\n\t\t\t\t* If the user has not given consent,the variable consent will be set to 'revoke'.\n\t\t\t\t* Documentation https:\/\/developers.facebook.com\/docs\/meta-pixel\/implementation\/gdpr\n\t\t\t\t*\/\n\t\t\t\tif ( onetrustStorageConsent.C0002 !== true ) {\n\t\t\t\t\tconsent=\"revoke\";\n\t\t\t\t}\n\t\t\t}\n\t\t\t\t!function(f,b,e,v,n,t,s)\n\t\t{if(f.fbq)return;n=f.fbq=function(){n.callMethod?\n\t\tn.callMethod.apply(n,arguments):n.queue.push(arguments)};\n\t\tif(!f._fbq)f._fbq=n;n.push=n;n.loaded=!0;n.version='2.0';\n\t\tn.queue=[];t=b.createElement(e);t.async=!0;\n\t\tt.src=v;s=b.getElementsByTagName(e)[0];\n\t\ts.parentNode.insertBefore(t,s)}(window, document,'script',\n\t\t'https:\/\/connect.facebook.net\/en_US\/fbevents.js');\n\t\tfbq('consent', consent);\n\t\tfbq('init', '989222871864976');\n\t\tfbq('track', 'PageView');\n\t<\/script><script type=\"module\">\n\t\tvar consent=\"grant\";\n\t\t\/* The above code is parsing the JSON data from the local storage and storing it in a variable. *\/\n\t\t\tconst onetrustStorageConsent = JSON.parse(localStorage.getItem( 'consent_one_trust_bdc' ) );\n\t\t\t\/* Checking to see if the user has consented to the use of cookies.\n\t\t\t* If they have not, it is deleting the cookie.\n\t\t\t* This will comment for now, until further notice.\n\t\t\t*\/\n\t\t\t\/\/if ( onetrustStorageConsent.C0002 === false ) {\n\t\t\t\/\/\tdocument.cookie=\"_fbp=;expires=Thu, 01 Jan 2010 00:00:00 UTC; path=\/; domain=.boston.com\";\n\t\t\t\/\/}\n\t\t\t\/* Checking if the user has given consent for the cookie C0002.\n\t\t\t* If the user has given consent, the variable consent will be set to 'grant'.\n\t\t\t* If the user has not given consent,the variable consent will be set to 'revoke'.\n\t\t\t* Documentation https:\/\/developers.facebook.com\/docs\/meta-pixel\/implementation\/gdpr\n\t\t\t*\/\n\t\t\tif ( ( onetrustStorageConsent !== null ) && (onetrustStorageConsent.C0002 !== true ) ) {\n\t\t\t\tconsent=\"revoke\";\n\t\t\t}\n\t\t\t\t!function(f,b,e,v,n,t,s){if(f.fbq)return;n=f.fbq=function()\n\t\t{n.callMethod? n.callMethod.apply(n,arguments):n.queue.push(arguments)}\n\t\t;if(!f._fbq)f._fbq=n;\n\t\tn.push=n;n.loaded=!0;n.version='2.0';n.queue=[];t=b.createElement(e);t.async=!0;\n\t\tt.src=v;s=b.getElementsByTagName(e)[0];s.parentNode.insertBefore(t,s)}(window,\n\t\tdocument,'script','https:\/\/connect.facebook.net\/en_US\/fbevents.js');\n\t\tfbq('consent', consent);\n\t\tfbq('init', '813236348753005');\n\t\tfbq('track', \"PageView\");\n\t<\/script><br \/>\n<br \/><br \/>\n<br \/><a href=\"https:\/\/www.boston.com\/news\/local-news\/2024\/11\/15\/somerville-works-to-reaffirm-its-sanctuary-city-status\/\">Source link <\/a><\/p>","protected":false},"excerpt":{"rendered":"<p>Not\u00edcias locais Durante uma reuni\u00e3o recente, os vereadores discutiram a resolu\u00e7\u00e3o ap\u00f3s a reelei\u00e7\u00e3o de Donald Trump. Autoridades e residentes da cidade de Somerville se reuniram para mostrar apoio \u00e0&hellip;<\/p>","protected":false},"author":1,"featured_media":60178,"comment_status":"closed","ping_status":"open","sticky":false,"template":"","format":"standard","meta":{"content-type":"","footnotes":""},"categories":[1],"tags":[],"class_list":["post-60177","post","type-post","status-publish","format-standard","has-post-thumbnail","hentry","category-uncategorized"],"_links":{"self":[{"href":"https:\/\/tvbrazilusa.com\/pt\/wp-json\/wp\/v2\/posts\/60177","targetHints":{"allow":["GET"]}}],"collection":[{"href":"https:\/\/tvbrazilusa.com\/pt\/wp-json\/wp\/v2\/posts"}],"about":[{"href":"https:\/\/tvbrazilusa.com\/pt\/wp-json\/wp\/v2\/types\/post"}],"author":[{"embeddable":true,"href":"https:\/\/tvbrazilusa.com\/pt\/wp-json\/wp\/v2\/users\/1"}],"replies":[{"embeddable":true,"href":"https:\/\/tvbrazilusa.com\/pt\/wp-json\/wp\/v2\/comments?post=60177"}],"version-history":[{"count":1,"href":"https:\/\/tvbrazilusa.com\/pt\/wp-json\/wp\/v2\/posts\/60177\/revisions"}],"predecessor-version":[{"id":60179,"href":"https:\/\/tvbrazilusa.com\/pt\/wp-json\/wp\/v2\/posts\/60177\/revisions\/60179"}],"wp:featuredmedia":[{"embeddable":true,"href":"https:\/\/tvbrazilusa.com\/pt\/wp-json\/wp\/v2\/media\/60178"}],"wp:attachment":[{"href":"https:\/\/tvbrazilusa.com\/pt\/wp-json\/wp\/v2\/media?parent=60177"}],"wp:term":[{"taxonomy":"category","embeddable":true,"href":"https:\/\/tvbrazilusa.com\/pt\/wp-json\/wp\/v2\/categories?post=60177"},{"taxonomy":"post_tag","embeddable":true,"href":"https:\/\/tvbrazilusa.com\/pt\/wp-json\/wp\/v2\/tags?post=60177"}],"curies":[{"name":"wp","href":"https:\/\/api.w.org\/{rel}","templated":true}]}}