{"id":60192,"date":"2024-11-15T19:06:05","date_gmt":"2024-11-15T19:06:05","guid":{"rendered":"https:\/\/tvbrazilusa.com\/2024\/11\/15\/apos-as-explosoes-no-stf-homem-tenta-invadir-a-granja-do-torto\/"},"modified":"2024-11-15T19:06:06","modified_gmt":"2024-11-15T19:06:06","slug":"apos-as-explosoes-no-stf-homem-tenta-invadir-a-granja-do-torto","status":"publish","type":"post","link":"https:\/\/tvbrazilusa.com\/pt\/2024\/11\/15\/apos-as-explosoes-no-stf-homem-tenta-invadir-a-granja-do-torto\/","title":{"rendered":"Ap\u00f3s as explos\u00f5es no STF, homem tenta invadir a Granja do Torto"},"content":{"rendered":"<p> <script async src=\"https:\/\/pagead2.googlesyndication.com\/pagead\/js\/adsbygoogle.js?client=ca-pub-8864793242727901\"\r\n     crossorigin=\"anonymous\"><\/script><br \/>\n<\/p>\n<div id=\"taboola-read-more\" style=\"display:block; width:100%\">\n<p>Na noite da \u00faltima quarta-feira (13), um homem tentou invadir a Granja do Torto, resid\u00eancia de campo da Presid\u00eancia da Rep\u00fablica, e foi repelido por militares do Ex\u00e9rcito que atuam na seguran\u00e7a do local. De acordo com o Gabinete de Seguran\u00e7a Institucional (GSI), o incidente ocorreu por volta das 21h, pouco ap\u00f3s uma s\u00e9rie de explos\u00f5es na Pra\u00e7a dos Tr\u00eas Poderes, em Bras\u00edlia, que deixou a capital federal em alerta.\n<\/p>\n<p><strong>Tentativa de invas\u00e3o e disparo de advert\u00eancia<\/strong><\/p>\n<p>O GSI informou que uma sentinela da Granja do Torto percebeu a aproxima\u00e7\u00e3o suspeita de uma pessoa e realizou um disparo de advert\u00eancia com muni\u00e7\u00e3o n\u00e3o letal ap\u00f3s alertar o indiv\u00edduo para que se afastasse. O suspeito, no entanto, fugiu, e apesar de buscas realizadas nas imedia\u00e7\u00f5es, ningu\u00e9m foi localizado. N\u00e3o h\u00e1 informa\u00e7\u00f5es at\u00e9 o momento que confirmem liga\u00e7\u00e3o entre esse epis\u00f3dio e o atentado ocorrido na Pra\u00e7a dos Tr\u00eas Poderes.\n<\/p>\n<p>A Granja do Torto, localizada a cerca de 15 quil\u00f4metros do centro de Bras\u00edlia, \u00e9 conhecida por ser uma \u00e1rea de descanso da Presid\u00eancia, com grandes \u00e1reas verdes, mas que hoje se encontra em uma regi\u00e3o de constante movimento. O incidente gerou preocupa\u00e7\u00e3o sobre a seguran\u00e7a das resid\u00eancias oficiais e instala\u00e7\u00f5es governamentais.\n<\/p>\n<p><strong>Explos\u00f5es no STF e morte de suspeito<\/strong>\n<\/p>\n<p>Horas antes, um homem morreu ao se explodir em frente ao Supremo Tribunal Federal (STF), ap\u00f3s detonar bombas em outros pontos da Pra\u00e7a dos Tr\u00eas Poderes, reacendendo o alerta de seguran\u00e7a em Bras\u00edlia. O autor do ataque foi identificado como Francisco Wanderley Luiz, de 59 anos, chaveiro e ex-candidato a vereador em Rio do Sul, Santa Catarina, sob o nome de urna Ti\u00fc Fran\u00e7a.\n<\/p>\n<p>Francisco utilizava uma vestimenta que fazia alus\u00e3o ao personagem Coringa, famoso vil\u00e3o de hist\u00f3rias em quadrinhos, com trajes decorados com naipes de cartas e chap\u00e9u branco encontrado ao lado de seu corpo. Segundo a vice-governadora do Distrito Federal, Celina Le\u00e3o, ele tentou entrar no pr\u00e9dio do STF antes do ataque, mas foi impedido.\n<\/p>\n<p><strong>Relato do seguran\u00e7a<\/strong>\n<\/p>\n<p>Natanael Carmelo, seguran\u00e7a do Supremo e testemunha ocular da explos\u00e3o, descreveu em boletim de ocorr\u00eancia que Francisco retirou artefatos de sua mochila e, ao se aproximar dos seguran\u00e7as, os advertiu para que se afastassem. Segundo o relato, o homem carregava um dispositivo semelhante a um rel\u00f3gio digital, suspeito de ser um detonador. Ele chegou a pegar um extintor de inc\u00eandio, mas logo o colocou de lado e lan\u00e7ou alguns artefatos que explodiram na sequ\u00eancia.\n<\/p>\n<p>O seguran\u00e7a informou ainda que, ap\u00f3s as primeiras explos\u00f5es, Francisco deitou no ch\u00e3o, colocou um travesseiro sob a cabe\u00e7a e acionou o \u00faltimo explosivo, que resultou em sua morte.<\/p>\n<p>Fonte: Gazeta Brasil              <\/p>\n<\/div>\n<p><br \/>\n<br \/><a href=\"https:\/\/diariodobrasilnoticias.com.br\/noticia\/apos-as-explosoes-no-stf-homem-tenta-invadir-a-granja-do-torto-67377132de9c5\">Source link <\/a><\/p>","protected":false},"excerpt":{"rendered":"<p>Na noite da \u00faltima quarta-feira (13), um homem tentou invadir a Granja do Torto, resid\u00eancia de campo da Presid\u00eancia da Rep\u00fablica, e foi repelido por militares do Ex\u00e9rcito que atuam&hellip;<\/p>","protected":false},"author":1,"featured_media":60193,"comment_status":"closed","ping_status":"open","sticky":false,"template":"","format":"standard","meta":{"content-type":"","footnotes":""},"categories":[16],"tags":[123,2448,5313,1267],"class_list":["post-60192","post","type-post","status-publish","format-standard","has-post-thumbnail","hentry","category-noticias","tag-brasil","tag-diario","tag-noticia","tag-noticias"],"_links":{"self":[{"href":"https:\/\/tvbrazilusa.com\/pt\/wp-json\/wp\/v2\/posts\/60192","targetHints":{"allow":["GET"]}}],"collection":[{"href":"https:\/\/tvbrazilusa.com\/pt\/wp-json\/wp\/v2\/posts"}],"about":[{"href":"https:\/\/tvbrazilusa.com\/pt\/wp-json\/wp\/v2\/types\/post"}],"author":[{"embeddable":true,"href":"https:\/\/tvbrazilusa.com\/pt\/wp-json\/wp\/v2\/users\/1"}],"replies":[{"embeddable":true,"href":"https:\/\/tvbrazilusa.com\/pt\/wp-json\/wp\/v2\/comments?post=60192"}],"version-history":[{"count":1,"href":"https:\/\/tvbrazilusa.com\/pt\/wp-json\/wp\/v2\/posts\/60192\/revisions"}],"predecessor-version":[{"id":60194,"href":"https:\/\/tvbrazilusa.com\/pt\/wp-json\/wp\/v2\/posts\/60192\/revisions\/60194"}],"wp:featuredmedia":[{"embeddable":true,"href":"https:\/\/tvbrazilusa.com\/pt\/wp-json\/wp\/v2\/media\/60193"}],"wp:attachment":[{"href":"https:\/\/tvbrazilusa.com\/pt\/wp-json\/wp\/v2\/media?parent=60192"}],"wp:term":[{"taxonomy":"category","embeddable":true,"href":"https:\/\/tvbrazilusa.com\/pt\/wp-json\/wp\/v2\/categories?post=60192"},{"taxonomy":"post_tag","embeddable":true,"href":"https:\/\/tvbrazilusa.com\/pt\/wp-json\/wp\/v2\/tags?post=60192"}],"curies":[{"name":"wp","href":"https:\/\/api.w.org\/{rel}","templated":true}]}}