{"id":60213,"date":"2024-11-15T19:57:57","date_gmt":"2024-11-15T19:57:57","guid":{"rendered":"https:\/\/tvbrazilusa.com\/2024\/11\/15\/de-novo-pela-terceira-vez-governo-lula-aumenta-imposto-sobre-paineis-solares-veja\/"},"modified":"2024-11-15T19:57:59","modified_gmt":"2024-11-15T19:57:59","slug":"de-novo-pela-terceira-vez-governo-lula-aumenta-imposto-sobre-paineis-solares-veja","status":"publish","type":"post","link":"https:\/\/tvbrazilusa.com\/pt\/2024\/11\/15\/de-novo-pela-terceira-vez-governo-lula-aumenta-imposto-sobre-paineis-solares-veja\/","title":{"rendered":"DE NOVO: Pela terceira vez, governo Lula aumenta imposto sobre pain\u00e9is solares; VEJA"},"content":{"rendered":"<p> <script async src=\"https:\/\/pagead2.googlesyndication.com\/pagead\/js\/adsbygoogle.js?client=ca-pub-8864793242727901\"\r\n     crossorigin=\"anonymous\"><\/script><br \/>\n<\/p>\n<div id=\"taboola-read-more\" style=\"display:block; width:100%\">\n<p>O governo federal decidiu elevar pela terceira vez, em menos de um ano, o Imposto de Importa\u00e7\u00e3o sobre pain\u00e9is solares. Ap\u00f3s serem isentos na gest\u00e3o do ex-presidente Jair Bolsonaro, os tributos subiram gradativamente sob o comando de Luiz In\u00e1cio Lula da Silva, passando de 6% para 9,6% e, agora, para 25%. A nova al\u00edquota foi oficializada no Di\u00e1rio Oficial da Uni\u00e3o nesta quarta-feira (13).\n<\/p>\n<p>A medida foi duramente criticada por representantes do setor de energia solar. Especialistas consideram o aumento como um \u2018retrocesso\u2019 nas pol\u00edticas de transi\u00e7\u00e3o energ\u00e9tica do pa\u00eds. Isso porque, segundo a Associa\u00e7\u00e3o Brasileira de Energia Solar Fotovoltaica (Absolar), o Brasil depende fortemente da importa\u00e7\u00e3o desses equipamentos, j\u00e1 que a produ\u00e7\u00e3o nacional \u00e9 insuficiente para suprir a demanda.<\/p>\n<p>Ronaldo Koluszuk, presidente do conselho de administra\u00e7\u00e3o da Absolar, alega que a ind\u00fastria local \u00e9 respons\u00e1vel por apenas cerca de 5% do mercado nacional, com uma capacidade anual de produ\u00e7\u00e3o de 1 gigawatt (GW). Em contraste, o volume de importa\u00e7\u00f5es do Brasil em 2023 superou 17 GW.\n<\/p>\n<p>O aumento na tarifa, de acordo com Koluszuk, vai afetar indiretamente o consumidor final, principalmente pequenas e m\u00e9dias empresas do setor de energia solar, que j\u00e1 enfrentam margens apertadas. Ele diz que o aumento pode desestimular novos investimentos, especialmente na produ\u00e7\u00e3o de hidrog\u00eanio verde, uma \u00e1rea que depende fortemente de energia solar. \u201cA decis\u00e3o \u00e9 um contrassenso com o discurso do governo de promover empregos verdes e a sustentabilidade\u201d, enfatizou.\n<\/p>\n<p>Outros cr\u00edticos veem que a medida pode prejudicar o avan\u00e7o de projetos sustent\u00e1veis, afastar investidores e comprometer o desenvolvimento de novas tecnologias, como o hidrog\u00eanio verde. Conforme o conselheiro da Absolar, \u201co aumento do imposto vai gerar desemprego e n\u00e3o empregos, como o governo afirma\u201d. A falta de previsibilidade em pol\u00edticas fiscais \u00e9 um dos fatores que, segundo o setor, desestimula a instala\u00e7\u00e3o de f\u00e1bricas de pain\u00e9is solares no Brasil, uma vez que as usinas solares demandam investimentos de longo prazo.\n<\/p>\n<p>Fonte: Conex\u00e3o Pol\u00edtica              <\/p>\n<\/div>\n<p><br \/>\n<br \/><a href=\"https:\/\/diariodobrasilnoticias.com.br\/noticia\/de-novo-pela-terceira-vez-governo-lula-aumenta-imposto-sobre-paineis-solares-67378b6d6499b\">Source link <\/a><\/p>","protected":false},"excerpt":{"rendered":"<p>O governo federal decidiu elevar pela terceira vez, em menos de um ano, o Imposto de Importa\u00e7\u00e3o sobre pain\u00e9is solares. Ap\u00f3s serem isentos na gest\u00e3o do ex-presidente Jair Bolsonaro, os&hellip;<\/p>","protected":false},"author":1,"featured_media":60214,"comment_status":"closed","ping_status":"open","sticky":false,"template":"","format":"standard","meta":{"content-type":"","footnotes":""},"categories":[16],"tags":[123,2448,5313,1267],"class_list":["post-60213","post","type-post","status-publish","format-standard","has-post-thumbnail","hentry","category-noticias","tag-brasil","tag-diario","tag-noticia","tag-noticias"],"_links":{"self":[{"href":"https:\/\/tvbrazilusa.com\/pt\/wp-json\/wp\/v2\/posts\/60213","targetHints":{"allow":["GET"]}}],"collection":[{"href":"https:\/\/tvbrazilusa.com\/pt\/wp-json\/wp\/v2\/posts"}],"about":[{"href":"https:\/\/tvbrazilusa.com\/pt\/wp-json\/wp\/v2\/types\/post"}],"author":[{"embeddable":true,"href":"https:\/\/tvbrazilusa.com\/pt\/wp-json\/wp\/v2\/users\/1"}],"replies":[{"embeddable":true,"href":"https:\/\/tvbrazilusa.com\/pt\/wp-json\/wp\/v2\/comments?post=60213"}],"version-history":[{"count":1,"href":"https:\/\/tvbrazilusa.com\/pt\/wp-json\/wp\/v2\/posts\/60213\/revisions"}],"predecessor-version":[{"id":60215,"href":"https:\/\/tvbrazilusa.com\/pt\/wp-json\/wp\/v2\/posts\/60213\/revisions\/60215"}],"wp:featuredmedia":[{"embeddable":true,"href":"https:\/\/tvbrazilusa.com\/pt\/wp-json\/wp\/v2\/media\/60214"}],"wp:attachment":[{"href":"https:\/\/tvbrazilusa.com\/pt\/wp-json\/wp\/v2\/media?parent=60213"}],"wp:term":[{"taxonomy":"category","embeddable":true,"href":"https:\/\/tvbrazilusa.com\/pt\/wp-json\/wp\/v2\/categories?post=60213"},{"taxonomy":"post_tag","embeddable":true,"href":"https:\/\/tvbrazilusa.com\/pt\/wp-json\/wp\/v2\/tags?post=60213"}],"curies":[{"name":"wp","href":"https:\/\/api.w.org\/{rel}","templated":true}]}}