{"id":60216,"date":"2024-11-15T19:58:05","date_gmt":"2024-11-15T19:58:05","guid":{"rendered":"https:\/\/tvbrazilusa.com\/2024\/11\/15\/salem-dems-supostamente-trabalhando-para-encontrar-desafiante-de-moulton\/"},"modified":"2024-11-15T20:03:49","modified_gmt":"2024-11-15T20:03:49","slug":"salem-dems-supostamente-trabalhando-para-encontrar-desafiante-de-moulton","status":"publish","type":"post","link":"https:\/\/tvbrazilusa.com\/pt\/2024\/11\/15\/salem-dems-supostamente-trabalhando-para-encontrar-desafiante-de-moulton\/","title":{"rendered":"Salem Dems supostamente trabalhando para encontrar desafiante de Moulton"},"content":{"rendered":"<p> <script async src=\"https:\/\/pagead2.googlesyndication.com\/pagead\/js\/adsbygoogle.js?client=ca-pub-8864793242727901\"\r\n     crossorigin=\"anonymous\"><\/script><br \/>\n<\/p>\n<div id=\"\">\n<header class=\"m-article-header m-article-header--standard\">\n\t\t\t\t\t\t\t\t\t\t\t\t<span id=\"article-header-primary-term\"><br \/>\n\t\t\t\t\t\t\t\t<a class=\"a-term a-term--primary\" href=\"https:\/\/www.boston.com\/tag\/politics\/\"><\/p>\n<p>\t\t\t\t\t\t\t\tPol\u00edtica\t\t\t\t\t\t\t\t<\/a><br \/>\n\t\t\t\t\t\t\t<\/span><\/p>\n<h2 class=\"m-article-header__sub-headline\">O Comit\u00ea da Cidade Democr\u00e1tica de Salem votou a favor de uma carta condenando seus coment\u00e1rios depois que o deputado Seth Moulton fez coment\u00e1rios pol\u00eamicos sobre atletas transg\u00eaneros.<\/h2>\n<figure class=\"a-photo m-article-header__photo\"><figcaption class=\"a-photo__caption\">\n<p>\tO congressista Seth Moulton fala durante um evento do Dia dos Veteranos em Marblehead. <em> Danielle Parhizkaran\/Boston Globe <\/em>\t<\/figcaption><\/figure>\n<\/header>\n<p>Os democratas em Salem est\u00e3o se preparando para encontrar um desafiante pronto para enfrentar o deputado Seth Moulton, enquanto o congressista enfrenta cont\u00ednuas<a href=\"https:\/\/www.boston.com\/news\/local-news\/2024\/11\/08\/seth-moulton-transgender-comments-after-dems-election-loss\/\"> rea\u00e7\u00e3o contra coment\u00e1rios<\/a> ele fez sobre atletas transg\u00eaneros. <\/p>\n<p>\u201cOs democratas gastam muito tempo tentando n\u00e3o ofender ningu\u00e9m, em vez de serem brutalmente honestos sobre os desafios que muitos americanos enfrentam\u201d, disse Moulton. <a href=\"https:\/\/www.nytimes.com\/2024\/11\/07\/us\/politics\/democrats-kamala-harris.html\"><em>O jornal New York Times<\/em><\/a>  depois da elei\u00e7\u00e3o. \u201cTenho duas meninas, n\u00e3o quero que elas sejam atropeladas no campo de jogo por um atleta do sexo masculino ou ex-atleta, mas como democrata devo ter medo de dizer isso.\u201d<\/p>\n<p>Moulton <a href=\"https:\/\/www.boston.com\/news\/politics\/2024\/11\/10\/seth-moulton-defends-his-transgender-comments-after-protests-at-his-salem-office\/\">ficou parado<\/a> suas observa\u00e7\u00f5es, e embora alguns especialistas locais tenham <a href=\"https:\/\/www.bostonglobe.com\/2024\/11\/12\/opinion\/seth-moulton-transgender-athletes\/\">elogiou-o<\/a> por tentar abrir o di\u00e1logo sobre um assunto pol\u00eamico, ele enfrenta pedidos de ren\u00fancia e cr\u00edticas de grupos democratas de Massachusetts e grupos LGBTQ. <\/p>\n<p>Esse antagonismo continuou na quinta-feira, quando o Comit\u00e9 Democrata da Cidade de Salem votou uma carta condenando os coment\u00e1rios de Moulton. Cerca de 20 membros da comiss\u00e3o votaram, apenas um se op\u00f4s e um se absteve, <a href=\"https:\/\/www.bostonglobe.com\/2024\/11\/13\/metro\/seth-moulton-democrats-transgender-backlash-election-challenge-massachusetts\/\"><em>O Globo de Boston<\/em><\/a>  relatado. <\/p>\n<p>A presidente do comit\u00ea, Liz Bradt, disse ao jornal que o grupo est\u00e1 procurando ativamente pessoas para \u201cconcorrer contra ele e vencer\u201d. Ela ouviu falar de \u201cv\u00e1rias\u201d pessoas que est\u00e3o interessadas em atacar Moulton, que representa o 6\u00ba Distrito de Massachusetts desde 2015. Ele simplesmente concorreu sem oposi\u00e7\u00e3o, garantindo outro mandato de dois anos. <\/p>\n<p>O Comit\u00ea da Cidade Democr\u00e1tica de Salem n\u00e3o respondeu a v\u00e1rios pedidos de coment\u00e1rios na quinta e sexta-feira. <\/p>\n<p>\u201cN\u00e3o dou muita credibilidade \u00e0 palavra de algu\u00e9m que se refere a um colega democrata como um cooperador nazista\u201d, disse um porta-voz de Moulton ao <em>Globo<\/em> em resposta aos coment\u00e1rios de Bradt. <\/p>\n<p>Bradt disse ao jornal que ela havia dito em um e-mail privado que Moulton \u201c\u00e9 o que se sabe[n] como um \u2018cooperador\u2019 nos tempos nazistas.\u201d<\/p>\n<p><a href=\"https:\/\/www.boston.com\/news\/politics\/2024\/11\/10\/seth-moulton-defends-his-transgender-comments-after-protests-at-his-salem-office\/\">Manifestantes <\/a>reunidos em frente ao escrit\u00f3rio de Moulton no fim de semana passado. Entre aqueles que se manifestaram contra ele est\u00e3o o prefeito de Salem, Dominick Pangallo, o Comit\u00ea Escolar de Salem e at\u00e9 mesmo a governadora Maura Healey. <\/p>\n<p>\u201cUma discuss\u00e3o sobre atletas transg\u00eaneros \u00e9 uma discuss\u00e3o diferente, como algu\u00e9m que foi atleta universit\u00e1rio, certo?\u201d <a href=\"https:\/\/www.bostonglobe.com\/2024\/11\/12\/metro\/maura-healey-seth-moulton-trans-athletes-politics\/\">Healey disse<\/a> no in\u00edcio desta semana. \u201cMas h\u00e1 muita confus\u00e3o de coisas agora, e o que vejo \u2013 e o que vi naquele coment\u00e1rio [from Moulton] &#8211; estava brincando de pol\u00edtica com as pessoas. N\u00e3o dever\u00edamos fazer isso. N\u00e3o dever\u00edamos fazer isso. Dever\u00edamos ter conversas reais e n\u00e3o fazer pol\u00edtica com as pessoas, especialmente com os jovens e as pessoas vulner\u00e1veis.\u201d<\/p>\n<div class=\"o-author-single no-avatar\">\n<header class=\"m-author-card\">\n<div class=\"m-author-card__text\">\n<h3 class=\"m-author-card__title\"><a href=\"https:\/\/www.boston.com\/author\/ross.cristantiello\">Ross Cristantiello<\/a><\/h3>\n<p><span class=\"m-author-card__subtitle\">Redator da equipe<\/span>\t<\/div>\n<\/header>\n<section class=\"author-info\">\n<hr class=\"m-author__section--hr\"\/>\n<div class=\"m-author__section\">\n<p>Ross Cristantiello, rep\u00f3rter de not\u00edcias gerais do Boston.com desde 2022, cobre pol\u00edtica local, crime, meio ambiente e muito mais.<\/p>\n<\/div>\n<hr class=\"m-author__section--hr\"\/>\t<\/section>\n<\/div>\n<div class=\"m-block m-generic-cta\t m-generic-cta--post-content\t m-generic-cta--dark\t m-generic-cta--homepage\t m-generic-cta--email-signup\t\t m-generic-cta-block-style--default \tt-amp__generic-cta\"><\/p>\n<div class=\"m-generic-cta__wrap\">\n<div class=\"m-generic-cta__content\">\n<h3 class=\"m-generic-cta__title\">Boston.com hoje<\/h3>\n<p class=\"m-generic-cta__subtitle\">Inscreva-se para receber as \u00faltimas manchetes em sua caixa de entrada todas as manh\u00e3s.<\/p>\n<\/p><\/div>\n<\/p><\/div>\n<\/div><\/div>\n<p><script>\n\t\tvar consent=\"grant\";\n\t\t\/* The above code is parsing the JSON data from the local storage and storing it in a variable. *\/\n\t\t\t\t\tconst onetrustStorageConsent = JSON.parse(localStorage.getItem( 'consent_one_trust_bdc' ) );\n\t\t\tif ( ( onetrustStorageConsent !== null ) ) {\n\t\t\t\t\/* Checking to see if the user has consented to the use of cookies.\n\t\t\t\t* If they have not, it is deleting the cookie.\n\t\t\t\t* This will comment for now, until further notice.\n\t\t\t\t*\/\n\t\t\t\t\/\/if ( onetrustStorageConsent.C0002 === false ) {\n\t\t\t\t\/\/\tdocument.cookie=\"_fbp=;expires=Thu, 01 Jan 2010 00:00:00 UTC; path=\/; domain=.boston.com\";\n\t\t\t\t\/\/}\n\t\t\t\t\/* Checking if the user has given consent for the cookie C0002.\n\t\t\t\t* If the user has given consent, the variable consent will be set to 'grant'.\n\t\t\t\t* If the user has not given consent,the variable consent will be set to 'revoke'.\n\t\t\t\t* Documentation https:\/\/developers.facebook.com\/docs\/meta-pixel\/implementation\/gdpr\n\t\t\t\t*\/\n\t\t\t\tif ( onetrustStorageConsent.C0002 !== true ) {\n\t\t\t\t\tconsent=\"revoke\";\n\t\t\t\t}\n\t\t\t}\n\t\t\t\t!function(f,b,e,v,n,t,s)\n\t\t{if(f.fbq)return;n=f.fbq=function(){n.callMethod?\n\t\tn.callMethod.apply(n,arguments):n.queue.push(arguments)};\n\t\tif(!f._fbq)f._fbq=n;n.push=n;n.loaded=!0;n.version='2.0';\n\t\tn.queue=[];t=b.createElement(e);t.async=!0;\n\t\tt.src=v;s=b.getElementsByTagName(e)[0];\n\t\ts.parentNode.insertBefore(t,s)}(window, document,'script',\n\t\t'https:\/\/connect.facebook.net\/en_US\/fbevents.js');\n\t\tfbq('consent', consent);\n\t\tfbq('init', '989222871864976');\n\t\tfbq('track', 'PageView');\n\t<\/script><script type=\"module\">\n\t\tvar consent=\"grant\";\n\t\t\/* The above code is parsing the JSON data from the local storage and storing it in a variable. *\/\n\t\t\tconst onetrustStorageConsent = JSON.parse(localStorage.getItem( 'consent_one_trust_bdc' ) );\n\t\t\t\/* Checking to see if the user has consented to the use of cookies.\n\t\t\t* If they have not, it is deleting the cookie.\n\t\t\t* This will comment for now, until further notice.\n\t\t\t*\/\n\t\t\t\/\/if ( onetrustStorageConsent.C0002 === false ) {\n\t\t\t\/\/\tdocument.cookie=\"_fbp=;expires=Thu, 01 Jan 2010 00:00:00 UTC; path=\/; domain=.boston.com\";\n\t\t\t\/\/}\n\t\t\t\/* Checking if the user has given consent for the cookie C0002.\n\t\t\t* If the user has given consent, the variable consent will be set to 'grant'.\n\t\t\t* If the user has not given consent,the variable consent will be set to 'revoke'.\n\t\t\t* Documentation https:\/\/developers.facebook.com\/docs\/meta-pixel\/implementation\/gdpr\n\t\t\t*\/\n\t\t\tif ( ( onetrustStorageConsent !== null ) && (onetrustStorageConsent.C0002 !== true ) ) {\n\t\t\t\tconsent=\"revoke\";\n\t\t\t}\n\t\t\t\t!function(f,b,e,v,n,t,s){if(f.fbq)return;n=f.fbq=function()\n\t\t{n.callMethod? n.callMethod.apply(n,arguments):n.queue.push(arguments)}\n\t\t;if(!f._fbq)f._fbq=n;\n\t\tn.push=n;n.loaded=!0;n.version='2.0';n.queue=[];t=b.createElement(e);t.async=!0;\n\t\tt.src=v;s=b.getElementsByTagName(e)[0];s.parentNode.insertBefore(t,s)}(window,\n\t\tdocument,'script','https:\/\/connect.facebook.net\/en_US\/fbevents.js');\n\t\tfbq('consent', consent);\n\t\tfbq('init', '813236348753005');\n\t\tfbq('track', \"PageView\");\n\t<\/script><br \/>\n<br \/><br \/>\n<br \/><a href=\"https:\/\/www.boston.com\/news\/politics\/2024\/11\/15\/salem-dems-reportedly-working-to-find-moulton-challenger\/\">Source link <\/a><\/p>","protected":false},"excerpt":{"rendered":"<p>Pol\u00edtica O Comit\u00ea da Cidade Democr\u00e1tica de Salem votou a favor de uma carta condenando seus coment\u00e1rios depois que o deputado Seth Moulton fez coment\u00e1rios pol\u00eamicos sobre atletas transg\u00eaneros. O&hellip;<\/p>","protected":false},"author":1,"featured_media":60217,"comment_status":"closed","ping_status":"open","sticky":false,"template":"","format":"standard","meta":{"content-type":"","footnotes":""},"categories":[1],"tags":[],"class_list":["post-60216","post","type-post","status-publish","format-standard","has-post-thumbnail","hentry","category-uncategorized"],"_links":{"self":[{"href":"https:\/\/tvbrazilusa.com\/pt\/wp-json\/wp\/v2\/posts\/60216","targetHints":{"allow":["GET"]}}],"collection":[{"href":"https:\/\/tvbrazilusa.com\/pt\/wp-json\/wp\/v2\/posts"}],"about":[{"href":"https:\/\/tvbrazilusa.com\/pt\/wp-json\/wp\/v2\/types\/post"}],"author":[{"embeddable":true,"href":"https:\/\/tvbrazilusa.com\/pt\/wp-json\/wp\/v2\/users\/1"}],"replies":[{"embeddable":true,"href":"https:\/\/tvbrazilusa.com\/pt\/wp-json\/wp\/v2\/comments?post=60216"}],"version-history":[{"count":1,"href":"https:\/\/tvbrazilusa.com\/pt\/wp-json\/wp\/v2\/posts\/60216\/revisions"}],"predecessor-version":[{"id":60218,"href":"https:\/\/tvbrazilusa.com\/pt\/wp-json\/wp\/v2\/posts\/60216\/revisions\/60218"}],"wp:featuredmedia":[{"embeddable":true,"href":"https:\/\/tvbrazilusa.com\/pt\/wp-json\/wp\/v2\/media\/60217"}],"wp:attachment":[{"href":"https:\/\/tvbrazilusa.com\/pt\/wp-json\/wp\/v2\/media?parent=60216"}],"wp:term":[{"taxonomy":"category","embeddable":true,"href":"https:\/\/tvbrazilusa.com\/pt\/wp-json\/wp\/v2\/categories?post=60216"},{"taxonomy":"post_tag","embeddable":true,"href":"https:\/\/tvbrazilusa.com\/pt\/wp-json\/wp\/v2\/tags?post=60216"}],"curies":[{"name":"wp","href":"https:\/\/api.w.org\/{rel}","templated":true}]}}