{"id":60222,"date":"2024-11-15T20:07:40","date_gmt":"2024-11-15T20:07:40","guid":{"rendered":"https:\/\/tvbrazilusa.com\/2024\/11\/15\/falls-parece-neste-fim-de-semana-wsvn-7news-noticias-de-miami-clima-esportes-fort-lauderdale\/"},"modified":"2024-11-15T20:17:44","modified_gmt":"2024-11-15T20:17:44","slug":"falls-parece-neste-fim-de-semana-wsvn-7news-noticias-de-miami-clima-esportes-fort-lauderdale","status":"publish","type":"post","link":"https:\/\/tvbrazilusa.com\/pt\/2024\/11\/15\/falls-parece-neste-fim-de-semana-wsvn-7news-noticias-de-miami-clima-esportes-fort-lauderdale\/","title":{"rendered":"Falls parece neste fim de semana &#8211; WSVN 7News | Not\u00edcias de Miami, clima, esportes | Fort Lauderdale"},"content":{"rendered":"<p> <script async src=\"https:\/\/pagead2.googlesyndication.com\/pagead\/js\/adsbygoogle.js?client=ca-pub-8864793242727901\"\r\n     crossorigin=\"anonymous\"><\/script><br \/>\n<\/p>\n<div itemprop=\"articleBody\">\n<p>Finalmente vai parecer outono, bem a tempo para este fim de semana no sul da Fl\u00f3rida!<\/p>\n<p>Uma frente de outono est\u00e1 atravessando o sul da Fl\u00f3rida na tarde de sexta-feira, derrubando as altas temperaturas de meados dos anos 80 para 80 graus no fim de semana. N\u00e3o parece muito e realmente n\u00e3o \u00e9, mas ser\u00e1 uma boa mudan\u00e7a, dado o qu\u00e3o quente tem sido em novembro at\u00e9 agora. Os n\u00edveis de umidade tamb\u00e9m ser\u00e3o mais baixos atr\u00e1s da frente.<\/p>\n<figure class=\"wp-block-image size-large\"><\/figure>\n<p>Espere que as temperaturas ao acordar na manh\u00e3 de s\u00e1bado sejam as mais frescas desde abril para Miami e Fort Lauderdale. As m\u00ednimas ocorrer\u00e3o entre meados e mais de 60, gra\u00e7as ao vento norte atr\u00e1s da frente.<\/p>\n<p>No entanto, um vento terrestre retorna a partir da tarde de s\u00e1bado, moderando as temperaturas e atraindo nuvens extras de vez em quando, especialmente no domingo. Como mencionado, as m\u00e1ximas ficar\u00e3o na casa dos 80, o que \u00e9 normal para esta \u00e9poca do ano.<\/p>\n<figure class=\"wp-block-image size-large\"><img fetchpriority=\"high\" decoding=\"async\" width=\"1920\" height=\"1080\" src=\"https:\/\/wsvn.com\/wp-content\/uploads\/sites\/2\/2024\/11\/3_9c5b85.png?w=1024\" alt=\"\" class=\"wp-image-1505895\" srcset=\"https:\/\/wsvn.com\/wp-content\/uploads\/sites\/2\/2024\/11\/3_9c5b85.png 1920w, https:\/\/wsvn.com\/wp-content\/uploads\/sites\/2\/2024\/11\/3_9c5b85.png?resize=300,169 300w, https:\/\/wsvn.com\/wp-content\/uploads\/sites\/2\/2024\/11\/3_9c5b85.png?resize=768,432 768w, https:\/\/wsvn.com\/wp-content\/uploads\/sites\/2\/2024\/11\/3_9c5b85.png?resize=1024,576 1024w, https:\/\/wsvn.com\/wp-content\/uploads\/sites\/2\/2024\/11\/3_9c5b85.png?resize=1536,864 1536w\" sizes=\"(max-width: 1920px) 100vw, 1920px\"\/><\/figure>\n<figure class=\"wp-block-image size-large\"><img loading=\"lazy\" decoding=\"async\" width=\"1920\" height=\"1080\" src=\"https:\/\/wsvn.com\/wp-content\/uploads\/sites\/2\/2024\/11\/4_284249.png?w=1024\" alt=\"\" class=\"wp-image-1505896\" srcset=\"https:\/\/wsvn.com\/wp-content\/uploads\/sites\/2\/2024\/11\/4_284249.png 1920w, https:\/\/wsvn.com\/wp-content\/uploads\/sites\/2\/2024\/11\/4_284249.png?resize=300,169 300w, https:\/\/wsvn.com\/wp-content\/uploads\/sites\/2\/2024\/11\/4_284249.png?resize=768,432 768w, https:\/\/wsvn.com\/wp-content\/uploads\/sites\/2\/2024\/11\/4_284249.png?resize=1024,576 1024w, https:\/\/wsvn.com\/wp-content\/uploads\/sites\/2\/2024\/11\/4_284249.png?resize=1536,864 1536w\" sizes=\"auto, (max-width: 1920px) 100vw, 1920px\"\/><\/figure>\n<p>As temperaturas ir\u00e3o aquecer gradualmente at\u00e9 quarta-feira, antes que uma frente potencialmente mais forte reduza os nossos m\u00e1ximos para os anos 70 e os m\u00ednimos para os anos 60 no final da pr\u00f3xima semana. No entanto, isto est\u00e1 sujeito a altera\u00e7\u00f5es, dada a natureza de longo prazo desta previs\u00e3o.<\/p>\n<figure class=\"wp-block-image size-large\"><img loading=\"lazy\" decoding=\"async\" width=\"1920\" height=\"1080\" src=\"https:\/\/wsvn.com\/wp-content\/uploads\/sites\/2\/2024\/11\/5_f9627e.png?w=1024\" alt=\"\" class=\"wp-image-1505897\" srcset=\"https:\/\/wsvn.com\/wp-content\/uploads\/sites\/2\/2024\/11\/5_f9627e.png 1920w, https:\/\/wsvn.com\/wp-content\/uploads\/sites\/2\/2024\/11\/5_f9627e.png?resize=300,169 300w, https:\/\/wsvn.com\/wp-content\/uploads\/sites\/2\/2024\/11\/5_f9627e.png?resize=768,432 768w, https:\/\/wsvn.com\/wp-content\/uploads\/sites\/2\/2024\/11\/5_f9627e.png?resize=1024,576 1024w, https:\/\/wsvn.com\/wp-content\/uploads\/sites\/2\/2024\/11\/5_f9627e.png?resize=1536,864 1536w\" sizes=\"auto, (max-width: 1920px) 100vw, 1920px\"\/><\/figure>\n<p>\u00c0 frente desta frente estar\u00e3o poss\u00edveis pancadas de chuva e trovoadas at\u00e9 quarta-feira. Esta frente conter\u00e1 at\u00e9 mesmo a umidade remanescente de Sara, mas felizmente Sara est\u00e1 prevista para se dissipar e n\u00e3o ser\u00e1 um sistema tropical para os EUA.<\/p>\n<figure class=\"wp-block-image size-large\"><img loading=\"lazy\" decoding=\"async\" width=\"1920\" height=\"1080\" src=\"https:\/\/wsvn.com\/wp-content\/uploads\/sites\/2\/2024\/11\/6_80273e.png?w=1024\" alt=\"\" class=\"wp-image-1505899\" srcset=\"https:\/\/wsvn.com\/wp-content\/uploads\/sites\/2\/2024\/11\/6_80273e.png 1920w, https:\/\/wsvn.com\/wp-content\/uploads\/sites\/2\/2024\/11\/6_80273e.png?resize=300,169 300w, https:\/\/wsvn.com\/wp-content\/uploads\/sites\/2\/2024\/11\/6_80273e.png?resize=768,432 768w, https:\/\/wsvn.com\/wp-content\/uploads\/sites\/2\/2024\/11\/6_80273e.png?resize=1024,576 1024w, https:\/\/wsvn.com\/wp-content\/uploads\/sites\/2\/2024\/11\/6_80273e.png?resize=1536,864 1536w\" sizes=\"auto, (max-width: 1920px) 100vw, 1920px\"\/><\/figure>\n<h2 class=\"wp-block-heading\">Atualiza\u00e7\u00e3o dos tr\u00f3picos<\/h2>\n<p>Falando em Sara, continua a ser uma tempestade tropical lenta perto da costa norte de Honduras. Continuar\u00e1 a despejar fortes chuvas durante este fim de semana, antes de se dissipar na segunda-feira na Pen\u00ednsula de Yucat\u00e1n.<\/p>\n<figure class=\"wp-block-image size-large\"><img loading=\"lazy\" decoding=\"async\" width=\"1920\" height=\"1080\" src=\"https:\/\/wsvn.com\/wp-content\/uploads\/sites\/2\/2024\/11\/7_d6225a.png?w=1024\" alt=\"\" class=\"wp-image-1505900\" srcset=\"https:\/\/wsvn.com\/wp-content\/uploads\/sites\/2\/2024\/11\/7_d6225a.png 1920w, https:\/\/wsvn.com\/wp-content\/uploads\/sites\/2\/2024\/11\/7_d6225a.png?resize=300,169 300w, https:\/\/wsvn.com\/wp-content\/uploads\/sites\/2\/2024\/11\/7_d6225a.png?resize=768,432 768w, https:\/\/wsvn.com\/wp-content\/uploads\/sites\/2\/2024\/11\/7_d6225a.png?resize=1024,576 1024w, https:\/\/wsvn.com\/wp-content\/uploads\/sites\/2\/2024\/11\/7_d6225a.png?resize=1536,864 1536w\" sizes=\"auto, (max-width: 1920px) 100vw, 1920px\"\/><\/figure>\n<div class=\"wp-block-newsletter\">\n\t<strong class=\"wp-block-newsletter__title\">Cadastre-se em nosso boletim informativo para receber as \u00faltimas not\u00edcias diretamente em sua caixa de entrada<\/strong><\/p>\n<\/div><\/div>\n<p><br \/>\n<br \/><a href=\"https:\/\/wsvn.com\/weather-blog\/falls-feels-this-weekend\/\">Source link <\/a><\/p>","protected":false},"excerpt":{"rendered":"<p>Finalmente vai parecer outono, bem a tempo para este fim de semana no sul da Fl\u00f3rida! Uma frente de outono est\u00e1 atravessando o sul da Fl\u00f3rida na tarde de sexta-feira,&hellip;<\/p>","protected":false},"author":1,"featured_media":60223,"comment_status":"closed","ping_status":"open","sticky":false,"template":"","format":"standard","meta":{"content-type":"","footnotes":""},"categories":[1],"tags":[],"class_list":["post-60222","post","type-post","status-publish","format-standard","has-post-thumbnail","hentry","category-uncategorized"],"_links":{"self":[{"href":"https:\/\/tvbrazilusa.com\/pt\/wp-json\/wp\/v2\/posts\/60222","targetHints":{"allow":["GET"]}}],"collection":[{"href":"https:\/\/tvbrazilusa.com\/pt\/wp-json\/wp\/v2\/posts"}],"about":[{"href":"https:\/\/tvbrazilusa.com\/pt\/wp-json\/wp\/v2\/types\/post"}],"author":[{"embeddable":true,"href":"https:\/\/tvbrazilusa.com\/pt\/wp-json\/wp\/v2\/users\/1"}],"replies":[{"embeddable":true,"href":"https:\/\/tvbrazilusa.com\/pt\/wp-json\/wp\/v2\/comments?post=60222"}],"version-history":[{"count":1,"href":"https:\/\/tvbrazilusa.com\/pt\/wp-json\/wp\/v2\/posts\/60222\/revisions"}],"predecessor-version":[{"id":60224,"href":"https:\/\/tvbrazilusa.com\/pt\/wp-json\/wp\/v2\/posts\/60222\/revisions\/60224"}],"wp:featuredmedia":[{"embeddable":true,"href":"https:\/\/tvbrazilusa.com\/pt\/wp-json\/wp\/v2\/media\/60223"}],"wp:attachment":[{"href":"https:\/\/tvbrazilusa.com\/pt\/wp-json\/wp\/v2\/media?parent=60222"}],"wp:term":[{"taxonomy":"category","embeddable":true,"href":"https:\/\/tvbrazilusa.com\/pt\/wp-json\/wp\/v2\/categories?post=60222"},{"taxonomy":"post_tag","embeddable":true,"href":"https:\/\/tvbrazilusa.com\/pt\/wp-json\/wp\/v2\/tags?post=60222"}],"curies":[{"name":"wp","href":"https:\/\/api.w.org\/{rel}","templated":true}]}}