{"id":60237,"date":"2024-11-15T20:26:31","date_gmt":"2024-11-15T20:26:31","guid":{"rendered":"https:\/\/tvbrazilusa.com\/2024\/11\/15\/passageiros-de-aviao-estacionado-da-southwest-forcados-a-evacuar-apos-telefone-celular-e-assento-do-aviao-pegarem-fogo-wsvn-7news-noticias-de-miami-clima-esportes-fort-lauderdale\/"},"modified":"2024-11-15T20:46:37","modified_gmt":"2024-11-15T20:46:37","slug":"passageiros-de-aviao-estacionado-da-southwest-forcados-a-evacuar-apos-telefone-celular-e-assento-do-aviao-pegarem-fogo-wsvn-7news-noticias-de-miami-clima-esportes-fort-lauderdale","status":"publish","type":"post","link":"https:\/\/tvbrazilusa.com\/pt\/2024\/11\/15\/passageiros-de-aviao-estacionado-da-southwest-forcados-a-evacuar-apos-telefone-celular-e-assento-do-aviao-pegarem-fogo-wsvn-7news-noticias-de-miami-clima-esportes-fort-lauderdale\/","title":{"rendered":"Passageiros de avi\u00e3o estacionado da Southwest for\u00e7ados a evacuar ap\u00f3s telefone celular e assento do avi\u00e3o pegarem fogo &#8211; WSVN 7News | Not\u00edcias de Miami, clima, esportes | Fort Lauderdale"},"content":{"rendered":"<p> <script async src=\"https:\/\/pagead2.googlesyndication.com\/pagead\/js\/adsbygoogle.js?client=ca-pub-8864793242727901\"\r\n     crossorigin=\"anonymous\"><\/script><br \/>\n<\/p>\n<div itemprop=\"articleBody\">\n<p><strong>(CNN) &#8211; <\/strong>Os viajantes a bordo de um voo da Southwest Airlines que se preparava para deixar Denver na sexta-feira tiveram que evacuar depois que a bateria do celular de um passageiro pegou fogo e tamb\u00e9m fez com que o assento do avi\u00e3o pegasse fogo.<\/p>\n<p>O Boeing 737-700 ainda estava estacionado em um port\u00e3o com 108 passageiros a bordo quando o incidente ocorreu no Aeroporto Internacional de Denver, segundo a Southwest.<\/p>\n<p>Os passageiros da parte de tr\u00e1s do avi\u00e3o fugiram usando os escorregadores de emerg\u00eancia traseiros, e os passageiros da frente, \u00e0 esquerda, pela porta da frente, atrav\u00e9s da ponte de embarque, de acordo com a Administra\u00e7\u00e3o Federal de Avia\u00e7\u00e3o e a companhia a\u00e9rea.<\/p>\n<p>Relat\u00f3rios preliminares mostram que um passageiro sofreu ferimentos leves durante a evacua\u00e7\u00e3o, e o passageiro cujo telefone pegou fogo est\u00e1 atualmente sendo tratado de queimaduras, informou a companhia a\u00e9rea com sede em Dallas em comunicado. Os membros da tripula\u00e7\u00e3o conseguiram extinguir o inc\u00eandio no assento, disse o comunicado.<\/p>\n<p>\u201cA equipe de atendimento ao cliente da Southwest est\u00e1 trabalhando para acomodar os passageiros de outra aeronave em seu destino original, Houston\u201d, disse um porta-voz da companhia a\u00e9rea. \u201cNada \u00e9 mais importante para a Southwest do que a seguran\u00e7a de seus clientes e funcion\u00e1rios. O incidente continua sob investiga\u00e7\u00e3o.\u201d<\/p>\n<p>O voo chegou tr\u00eas horas depois ao seu destino no aeroporto William P. Hobby, em Houston, segundo dados da FlightAware.<\/p>\n<p>A FAA disse que investigar\u00e1 o incidente.<\/p>\n<p><em>The-CNN-Wire\u2122 e \u00a9 2024 Cable News Network, Inc., uma empresa da Time Warner. Todos os direitos reservados.<\/em><\/p>\n<div class=\"wp-block-newsletter\">\n\t<strong class=\"wp-block-newsletter__title\">Cadastre-se em nosso boletim informativo para receber as \u00faltimas not\u00edcias diretamente em sua caixa de entrada<\/strong><\/p>\n<\/div><\/div>\n<p><br \/>\n<br \/><a href=\"https:\/\/wsvn.com\/news\/us-world\/passengers-on-parked-southwest-plane-forced-to-evacuate-after-cell-phone-airplane-seat-catch-fire\/\">Source link <\/a><\/p>","protected":false},"excerpt":{"rendered":"<p>(CNN) &#8211; Os viajantes a bordo de um voo da Southwest Airlines que se preparava para deixar Denver na sexta-feira tiveram que evacuar depois que a bateria do celular de&hellip;<\/p>","protected":false},"author":1,"featured_media":60238,"comment_status":"closed","ping_status":"open","sticky":false,"template":"","format":"standard","meta":{"content-type":"","footnotes":""},"categories":[1],"tags":[],"class_list":["post-60237","post","type-post","status-publish","format-standard","has-post-thumbnail","hentry","category-uncategorized"],"_links":{"self":[{"href":"https:\/\/tvbrazilusa.com\/pt\/wp-json\/wp\/v2\/posts\/60237","targetHints":{"allow":["GET"]}}],"collection":[{"href":"https:\/\/tvbrazilusa.com\/pt\/wp-json\/wp\/v2\/posts"}],"about":[{"href":"https:\/\/tvbrazilusa.com\/pt\/wp-json\/wp\/v2\/types\/post"}],"author":[{"embeddable":true,"href":"https:\/\/tvbrazilusa.com\/pt\/wp-json\/wp\/v2\/users\/1"}],"replies":[{"embeddable":true,"href":"https:\/\/tvbrazilusa.com\/pt\/wp-json\/wp\/v2\/comments?post=60237"}],"version-history":[{"count":1,"href":"https:\/\/tvbrazilusa.com\/pt\/wp-json\/wp\/v2\/posts\/60237\/revisions"}],"predecessor-version":[{"id":60239,"href":"https:\/\/tvbrazilusa.com\/pt\/wp-json\/wp\/v2\/posts\/60237\/revisions\/60239"}],"wp:featuredmedia":[{"embeddable":true,"href":"https:\/\/tvbrazilusa.com\/pt\/wp-json\/wp\/v2\/media\/60238"}],"wp:attachment":[{"href":"https:\/\/tvbrazilusa.com\/pt\/wp-json\/wp\/v2\/media?parent=60237"}],"wp:term":[{"taxonomy":"category","embeddable":true,"href":"https:\/\/tvbrazilusa.com\/pt\/wp-json\/wp\/v2\/categories?post=60237"},{"taxonomy":"post_tag","embeddable":true,"href":"https:\/\/tvbrazilusa.com\/pt\/wp-json\/wp\/v2\/tags?post=60237"}],"curies":[{"name":"wp","href":"https:\/\/api.w.org\/{rel}","templated":true}]}}