{"id":60258,"date":"2024-11-15T20:49:03","date_gmt":"2024-11-15T20:49:03","guid":{"rendered":"https:\/\/tvbrazilusa.com\/2024\/11\/15\/eversource-planeja-reduzir-as-taxas-de-inverno-mas-as-contas-ainda-vao-subir-aqui-esta-o-que-voce-precisa-saber\/"},"modified":"2024-11-15T21:15:19","modified_gmt":"2024-11-15T21:15:19","slug":"eversource-planeja-reduzir-as-taxas-de-inverno-mas-as-contas-ainda-vao-subir-aqui-esta-o-que-voce-precisa-saber","status":"publish","type":"post","link":"https:\/\/tvbrazilusa.com\/pt\/2024\/11\/15\/eversource-planeja-reduzir-as-taxas-de-inverno-mas-as-contas-ainda-vao-subir-aqui-esta-o-que-voce-precisa-saber\/","title":{"rendered":"Eversource planeja reduzir as taxas de inverno, mas as contas ainda v\u00e3o subir. Aqui est\u00e1 o que voc\u00ea precisa saber"},"content":{"rendered":"<script async src=\"https:\/\/pagead2.googlesyndication.com\/pagead\/js\/adsbygoogle.js?client=ca-pub-8864793242727901\"\r\n     crossorigin=\"anonymous\"><\/script>\n<p>BERLIM, Connecticut (WTNH) \u2013 \u00c0 medida que os meses mais frios se aproximam, voc\u00ea pode pensar mais na sua conta de luz. Na sexta-feira, os funcion\u00e1rios da Eversource detalharam suas taxas de inverno ao registrar seu ajuste padr\u00e3o semestral da taxa de fornecimento junto \u00e0 PURA.<\/p>\n<p>Embora seja uma diminui\u00e7\u00e3o em compara\u00e7\u00e3o com o ano passado, os clientes podem esperar um aumento nas suas contas. <\/p>\n<p>A tarifa de fornecimento de energia el\u00e9trica muda duas vezes por ano. Geralmente \u00e9 mais alto no inverno do que no ver\u00e3o. Este ano, em compara\u00e7\u00e3o com o ano passado, a Eversource disse que a taxa de inverno caiu cerca de 24% para clientes de servi\u00e7o padr\u00e3o \u2013 a mais baixa em alguns anos.<\/p>\n<p>Mas em compara\u00e7\u00e3o com a taxa de ver\u00e3o, aumentou cerca de 7%, totalizando cerca de US$ 15 mensais. <\/p>\n<div class=\"nlp-ignore-block article-content rich-text\">\n<aside class=\"promo-link\">\n\t<a href=\"https:\/\/www.wtnh.com\/news\/connecticut\/eversource-owned-yankee-gas-requests-209-million-rate-increase\/?ipid=promo-link-block1\" class=\"promo-link__link\"><\/p>\n<p>\t\tYankee Gas, de propriedade da Eversource, solicita aumento de taxa de US$ 209 milh\u00f5es\t<\/a><br \/>\n<\/aside>\n<\/div>\n<p>O News 8 conversou com clientes que disseram estar frustrados e sentindo o aperto. Eles viram suas contas subirem cada vez mais, impactando a forma como gastam seu dinheiro em itens como comida e gasolina. <\/p>\n<p>\u201cIsso nos restringe de muitas maneiras de fazer coisas que gostar\u00edamos de fazer: f\u00e9rias, compras, comida para nossa casa, gasolina para nossos carros\u201d, disse o cliente John Pelow.<\/p>\n<p>Os clientes tamb\u00e9m disseram que est\u00e3o tentando ficar atentos \u00e0 quantidade de energia que usam, mas n\u00e3o notaram diferen\u00e7a em suas contas mensais.<\/p>\n<p>\u201cDizem para desligar e desconectar coisas que voc\u00ea n\u00e3o usa\u201d, disse a cliente Marguerite Cunningham. \u201cMuitas vezes eu fa\u00e7o isso e ainda \u00e9 caro!\u201d<\/p>\n<p>Funcion\u00e1rios da Eversource disseram que s\u00e3o respons\u00e1veis \u200b\u200bpelas parcelas de entrega da conta e que essas taxas n\u00e3o mudam.<\/p>\n<p>\u201c\u00c9 realmente importante entender que a Eversource \u00e9 uma empresa de fornecimento de energia\u201d, disse Steve Sullivan, presidente de opera\u00e7\u00f5es el\u00e9tricas de Connecticut da Eversruce. \u201cEstamos diretamente envolvidos e respons\u00e1veis \u200b\u200b\u200b\u200bapenas pela parte de entrega da fatura.\u201d<\/p>\n<p>Sullivan disse que a parte da conta de oferta \u00e9 geralmente a maior e mais vol\u00e1til. A parcela de benef\u00edcios p\u00fablicos inclui custos exigidos pelo estado, como assist\u00eancia financeira e programas de efici\u00eancia energ\u00e9tica.<\/p>\n<p>\u201cSomos obrigados a consolidar a fatura inteira, para que o cliente receba uma fatura, nos bastidores: 50% em m\u00e9dia vai para a empresa fornecedora, 10% cobre o custo dos benef\u00edcios p\u00fablicos e 40% vai para a Eversource\u201d, Sullivan disse.<\/p>\n<p>Se aprovada pela PURA, a nova tarifa de fornecimento el\u00e9trico entrar\u00e1 em vigor em 1\u00ba de janeiro de 2025. O processo de aprova\u00e7\u00e3o pode levar algumas semanas. <\/p>\n<p>Os clientes s\u00e3o incentivados a parar, inscrever-se e economizar, comparando op\u00e7\u00f5es oferecidas por fornecedores terceirizados em <a href=\"http:\/\/EnergizeCT.com\" data-type=\"link\" data-id=\"EnergizeCT.com\" target=\"_blank\" rel=\"noreferrer noopener\">EnergizeCT. com<\/a><\/p>\n<p>\u201cAcho que eles precisam ser um pouco mais regulamentados e controlados, para que n\u00e3o possam continuar a aumentar esses pre\u00e7os para n\u00f3s\u201d, disse Pelow.<\/p>\n<p>Se necessitar de assist\u00eancia para aquecimento dom\u00e9stico ligue 211, ou <a href=\"https:\/\/portal.ct.gov\/dss\/economic-security\/winter-heating-assistance\/energy-assistance---winter-heating\" data-type=\"link\" data-id=\"https:\/\/portal.ct.gov\/dss\/economic-security\/winter-heating-assistance\/energy-assistance---winter-heating\" target=\"_blank\" rel=\"noreferrer noopener\">inscrever-se no Programa de Assist\u00eancia Energ\u00e9tica de Connecticut.<\/a><\/p>\n<p><br \/>\n<br \/><a href=\"https:\/\/www.wtnh.com\/news\/connecticut\/eversource-plans-to-lower-winter-rates-but-bills-are-still-going-to-go-up-heres-what-you-need-to-know\/\">Source link <\/a><\/p>","protected":false},"excerpt":{"rendered":"<p>BERLIM, Connecticut (WTNH) \u2013 \u00c0 medida que os meses mais frios se aproximam, voc\u00ea pode pensar mais na sua conta de luz. Na sexta-feira, os funcion\u00e1rios da Eversource detalharam suas&hellip;<\/p>","protected":false},"author":1,"featured_media":19206,"comment_status":"closed","ping_status":"open","sticky":false,"template":"","format":"standard","meta":{"content-type":"","footnotes":""},"categories":[1],"tags":[],"class_list":["post-60258","post","type-post","status-publish","format-standard","has-post-thumbnail","hentry","category-uncategorized"],"_links":{"self":[{"href":"https:\/\/tvbrazilusa.com\/pt\/wp-json\/wp\/v2\/posts\/60258","targetHints":{"allow":["GET"]}}],"collection":[{"href":"https:\/\/tvbrazilusa.com\/pt\/wp-json\/wp\/v2\/posts"}],"about":[{"href":"https:\/\/tvbrazilusa.com\/pt\/wp-json\/wp\/v2\/types\/post"}],"author":[{"embeddable":true,"href":"https:\/\/tvbrazilusa.com\/pt\/wp-json\/wp\/v2\/users\/1"}],"replies":[{"embeddable":true,"href":"https:\/\/tvbrazilusa.com\/pt\/wp-json\/wp\/v2\/comments?post=60258"}],"version-history":[{"count":1,"href":"https:\/\/tvbrazilusa.com\/pt\/wp-json\/wp\/v2\/posts\/60258\/revisions"}],"predecessor-version":[{"id":60259,"href":"https:\/\/tvbrazilusa.com\/pt\/wp-json\/wp\/v2\/posts\/60258\/revisions\/60259"}],"wp:featuredmedia":[{"embeddable":true,"href":"https:\/\/tvbrazilusa.com\/pt\/wp-json\/wp\/v2\/media\/19206"}],"wp:attachment":[{"href":"https:\/\/tvbrazilusa.com\/pt\/wp-json\/wp\/v2\/media?parent=60258"}],"wp:term":[{"taxonomy":"category","embeddable":true,"href":"https:\/\/tvbrazilusa.com\/pt\/wp-json\/wp\/v2\/categories?post=60258"},{"taxonomy":"post_tag","embeddable":true,"href":"https:\/\/tvbrazilusa.com\/pt\/wp-json\/wp\/v2\/tags?post=60258"}],"curies":[{"name":"wp","href":"https:\/\/api.w.org\/{rel}","templated":true}]}}