{"id":60260,"date":"2024-11-15T21:23:00","date_gmt":"2024-11-15T21:23:00","guid":{"rendered":"https:\/\/tvbrazilusa.com\/2024\/11\/15\/agua-exclusiva-para-biden-e-praia-interditada-para-xi-jinping-confira-as-exigencias-dos-lideres-do-g20\/"},"modified":"2024-11-15T21:23:01","modified_gmt":"2024-11-15T21:23:01","slug":"agua-exclusiva-para-biden-e-praia-interditada-para-xi-jinping-confira-as-exigencias-dos-lideres-do-g20","status":"publish","type":"post","link":"https:\/\/tvbrazilusa.com\/pt\/2024\/11\/15\/agua-exclusiva-para-biden-e-praia-interditada-para-xi-jinping-confira-as-exigencias-dos-lideres-do-g20\/","title":{"rendered":"\u00c1gua exclusiva para Biden e praia interditada para Xi Jinping: confira as exig\u00eancias dos l\u00edderes do G20"},"content":{"rendered":"<p> <script async src=\"https:\/\/pagead2.googlesyndication.com\/pagead\/js\/adsbygoogle.js?client=ca-pub-8864793242727901\"\r\n     crossorigin=\"anonymous\"><\/script><br \/>\n<\/p>\n<div id=\"taboola-read-more\" style=\"display:block; width:100%\">\n<p>O encontro de chefes de estado no G20 come\u00e7a na segunda-feira (18), mas o esquema para receber os l\u00edderes mundiais j\u00e1 movimenta os respons\u00e1veis pela seguran\u00e7a do evento.\n<\/p>\n<p>A delega\u00e7\u00e3o do Estados Unidos, por exemplo, trouxe gal\u00f5es de \u00e1gua para o presidente Joe Biden. Dois avi\u00f5es americanos aterrissaram na Base A\u00e9rea do Gale\u00e3o, no \u00faltimo dia 6. A quantidade de equipamentos surpreendeu as equipes de escolta. Sete caminh\u00f5es ba\u00fa deixaram o local repletos de \u00e1gua e de comida. O presidente americano chega ao Rio domingo (17).<\/p>\n<p>As aeronaves ainda trouxeram ao Rio um helic\u00f3ptero e o carro que o presidente americano usar\u00e1 para seus deslocamentos enquanto estiver na cidade.\n<\/p>\n<p>J\u00e1 a China de Xi Jinping \u00e9 que est\u00e1 dando mais trabalho aos coordenadores de seguran\u00e7a do G20. A equipe de seguran\u00e7a do pa\u00eds asi\u00e1tico pediu que todos os 400 quartos do hotel onde estar\u00e3o instalados na Zona Sul do Rio (o local n\u00e3o ser\u00e1 informado por motivo de seguran\u00e7a) passassem por uma varredura.\n<\/p>\n<p>Al\u00e9m disso, a praia pr\u00f3xima ao hotel ser\u00e1 restrita a pessoas da delega\u00e7\u00e3o. A seguran\u00e7a no local ser\u00e1 feita por fuzileiros navais que cuidar\u00e3o da escolta da delega\u00e7\u00e3o como tamb\u00e9m posicionar\u00e1 atiradores de elite em pontos do hotel.\n<\/p>\n<p>Navios da Marinha far\u00e3o a seguran\u00e7a no mar em toda orla, mas uma embarca\u00e7\u00e3o ficar\u00e1 diante do local de hospedagem dos chineses.\n<\/p>\n<p>N\u00edvel m\u00e1ximo de seguran\u00e7a<br \/>As duas delega\u00e7\u00f5es, Estados Unidos e China, est\u00e3o entre os pa\u00edses que mais tem merecido aten\u00e7\u00e3o das equipes de seguran\u00e7a.\n<\/p>\n<p>Os coordenadores dividiram as aten\u00e7\u00f5es \u00e0s na\u00e7\u00f5es em classifica\u00e7\u00f5es de risco para a aten\u00e7\u00e3o dispensada aos chefes de Estado de cada na\u00e7\u00e3o.\n<\/p>\n<p>Os riscos s\u00e3o alto, m\u00e9dio e baixo. Estados Unidos e China s\u00e3o as na\u00e7\u00f5es que ocupam um lugar no n\u00edvel alto junto com R\u00fassia e Israel, por exemplo. J\u00e1 a Coreia do Norte \u00e9 uma das na\u00e7\u00f5es classificadas como risco m\u00e9dio e as na\u00e7\u00f5es africanas aparecem como risco baixo.\n<\/p>\n<p>Um dos respons\u00e1veis pela seguran\u00e7a, o general L\u00facio Alves de Souza, chefe do Centro de Coordena\u00e7\u00e3o de Opera\u00e7\u00f5es do Comando Militar do Leste (CML), no Rio, est\u00e1 sendo montado &#8220;um esquema de seguran\u00e7a suficiente para atender os chefes de estado&#8221;.\n<\/p>\n<p>&#8220;N\u00f3s j\u00e1 tivemos v\u00e1rios grandes eventos aqui no Rio de Janeiro, uma sequ\u00eancia deles. Tudo dentro desse cen\u00e1rio que conhecemos. Est\u00e1 sendo montado um grande aparato de seguran\u00e7a. N\u00e3o s\u00f3 com as For\u00e7as Armadas mas com os \u00f3rg\u00e3os de seguran\u00e7a p\u00fablica e com as outras ag\u00eancias. A gente imagina que tem a seguran\u00e7a suficiente para prover a seguran\u00e7a dos chefes de estado&#8221;.\n<\/p>\n<p>Fonte: G1              <\/p>\n<\/div>\n<p><br \/>\n<br \/><a href=\"https:\/\/diariodobrasilnoticias.com.br\/noticia\/agua-exclusiva-para-biden-e-praia-interditada-para-xi-jinping-confira-as-exigencias-dos-lideres-do-g20-673794ce65850\">Source link <\/a><\/p>","protected":false},"excerpt":{"rendered":"<p>O encontro de chefes de estado no G20 come\u00e7a na segunda-feira (18), mas o esquema para receber os l\u00edderes mundiais j\u00e1 movimenta os respons\u00e1veis pela seguran\u00e7a do evento. A delega\u00e7\u00e3o&hellip;<\/p>","protected":false},"author":1,"featured_media":60261,"comment_status":"closed","ping_status":"open","sticky":false,"template":"","format":"standard","meta":{"content-type":"","footnotes":""},"categories":[16],"tags":[123,2448,5313,1267],"class_list":["post-60260","post","type-post","status-publish","format-standard","has-post-thumbnail","hentry","category-noticias","tag-brasil","tag-diario","tag-noticia","tag-noticias"],"_links":{"self":[{"href":"https:\/\/tvbrazilusa.com\/pt\/wp-json\/wp\/v2\/posts\/60260","targetHints":{"allow":["GET"]}}],"collection":[{"href":"https:\/\/tvbrazilusa.com\/pt\/wp-json\/wp\/v2\/posts"}],"about":[{"href":"https:\/\/tvbrazilusa.com\/pt\/wp-json\/wp\/v2\/types\/post"}],"author":[{"embeddable":true,"href":"https:\/\/tvbrazilusa.com\/pt\/wp-json\/wp\/v2\/users\/1"}],"replies":[{"embeddable":true,"href":"https:\/\/tvbrazilusa.com\/pt\/wp-json\/wp\/v2\/comments?post=60260"}],"version-history":[{"count":1,"href":"https:\/\/tvbrazilusa.com\/pt\/wp-json\/wp\/v2\/posts\/60260\/revisions"}],"predecessor-version":[{"id":60262,"href":"https:\/\/tvbrazilusa.com\/pt\/wp-json\/wp\/v2\/posts\/60260\/revisions\/60262"}],"wp:featuredmedia":[{"embeddable":true,"href":"https:\/\/tvbrazilusa.com\/pt\/wp-json\/wp\/v2\/media\/60261"}],"wp:attachment":[{"href":"https:\/\/tvbrazilusa.com\/pt\/wp-json\/wp\/v2\/media?parent=60260"}],"wp:term":[{"taxonomy":"category","embeddable":true,"href":"https:\/\/tvbrazilusa.com\/pt\/wp-json\/wp\/v2\/categories?post=60260"},{"taxonomy":"post_tag","embeddable":true,"href":"https:\/\/tvbrazilusa.com\/pt\/wp-json\/wp\/v2\/tags?post=60260"}],"curies":[{"name":"wp","href":"https:\/\/api.w.org\/{rel}","templated":true}]}}