{"id":60269,"date":"2024-11-15T21:19:59","date_gmt":"2024-11-15T21:19:59","guid":{"rendered":"https:\/\/tvbrazilusa.com\/2024\/11\/15\/republicanos-de-connecticut-pedem-suspensao-de-cuidados-de-saude-gratuitos-para-imigrantes-indocumentados\/"},"modified":"2024-11-15T21:29:46","modified_gmt":"2024-11-15T21:29:46","slug":"republicanos-de-connecticut-pedem-suspensao-de-cuidados-de-saude-gratuitos-para-imigrantes-indocumentados","status":"publish","type":"post","link":"https:\/\/tvbrazilusa.com\/pt\/2024\/11\/15\/republicanos-de-connecticut-pedem-suspensao-de-cuidados-de-saude-gratuitos-para-imigrantes-indocumentados\/","title":{"rendered":"Republicanos de Connecticut pedem suspens\u00e3o de cuidados de sa\u00fade gratuitos para imigrantes indocumentados"},"content":{"rendered":"<script async src=\"https:\/\/pagead2.googlesyndication.com\/pagead\/js\/adsbygoogle.js?client=ca-pub-8864793242727901\"\r\n     crossorigin=\"anonymous\"><\/script>\n<p>NEW HAVEN, Connecticut (WTNH) \u2013 Os republicanos de Connecticut est\u00e3o pedindo a suspens\u00e3o dos cuidados de sa\u00fade gratuitos do estado para imigrantes indocumentados, citando a \u201ccrise do Medicaid de US$ 200 milh\u00f5es que amea\u00e7a drenar recursos dos principais servi\u00e7os e programas governamentais\u201d.<\/p>\n<p>O l\u00edder republicano na C\u00e2mara, Vincent Candelora, e o l\u00edder republicano no Senado, Stephen Harding, disseram que o programa de sa\u00fade excede as proje\u00e7\u00f5es de custos do ano passado em US$ 10 milh\u00f5es e est\u00e1 a caminho de superar o or\u00e7amento deste ano em mais de US$ 20 milh\u00f5es.<\/p>\n<div class=\"nlp-ignore-block article-content rich-text\">\n<aside class=\"promo-link\">\n\t<a href=\"https:\/\/www.wtnh.com\/news\/connecticut\/eversource-plans-to-lower-winter-rates-but-bills-are-still-going-to-go-up-heres-what-you-need-to-know\/?ipid=promo-link-block1\" class=\"promo-link__link\"><\/p>\n<p>\t\tEversource planeja reduzir as taxas de inverno, mas as contas ainda v\u00e3o subir. Aqui est\u00e1 o que voc\u00ea precisa saber\t<\/a><br \/>\n<\/aside>\n<\/div>\n<p>\u201cSuspender este benef\u00edcio insustent\u00e1vel financiado pelos contribuintes neste momento \u00e9 essencial para preservar servi\u00e7os vitais para residentes legais.\u201d O l\u00edder republicano da C\u00e2mara, Vincent Candelora, e o l\u00edder republicano do Senado, Stephen Harding, disseram na sexta-feira em uma declara\u00e7\u00e3o conjunta.<\/p>\n<p>O l\u00edder da maioria na C\u00e2mara, Jason Rojas (D \u2013 East Hartford, Manchester) enviou ao News 8 a seguinte declara\u00e7\u00e3o.<\/p>\n<p>\u201cCortar o acesso aos cuidados de sa\u00fade a qualquer pessoa, indocumentada ou n\u00e3o, \u00e9 m\u00edope e desumano, pois s\u00f3 resultar\u00e1 no aumento dos custos para todos os contribuintes que acabar\u00e3o por cobrir os custos, de uma forma ou de outra, atrav\u00e9s de aumentos em todos os nossos pr\u00e9mios. quando um ser humano chega a um hospital em busca de atendimento para uma emerg\u00eancia m\u00e9dica ou doen\u00e7a e n\u00e3o \u00e9 recusado&#8221;, disse Rojas.<\/p>\n<p><br \/>\n<br \/><a href=\"https:\/\/www.wtnh.com\/news\/connecticut\/connecticut-republicans-call-for-suspension-of-free-health-care-for-undocumented-immigrants\/\">Source link <\/a><\/p>","protected":false},"excerpt":{"rendered":"<p>NEW HAVEN, Connecticut (WTNH) \u2013 Os republicanos de Connecticut est\u00e3o pedindo a suspens\u00e3o dos cuidados de sa\u00fade gratuitos do estado para imigrantes indocumentados, citando a \u201ccrise do Medicaid de US$&hellip;<\/p>","protected":false},"author":1,"featured_media":60270,"comment_status":"closed","ping_status":"open","sticky":false,"template":"","format":"standard","meta":{"content-type":"","footnotes":""},"categories":[1],"tags":[],"class_list":["post-60269","post","type-post","status-publish","format-standard","has-post-thumbnail","hentry","category-uncategorized"],"_links":{"self":[{"href":"https:\/\/tvbrazilusa.com\/pt\/wp-json\/wp\/v2\/posts\/60269","targetHints":{"allow":["GET"]}}],"collection":[{"href":"https:\/\/tvbrazilusa.com\/pt\/wp-json\/wp\/v2\/posts"}],"about":[{"href":"https:\/\/tvbrazilusa.com\/pt\/wp-json\/wp\/v2\/types\/post"}],"author":[{"embeddable":true,"href":"https:\/\/tvbrazilusa.com\/pt\/wp-json\/wp\/v2\/users\/1"}],"replies":[{"embeddable":true,"href":"https:\/\/tvbrazilusa.com\/pt\/wp-json\/wp\/v2\/comments?post=60269"}],"version-history":[{"count":1,"href":"https:\/\/tvbrazilusa.com\/pt\/wp-json\/wp\/v2\/posts\/60269\/revisions"}],"predecessor-version":[{"id":60271,"href":"https:\/\/tvbrazilusa.com\/pt\/wp-json\/wp\/v2\/posts\/60269\/revisions\/60271"}],"wp:featuredmedia":[{"embeddable":true,"href":"https:\/\/tvbrazilusa.com\/pt\/wp-json\/wp\/v2\/media\/60270"}],"wp:attachment":[{"href":"https:\/\/tvbrazilusa.com\/pt\/wp-json\/wp\/v2\/media?parent=60269"}],"wp:term":[{"taxonomy":"category","embeddable":true,"href":"https:\/\/tvbrazilusa.com\/pt\/wp-json\/wp\/v2\/categories?post=60269"},{"taxonomy":"post_tag","embeddable":true,"href":"https:\/\/tvbrazilusa.com\/pt\/wp-json\/wp\/v2\/tags?post=60269"}],"curies":[{"name":"wp","href":"https:\/\/api.w.org\/{rel}","templated":true}]}}