{"id":60288,"date":"2024-11-15T21:45:04","date_gmt":"2024-11-15T21:45:04","guid":{"rendered":"https:\/\/tvbrazilusa.com\/2024\/11\/15\/homem-do-texas-acusado-de-apoiar-o-isis-e-acusado-em-tribunal-federal-wsvn-7news-noticias-de-miami-clima-esportes-fort-lauderdale\/"},"modified":"2024-11-15T21:55:08","modified_gmt":"2024-11-15T21:55:08","slug":"homem-do-texas-acusado-de-apoiar-o-isis-e-acusado-em-tribunal-federal-wsvn-7news-noticias-de-miami-clima-esportes-fort-lauderdale","status":"publish","type":"post","link":"https:\/\/tvbrazilusa.com\/pt\/2024\/11\/15\/homem-do-texas-acusado-de-apoiar-o-isis-e-acusado-em-tribunal-federal-wsvn-7news-noticias-de-miami-clima-esportes-fort-lauderdale\/","title":{"rendered":"Homem do Texas acusado de apoiar o ISIS \u00e9 acusado em tribunal federal &#8211; WSVN 7News | Not\u00edcias de Miami, clima, esportes | Fort Lauderdale"},"content":{"rendered":"<p> <script async src=\"https:\/\/pagead2.googlesyndication.com\/pagead\/js\/adsbygoogle.js?client=ca-pub-8864793242727901\"\r\n     crossorigin=\"anonymous\"><\/script><br \/>\n<\/p>\n<div itemprop=\"articleBody\">\n<p>HOUSTON (AP) \u2013 Um homem do Texas acusado de tentar fornecer apoio material ao grupo Estado Isl\u00e2mico e planejar ataques violentos em Houston compareceu ao tribunal federal na quinta-feira.<\/p>\n<p>Anas Said \u00e9 acusado de oferecer sua casa como um santu\u00e1rio seguro para membros do ISIS e de dizer que deseja participar de um ataque terrorista como o 11 de setembro, de acordo com os autos do tribunal. Os promotores federais alegam que Said passou muito tempo planejando e discutindo ataques em Houston, onde morava, e usou a internet para pesquisar como fazer explosivos e usar celulares como detonadores remotos.<\/p>\n<p>\u201cEle criou v\u00eddeos exaltando a &#8216;virtude&#8217; do ISIS, a viol\u00eancia e a morte trazidas pelo ISIS e a necessidade de que o terror perpetrado pelo ISIS continue\u201d, de acordo com documentos judiciais. \u201cEle est\u00e1 dedicado \u00e0 sua miss\u00e3o de fornecer apoio material ao ISIS em qualquer forma que possa assumir.\u201d<\/p>\n<p>Said, de 28 anos, foi preso na semana passada e na quinta-feira se declarou inocente de uma acusa\u00e7\u00e3o de tentativa de fornecer apoio material ou recursos a uma organiza\u00e7\u00e3o terrorista estrangeira designada. Said, que as autoridades disseram ter nascido em Houston, mas passou parte da inf\u00e2ncia no L\u00edbano, permanecer\u00e1 sob cust\u00f3dia federal.<\/p>\n<p>Said est\u00e1 no radar do FBI desde 2017, disse Douglas Williams Jr., agente especial encarregado do escrit\u00f3rio do FBI em Houston.<\/p>\n<p>\u201cPara aqueles aspirantes a terroristas que acreditam que podem se esconder atr\u00e1s de aplicativos criptografados ou perfis an\u00f4nimos de m\u00eddia social, por favor, entendam que iremos encontr\u00e1-los e responsabiliz\u00e1-los\u201d, disse o procurador dos EUA, Alamdar Hamdani.<\/p>\n<p>Baldemar Zuniga, advogado de Said, disse num comunicado que as acusa\u00e7\u00f5es contra o seu cliente giram em torno de fornecer apoio ao ISIS apenas atrav\u00e9s de v\u00eddeos e propaganda.<\/p>\n<p>\u201cApesar das alega\u00e7\u00f5es de que o meu cliente fez declara\u00e7\u00f5es a agentes governamentais sobre propostas de actos terroristas, a acusa\u00e7\u00e3o n\u00e3o alega actualmente qualquer planeamento ou actos de terrorismo. Esta parece ser uma investiga\u00e7\u00e3o demorada e levar\u00e1 algum tempo para analisar todas as evid\u00eancias\u201d, disse Zuniga.<\/p>\n<p>Se condenado, Said pode pegar at\u00e9 20 anos de pris\u00e3o federal.<\/p>\n<p><em>Direitos autorais 2024 da Associated Press. Todos os direitos reservados. Este material n\u00e3o pode ser publicado, transmitido, reescrito ou redistribu\u00eddo.<\/em><\/p>\n<div class=\"wp-block-newsletter\">\n\t<strong class=\"wp-block-newsletter__title\">Cadastre-se em nosso boletim informativo para receber as \u00faltimas not\u00edcias diretamente em sua caixa de entrada<\/strong><\/p>\n<\/div><\/div>\n<p><br \/>\n<br \/><a href=\"https:\/\/wsvn.com\/news\/us-world\/texas-man-accused-of-supporting-isis-charged-in-federal-court\/\">Source link <\/a><\/p>","protected":false},"excerpt":{"rendered":"<p>HOUSTON (AP) \u2013 Um homem do Texas acusado de tentar fornecer apoio material ao grupo Estado Isl\u00e2mico e planejar ataques violentos em Houston compareceu ao tribunal federal na quinta-feira. Anas&hellip;<\/p>","protected":false},"author":1,"featured_media":60289,"comment_status":"closed","ping_status":"open","sticky":false,"template":"","format":"standard","meta":{"content-type":"","footnotes":""},"categories":[1],"tags":[],"class_list":["post-60288","post","type-post","status-publish","format-standard","has-post-thumbnail","hentry","category-uncategorized"],"_links":{"self":[{"href":"https:\/\/tvbrazilusa.com\/pt\/wp-json\/wp\/v2\/posts\/60288","targetHints":{"allow":["GET"]}}],"collection":[{"href":"https:\/\/tvbrazilusa.com\/pt\/wp-json\/wp\/v2\/posts"}],"about":[{"href":"https:\/\/tvbrazilusa.com\/pt\/wp-json\/wp\/v2\/types\/post"}],"author":[{"embeddable":true,"href":"https:\/\/tvbrazilusa.com\/pt\/wp-json\/wp\/v2\/users\/1"}],"replies":[{"embeddable":true,"href":"https:\/\/tvbrazilusa.com\/pt\/wp-json\/wp\/v2\/comments?post=60288"}],"version-history":[{"count":1,"href":"https:\/\/tvbrazilusa.com\/pt\/wp-json\/wp\/v2\/posts\/60288\/revisions"}],"predecessor-version":[{"id":60290,"href":"https:\/\/tvbrazilusa.com\/pt\/wp-json\/wp\/v2\/posts\/60288\/revisions\/60290"}],"wp:featuredmedia":[{"embeddable":true,"href":"https:\/\/tvbrazilusa.com\/pt\/wp-json\/wp\/v2\/media\/60289"}],"wp:attachment":[{"href":"https:\/\/tvbrazilusa.com\/pt\/wp-json\/wp\/v2\/media?parent=60288"}],"wp:term":[{"taxonomy":"category","embeddable":true,"href":"https:\/\/tvbrazilusa.com\/pt\/wp-json\/wp\/v2\/categories?post=60288"},{"taxonomy":"post_tag","embeddable":true,"href":"https:\/\/tvbrazilusa.com\/pt\/wp-json\/wp\/v2\/tags?post=60288"}],"curies":[{"name":"wp","href":"https:\/\/api.w.org\/{rel}","templated":true}]}}