{"id":60312,"date":"2024-11-15T22:49:19","date_gmt":"2024-11-15T22:49:19","guid":{"rendered":"https:\/\/tvbrazilusa.com\/2024\/11\/15\/corpo-do-homem-bomba-sera-liberado-ate-segunda-feira-apos-conclusao-da-pericia\/"},"modified":"2024-11-15T22:49:21","modified_gmt":"2024-11-15T22:49:21","slug":"corpo-do-homem-bomba-sera-liberado-ate-segunda-feira-apos-conclusao-da-pericia","status":"publish","type":"post","link":"https:\/\/tvbrazilusa.com\/pt\/2024\/11\/15\/corpo-do-homem-bomba-sera-liberado-ate-segunda-feira-apos-conclusao-da-pericia\/","title":{"rendered":"Corpo do homem-bomba ser\u00e1 liberado at\u00e9 segunda-feira, ap\u00f3s conclus\u00e3o da per\u00edcia"},"content":{"rendered":"<p> <script async src=\"https:\/\/pagead2.googlesyndication.com\/pagead\/js\/adsbygoogle.js?client=ca-pub-8864793242727901\"\r\n     crossorigin=\"anonymous\"><\/script><br \/>\n<\/p>\n<div id=\"taboola-read-more\" style=\"display:block; width:100%\">\n<p>O corpo do homem-bomba Francisco Wanderley Luiz, 59 anos, passa por per\u00edcia na Pol\u00edcia Federal e a previs\u00e3o \u00e9 de que seja liberado at\u00e9 esta segunda-feira (18\/11).\n<\/p>\n<p>Ti\u00fc Fran\u00e7a, como era conhecido, cometeu o atentado na noite de quarta-feira (13\/11), quando causou explos\u00e3o dentro de um carro no estacionamento do Anexo 4 da C\u00e2mara dos Deputados, jogou artefaos explosivos em dire\u00e7\u00e3o ao Supremo Tribunal Federal (STF) e morreu, ap\u00f3s deitar a cabe\u00e7a sobre um dos artefatos, no ch\u00e3o, em frente \u00e0 entrada da Corte.<\/p>\n<p>O corpo do autor das explos\u00f5es ficou estendido no local durante toda a noite, em raz\u00e3o de outros explosivos, que estavam amarrados ao corpo do homem. Tr\u00eas desses itens estavam no cinto dele, e o quarto seria um extintor \u2013 a alguns metros de dist\u00e2ncia do ponto da explos\u00e3o e supostamente adaptado para estourar \u2013, cujo pino detonador estava na mochila do homem-bomba.\n<\/p>\n<p>Fonte: Metr\u00f3poles              <\/p>\n<\/div>\n<p><br \/>\n<br \/><a href=\"https:\/\/diariodobrasilnoticias.com.br\/noticia\/corpo-do-homem-bomba-sera-liberado-ate-segunda-feira-apos-conclusao-da-pericia-6737be7981dbf\">Source link <\/a><\/p>","protected":false},"excerpt":{"rendered":"<p>O corpo do homem-bomba Francisco Wanderley Luiz, 59 anos, passa por per\u00edcia na Pol\u00edcia Federal e a previs\u00e3o \u00e9 de que seja liberado at\u00e9 esta segunda-feira (18\/11). Ti\u00fc Fran\u00e7a, como&hellip;<\/p>","protected":false},"author":1,"featured_media":60313,"comment_status":"closed","ping_status":"open","sticky":false,"template":"","format":"standard","meta":{"content-type":"","footnotes":""},"categories":[16],"tags":[123,2448,5313,1267],"class_list":["post-60312","post","type-post","status-publish","format-standard","has-post-thumbnail","hentry","category-noticias","tag-brasil","tag-diario","tag-noticia","tag-noticias"],"_links":{"self":[{"href":"https:\/\/tvbrazilusa.com\/pt\/wp-json\/wp\/v2\/posts\/60312","targetHints":{"allow":["GET"]}}],"collection":[{"href":"https:\/\/tvbrazilusa.com\/pt\/wp-json\/wp\/v2\/posts"}],"about":[{"href":"https:\/\/tvbrazilusa.com\/pt\/wp-json\/wp\/v2\/types\/post"}],"author":[{"embeddable":true,"href":"https:\/\/tvbrazilusa.com\/pt\/wp-json\/wp\/v2\/users\/1"}],"replies":[{"embeddable":true,"href":"https:\/\/tvbrazilusa.com\/pt\/wp-json\/wp\/v2\/comments?post=60312"}],"version-history":[{"count":1,"href":"https:\/\/tvbrazilusa.com\/pt\/wp-json\/wp\/v2\/posts\/60312\/revisions"}],"predecessor-version":[{"id":60314,"href":"https:\/\/tvbrazilusa.com\/pt\/wp-json\/wp\/v2\/posts\/60312\/revisions\/60314"}],"wp:featuredmedia":[{"embeddable":true,"href":"https:\/\/tvbrazilusa.com\/pt\/wp-json\/wp\/v2\/media\/60313"}],"wp:attachment":[{"href":"https:\/\/tvbrazilusa.com\/pt\/wp-json\/wp\/v2\/media?parent=60312"}],"wp:term":[{"taxonomy":"category","embeddable":true,"href":"https:\/\/tvbrazilusa.com\/pt\/wp-json\/wp\/v2\/categories?post=60312"},{"taxonomy":"post_tag","embeddable":true,"href":"https:\/\/tvbrazilusa.com\/pt\/wp-json\/wp\/v2\/tags?post=60312"}],"curies":[{"name":"wp","href":"https:\/\/api.w.org\/{rel}","templated":true}]}}