{"id":60324,"date":"2024-11-15T23:13:15","date_gmt":"2024-11-15T23:13:15","guid":{"rendered":"https:\/\/tvbrazilusa.com\/2024\/11\/15\/icardi-nega-acusacoes-de-violencia-contra-wanda-apos-nao-comparecer-a-audiencia\/"},"modified":"2024-11-15T23:13:17","modified_gmt":"2024-11-15T23:13:17","slug":"icardi-nega-acusacoes-de-violencia-contra-wanda-apos-nao-comparecer-a-audiencia","status":"publish","type":"post","link":"https:\/\/tvbrazilusa.com\/pt\/2024\/11\/15\/icardi-nega-acusacoes-de-violencia-contra-wanda-apos-nao-comparecer-a-audiencia\/","title":{"rendered":"Icardi nega acusa\u00e7\u00f5es de viol\u00eancia contra Wanda ap\u00f3s n\u00e3o comparecer \u00e0 audi\u00eancia"},"content":{"rendered":"<p> <script async src=\"https:\/\/pagead2.googlesyndication.com\/pagead\/js\/adsbygoogle.js?client=ca-pub-8864793242727901\"\r\n     crossorigin=\"anonymous\"><\/script><br \/>\n<\/p>\n<div id=\"taboola-read-more\" style=\"display:block; width:100%\">\n<p>A Justi\u00e7a argentina convocou o jogador Mauro Icardi, do Galatasaray, para uma audi\u00eancia virtual, realizada na manh\u00e3 desta sexta-feira, em meio \u00e0 separa\u00e7\u00e3o pol\u00eamica entre ele e a modelo argentina Wanda Nara. O atleta, por\u00e9m, decidiu n\u00e3o comparecer \u00e0 reuni\u00e3o, que estava agendada para esta sexta-feira (15\/11).\n<\/p>\n<p>Ap\u00f3s a reuni\u00e3o, Ana Rosenfeld, advogada de Wanda, informou que o jogador do Galatasaray, al\u00e9m n\u00e3o comparecer, negou que os filhos tenham relatado os supostos atos de viol\u00eancia e afirmou que, a partir de agora, o contato entre o ex-casal ser\u00e1 feito apenas por meio de seus representantes legais.<\/p>\n<p>O novo conflito entre Mauro Icardi e Wanda Nara teve in\u00edcio quando ela retornou das f\u00e9rias no Brasil acompanhada de seu novo companheiro, o cantor L-Gante, e se deparou com o ex-marido no apartamento da fam\u00edlia. Icardi havia decidido viajar para a Argentina ap\u00f3s sofrer uma grave les\u00e3o no joelho, que o afastaria dos campos por um longo per\u00edodo. Durante esse tempo, ele permaneceu na propriedade do Chateau Libertador, que era a resid\u00eancia da fam\u00edlia.\n<\/p>\n<p>Embora os detalhes exatos do ocorrido ainda n\u00e3o sejam claros, Rosenfeld explicou que ela pediu para Mauro deixar a casa. Apesar de n\u00e3o ter ocorrido viol\u00eancia f\u00edsica, a pol\u00edcia foi acionada, o que resultou em um boletim de ocorr\u00eancia registrado na Justi\u00e7a.\n<\/p>\n<p>Icardi se defendeu ao dizer que tudo foi um exagero por parte de Wanda. \u201cN\u00e3o usei viol\u00eancia em momento algum. A casa \u00e9 minha e tenho meus direitos. Ela leva tudo para a m\u00eddia e distorce os fatos para atender aos seus pr\u00f3prios interesses\u201d, afirmou o jogador.\n<\/p>\n<p>O conflito gerou tamb\u00e9m uma a\u00e7\u00e3o judicial. O processo, denominado \u201cNara Wanda Solange c\/ Icardi, Mauro Emanuel, sobre Medida Provis\u00f3ria Art. 721 fam\u00edlia\u201d, foi protocolado na Vara C\u00edvel 106, detalhando a disputa jur\u00eddica entre Wanda Nara e Mauro Icardi.\n<\/p>\n<p>Casal pol\u00eamico<br \/>Wanda e Icardi eram um casal pol\u00eamico, uma vez que a modelo antes era casada com o atacante Maxi L\u00f3pez, na \u00e9poca atuava pelo Sampdoria. Ele convidava Icardi para sua casa. Tempos depois Wanda trocou um pelo outro e, depois, traiu o jogador do Galatasaray.\n<\/p>\n<p>Fonte: Metr\u00f3poles              <\/p>\n<\/div>\n<p><br \/>\n<br \/><a href=\"https:\/\/diariodobrasilnoticias.com.br\/noticia\/icardi-nega-acusacoes-de-violencia-contra-wanda-apos-nao-comparecer-a-audiencia-6737bee4a9f06\">Source link <\/a><\/p>","protected":false},"excerpt":{"rendered":"<p>A Justi\u00e7a argentina convocou o jogador Mauro Icardi, do Galatasaray, para uma audi\u00eancia virtual, realizada na manh\u00e3 desta sexta-feira, em meio \u00e0 separa\u00e7\u00e3o pol\u00eamica entre ele e a modelo argentina&hellip;<\/p>","protected":false},"author":1,"featured_media":60325,"comment_status":"closed","ping_status":"open","sticky":false,"template":"","format":"standard","meta":{"content-type":"","footnotes":""},"categories":[16],"tags":[123,2448,5313,1267],"class_list":["post-60324","post","type-post","status-publish","format-standard","has-post-thumbnail","hentry","category-noticias","tag-brasil","tag-diario","tag-noticia","tag-noticias"],"_links":{"self":[{"href":"https:\/\/tvbrazilusa.com\/pt\/wp-json\/wp\/v2\/posts\/60324","targetHints":{"allow":["GET"]}}],"collection":[{"href":"https:\/\/tvbrazilusa.com\/pt\/wp-json\/wp\/v2\/posts"}],"about":[{"href":"https:\/\/tvbrazilusa.com\/pt\/wp-json\/wp\/v2\/types\/post"}],"author":[{"embeddable":true,"href":"https:\/\/tvbrazilusa.com\/pt\/wp-json\/wp\/v2\/users\/1"}],"replies":[{"embeddable":true,"href":"https:\/\/tvbrazilusa.com\/pt\/wp-json\/wp\/v2\/comments?post=60324"}],"version-history":[{"count":1,"href":"https:\/\/tvbrazilusa.com\/pt\/wp-json\/wp\/v2\/posts\/60324\/revisions"}],"predecessor-version":[{"id":60326,"href":"https:\/\/tvbrazilusa.com\/pt\/wp-json\/wp\/v2\/posts\/60324\/revisions\/60326"}],"wp:featuredmedia":[{"embeddable":true,"href":"https:\/\/tvbrazilusa.com\/pt\/wp-json\/wp\/v2\/media\/60325"}],"wp:attachment":[{"href":"https:\/\/tvbrazilusa.com\/pt\/wp-json\/wp\/v2\/media?parent=60324"}],"wp:term":[{"taxonomy":"category","embeddable":true,"href":"https:\/\/tvbrazilusa.com\/pt\/wp-json\/wp\/v2\/categories?post=60324"},{"taxonomy":"post_tag","embeddable":true,"href":"https:\/\/tvbrazilusa.com\/pt\/wp-json\/wp\/v2\/tags?post=60324"}],"curies":[{"name":"wp","href":"https:\/\/api.w.org\/{rel}","templated":true}]}}