{"id":60327,"date":"2024-11-15T22:21:53","date_gmt":"2024-11-15T22:21:53","guid":{"rendered":"https:\/\/tvbrazilusa.com\/2024\/11\/15\/a-escolha-de-rubio-por-trump-como-principal-diplomata-dos-eua-pode-remodelar-a-politica-dos-eua-na-america-latina-wsvn-7news-noticias-de-miami-clima-esportes-fort-lauderdale\/"},"modified":"2024-11-15T23:17:36","modified_gmt":"2024-11-15T23:17:36","slug":"a-escolha-de-rubio-por-trump-como-principal-diplomata-dos-eua-pode-remodelar-a-politica-dos-eua-na-america-latina-wsvn-7news-noticias-de-miami-clima-esportes-fort-lauderdale","status":"publish","type":"post","link":"https:\/\/tvbrazilusa.com\/pt\/2024\/11\/15\/a-escolha-de-rubio-por-trump-como-principal-diplomata-dos-eua-pode-remodelar-a-politica-dos-eua-na-america-latina-wsvn-7news-noticias-de-miami-clima-esportes-fort-lauderdale\/","title":{"rendered":"A escolha de Rubio por Trump como principal diplomata dos EUA pode remodelar a pol\u00edtica dos EUA na Am\u00e9rica Latina &#8211; WSVN 7News | Not\u00edcias de Miami, clima, esportes | Fort Lauderdale"},"content":{"rendered":"<p> <script async src=\"https:\/\/pagead2.googlesyndication.com\/pagead\/js\/adsbygoogle.js?client=ca-pub-8864793242727901\"\r\n     crossorigin=\"anonymous\"><\/script><br \/>\n<\/p>\n<div itemprop=\"articleBody\">\n<p>MIAMI (AP) \u2013 Crescendo em Miami entre exilados cubanos que fugiram da revolu\u00e7\u00e3o de Fidel Castro, o senador Marco Rubio desenvolveu um \u00f3dio profundo pelo comunismo. Agora, como escolha do presidente eleito Donald Trump para o principal diplomata dos EUA, ele dever\u00e1 trazer a mesma muni\u00e7\u00e3o ideol\u00f3gica para remodelar a pol\u00edtica dos EUA na Am\u00e9rica Latina.<\/p>\n<p>Como primeiro secret\u00e1rio de Estado latino, espera-se que Rubio dedique aten\u00e7\u00e3o consider\u00e1vel ao que h\u00e1 muito \u00e9 chamado depreciativamente de quintal de Washington.<\/p>\n<p>Sendo o principal republicano na Comiss\u00e3o Especial de Intelig\u00eancia do Senado e membro de longa data da Comiss\u00e3o de Rela\u00e7\u00f5es Exteriores, ele aproveitou o seu conhecimento e rela\u00e7\u00f5es pessoais incompar\u00e1veis \u200b\u200bpara impulsionar a pol\u00edtica dos EUA na regi\u00e3o durante anos.<\/p>\n<p>Durante d\u00e9cadas, desde o fim da Guerra Fria, a Am\u00e9rica Latina desapareceu da agenda da pol\u00edtica externa dos EUA, apesar de advers\u00e1rios dos EUA como a R\u00fassia, o Ir\u00e3o e especialmente a China terem feito incurs\u00f5es profundas. Se confirmado, o republicano da Fl\u00f3rida provavelmente acabar\u00e1 com o descaso.<\/p>\n<p>Mas a reputa\u00e7\u00e3o de Rubio como um falc\u00e3o da seguran\u00e7a nacional, a ades\u00e3o ao plano de Trump para a deporta\u00e7\u00e3o em massa de migrantes e o talento para a ret\u00f3rica polarizadora provavelmente alienar\u00e3o at\u00e9 mesmo alguns aliados dos EUA na regi\u00e3o, que n\u00e3o est\u00e3o dispostos a alinhar-se com a pol\u00edtica externa Am\u00e9rica Primeiro do novo presidente.<\/p>\n<p>\u201cNormalmente, a pol\u00edtica para a Am\u00e9rica Latina \u00e9 deixada para os oficiais subalternos\u201d, disse Christopher Sabatini, pesquisador da Chatham House, em Londres. \u201cMas os reflexos de Rubio est\u00e3o firmemente voltados para a regi\u00e3o. Ele estar\u00e1 atento e os governos ter\u00e3o de ser mais cooperativos no seu relacionamento mais amplo com os EUA se quiserem aproximar-se.\u201d<\/p>\n<p>Rubio, por meio de uma porta-voz do Senado, recusou-se a comentar sobre seus objetivos de pol\u00edtica externa.<\/p>\n<p>Mas as suas opini\u00f5es sobre a Am\u00e9rica Latina s\u00e3o bem conhecidas e contrastam fortemente com a prefer\u00eancia da administra\u00e7\u00e3o Biden pela diplomacia multilateral e pelo di\u00e1logo com os cr\u00edticos dos EUA.<\/p>\n<p>Seguindo as dicas do seu chefe, o foco principal de Rubio na regi\u00e3o provavelmente ser\u00e1 o M\u00e9xico, no com\u00e9rcio, no tr\u00e1fico de drogas e na migra\u00e7\u00e3o. Outrora patrocinador de reformas bipartid\u00e1rias que permitiam aos migrantes indocumentados um caminho para a cidadania, Rubio transformou-se durante a primeira administra\u00e7\u00e3o de Trump num apoiante leal dos seus apelos ao aumento da seguran\u00e7a nas fronteiras e \u00e0 deporta\u00e7\u00e3o em massa.<\/p>\n<p>Rubio pouco falou sobre a presidente mexicana Claudia Sheinbaum, que assumiu o cargo no m\u00eas passado. Mas ele foi um cr\u00edtico feroz do seu antecessor, Andr\u00e9s Manuel L\u00f3pez Obrador, que em 2022 faltou desafiadoramente \u00e0 Cimeira das Am\u00e9ricas organizada pelos EUA em Los Angeles para uma reuni\u00e3o de l\u00edderes esquerdistas em Cuba.<\/p>\n<p>Rubio acusou L\u00f3pez Obrador de capitular diante dos cart\u00e9is de drogas e de servir como \u201capologista da tirania\u201d em Cuba, Venezuela e Nicar\u00e1gua. O presidente mexicano respondeu chamando Rubio de \u201cracista\u201d.<\/p>\n<p>Apesar do desprezo, o presidente mexicano foi recebido pelo presidente Joe Biden na Casa Branca tr\u00eas semanas depois como \u201camigo\u201d e \u201cparceiro\u201d.<\/p>\n<p>\u201cIsso n\u00e3o acontecer\u00e1 com Rubio\u201d, disse Sabatini. \u201cEle monitora de perto quem segue suas prefer\u00eancias pol\u00edticas.\u201d<\/p>\n<p>Rubio, 53 anos, h\u00e1 muito que tem a aten\u00e7\u00e3o de Trump na Am\u00e9rica Latina \u2013 e n\u00e3o hesitou em usar esse acesso para promover a sua agenda linha-dura. Ele tem sido um dos cr\u00edticos mais ferrenhos do alcance econ\u00f3mico, pol\u00edtico e militar russo e chin\u00eas na regi\u00e3o, e espera-se que puna os pa\u00edses que se aproximam dos rivais geopol\u00edticos da Am\u00e9rica, ou aqueles que n\u00e3o apoiam Israel.<\/p>\n<p>Quando Trump cancelou o que teria sido a sua primeira visita presidencial \u00e0 Am\u00e9rica Latina em 2018, Rubio estava l\u00e1 para preencher o vazio, participando em reuni\u00f5es e sess\u00f5es fotogr\u00e1ficas na Cimeira das Am\u00e9ricas no Peru com l\u00edderes regionais da Argentina, Haiti e outros lugares.<\/p>\n<p>\u201cN\u00e3o h\u00e1 ningu\u00e9m no Senado dos EUA que chegue perto de ter sua afinidade e profundo conhecimento sobre a Am\u00e9rica Latina\u201d, disse Carlos Trujillo, amigo pr\u00f3ximo de Rubio e ex-embaixador dos EUA na Organiza\u00e7\u00e3o dos Estados Americanos. \u201cEle n\u00e3o s\u00f3 mant\u00e9m rela\u00e7\u00f5es pessoais com dezenas de funcion\u00e1rios, alguns deles h\u00e1 d\u00e9cadas, mas tamb\u00e9m examinou quase todos os embaixadores dos EUA destacados para a regi\u00e3o. \u00c9 uma vantagem significativa.\u201d<\/p>\n<p>Entre os que desejam trabalhar com Rubio est\u00e1 o presidente argentino, Javier Milei, cujo estilo combativo, ataques \u00e0s institui\u00e7\u00f5es e transforma\u00e7\u00e3o de personalidade televisiva em l\u00edder de extrema direita atra\u00edram compara\u00e7\u00f5es com Trump.<\/p>\n<p>Outro aliado \u00e9 Nayib Bukele, de El Salvador, cuja repress\u00e3o \u00e0 viol\u00eancia de gangues que outrora levou milh\u00f5es de migrantes salvadorenhos aos EUA atraiu elogios de Rubio.<\/p>\n<p>Rubio n\u00e3o hesitou em usar o seu poder para intimidar l\u00edderes esquerdistas que considera prejudiciais aos interesses de seguran\u00e7a nacional dos EUA. At\u00e9 os moderados democraticamente eleitos t\u00eam sido alvos. No in\u00edcio deste ano, ele criticou o presidente chileno Gabriel Boric, um cr\u00edtico das a\u00e7\u00f5es de Israel em Gaza, por supostamente fornecer ref\u00fagio seguro aos financiadores do Hezbollah, chamando-o de \u201cuma das principais vozes anti-Israel na Am\u00e9rica Latina\u201d.<\/p>\n<p>Em 2023, chamou o presidente colombiano Gustavo Petro, antigo membro do grupo guerrilheiro M-19, de uma escolha \u201cperigosa\u201d para liderar um pa\u00eds que \u00e9 parceiro de longa data dos EUA na guerra contra as drogas.<\/p>\n<p>Mas foi na Venezuela que Rubio deixou a sua maior marca.<\/p>\n<p>Poucas semanas depois de Trump assumir o cargo, em janeiro de 2017, Rubio levou a esposa do proeminente dissidente venezuelano Leopoldo Lopez \u00e0 Casa Branca. A visita ao Sal\u00e3o Oval, marcada por uma foto de Trump e Rubio sorrindo ao lado da esposa do ativista ent\u00e3o preso, imediatamente empurrou a Venezuela para o topo da agenda da pol\u00edtica externa dos EUA, em uma ruptura com os esfor\u00e7os de governos anteriores dos EUA para manter dist\u00e2ncia do pa\u00eds. problemas.<\/p>\n<p>Nos dois anos seguintes, Trump imp\u00f4s san\u00e7\u00f5es esmagadoras ao petr\u00f3leo \u00e0 Venezuela, acusou numerosos funcion\u00e1rios de corrup\u00e7\u00e3o e come\u00e7ou a falar de uma \u201cop\u00e7\u00e3o militar\u201d para destituir o Presidente Nicol\u00e1s Maduro. Em 2019, no auge da influ\u00eancia de Rubio, os EUA reconheceram o presidente da Assembleia Nacional, Juan Guaid\u00f3, como o l\u00edder leg\u00edtimo do pa\u00eds.<\/p>\n<p>Mas a postura combativa \u2013 popular entre os exilados no sul da Florida \u2013 passou a assombrar Trump, que mais tarde reconheceu ter sobrestimado a oposi\u00e7\u00e3o. Ao fortalecer a m\u00e3o de Maduro, tamb\u00e9m abriu caminho para interesses mais profundos da R\u00fassia, da China e do Ir\u00e3o no pa\u00eds, agravando ao mesmo tempo uma crise humanit\u00e1ria que levou milh\u00f5es de pessoas a deslocarem-se, com muitos a migrarem para os EUA.<\/p>\n<p>Michael Shifter, antigo presidente do Di\u00e1logo Interamericano em Washington, acredita que Trump pode revelar-se mais indulgente com Maduro desta vez, mesmo com Rubio \u00e0 frente do Departamento de Estado, e continuar o caminho de envolvimento e al\u00edvio de san\u00e7\u00f5es perseguido pela administra\u00e7\u00e3o Biden.<\/p>\n<p>\u201cTrump pode come\u00e7ar a tratar Maduro como normalmente trata outros homens fortes ao redor do mundo, e atender um pouco menos \u00e0 comunidade cubano-americana exilada na Fl\u00f3rida\u201d, disse Shifter.<\/p>\n<p>Trujillo disse que a reputa\u00e7\u00e3o de franqueza de Rubio ser\u00e1 \u00fatil para ele negociar tanto com amigos quanto com inimigos dos EUA, mesmo que ele tenha que moderar sua ret\u00f3rica \u00e0s vezes acalorada.<\/p>\n<p>\u201cEle desempenhar\u00e1 um papel diferente agora, mas \u00e9 um negociador excepcional e n\u00e3o tenho d\u00favidas de que estar\u00e1 \u00e0 altura da situa\u00e7\u00e3o\u201d, disse Trujillo.<\/p>\n<p>Com a escolha por Trump de outro cr\u00edtico veemente de Maduro, o deputado Michael Waltz da Fl\u00f3rida, como seu conselheiro de seguran\u00e7a nacional, Trujillo disse que o l\u00edder venezuelano e seus aliados autorit\u00e1rios em Cuba e na Nicar\u00e1gua deveriam estar preocupados.<\/p>\n<p>\u201cH\u00e1 uma oportunidade de negociar, mas ter\u00e1 que ser de boa f\u00e9\u201d, disse Trujillo. \u201cSe n\u00e3o o fizerem, haver\u00e1 consequ\u00eancias.\u201d<\/p>\n<p><em>Direitos autorais 2024 da Associated Press. Todos os direitos reservados. Este material n\u00e3o pode ser publicado, transmitido, reescrito ou redistribu\u00eddo.<\/em><\/p>\n<div class=\"wp-block-newsletter\">\n\t<strong class=\"wp-block-newsletter__title\">Cadastre-se em nosso boletim informativo para receber as \u00faltimas not\u00edcias diretamente em sua caixa de entrada<\/strong><\/p>\n<\/div><\/div>\n<p><br \/>\n<br \/><a href=\"https:\/\/wsvn.com\/news\/politics\/trumps-pick-of-rubio-as-americas-top-diplomat-could-reshape-us-policy-in-latin-america\/\">Source link <\/a><\/p>","protected":false},"excerpt":{"rendered":"<p>MIAMI (AP) \u2013 Crescendo em Miami entre exilados cubanos que fugiram da revolu\u00e7\u00e3o de Fidel Castro, o senador Marco Rubio desenvolveu um \u00f3dio profundo pelo comunismo. Agora, como escolha do&hellip;<\/p>","protected":false},"author":1,"featured_media":60328,"comment_status":"closed","ping_status":"open","sticky":false,"template":"","format":"standard","meta":{"content-type":"","footnotes":""},"categories":[1],"tags":[],"class_list":["post-60327","post","type-post","status-publish","format-standard","has-post-thumbnail","hentry","category-uncategorized"],"_links":{"self":[{"href":"https:\/\/tvbrazilusa.com\/pt\/wp-json\/wp\/v2\/posts\/60327","targetHints":{"allow":["GET"]}}],"collection":[{"href":"https:\/\/tvbrazilusa.com\/pt\/wp-json\/wp\/v2\/posts"}],"about":[{"href":"https:\/\/tvbrazilusa.com\/pt\/wp-json\/wp\/v2\/types\/post"}],"author":[{"embeddable":true,"href":"https:\/\/tvbrazilusa.com\/pt\/wp-json\/wp\/v2\/users\/1"}],"replies":[{"embeddable":true,"href":"https:\/\/tvbrazilusa.com\/pt\/wp-json\/wp\/v2\/comments?post=60327"}],"version-history":[{"count":1,"href":"https:\/\/tvbrazilusa.com\/pt\/wp-json\/wp\/v2\/posts\/60327\/revisions"}],"predecessor-version":[{"id":60329,"href":"https:\/\/tvbrazilusa.com\/pt\/wp-json\/wp\/v2\/posts\/60327\/revisions\/60329"}],"wp:featuredmedia":[{"embeddable":true,"href":"https:\/\/tvbrazilusa.com\/pt\/wp-json\/wp\/v2\/media\/60328"}],"wp:attachment":[{"href":"https:\/\/tvbrazilusa.com\/pt\/wp-json\/wp\/v2\/media?parent=60327"}],"wp:term":[{"taxonomy":"category","embeddable":true,"href":"https:\/\/tvbrazilusa.com\/pt\/wp-json\/wp\/v2\/categories?post=60327"},{"taxonomy":"post_tag","embeddable":true,"href":"https:\/\/tvbrazilusa.com\/pt\/wp-json\/wp\/v2\/tags?post=60327"}],"curies":[{"name":"wp","href":"https:\/\/api.w.org\/{rel}","templated":true}]}}