{"id":60336,"date":"2024-11-15T21:34:31","date_gmt":"2024-11-15T21:34:31","guid":{"rendered":"https:\/\/tvbrazilusa.com\/2024\/11\/15\/policia-confirma-que-cabeca-humana-encontrada-na-praia-de-key-biscayne-pertence-a-nadador-desaparecido-wsvn-7news-noticias-de-miami-clima-esportes-fort-lauderdale\/"},"modified":"2024-11-15T23:30:45","modified_gmt":"2024-11-15T23:30:45","slug":"policia-confirma-que-cabeca-humana-encontrada-na-praia-de-key-biscayne-pertence-a-nadador-desaparecido-wsvn-7news-noticias-de-miami-clima-esportes-fort-lauderdale","status":"publish","type":"post","link":"https:\/\/tvbrazilusa.com\/pt\/2024\/11\/15\/policia-confirma-que-cabeca-humana-encontrada-na-praia-de-key-biscayne-pertence-a-nadador-desaparecido-wsvn-7news-noticias-de-miami-clima-esportes-fort-lauderdale\/","title":{"rendered":"Pol\u00edcia confirma que cabe\u00e7a humana encontrada na praia de Key Biscayne pertence a nadador desaparecido &#8211; WSVN 7News | Not\u00edcias de Miami, clima, esportes | Fort Lauderdale"},"content":{"rendered":"<p> <script async src=\"https:\/\/pagead2.googlesyndication.com\/pagead\/js\/adsbygoogle.js?client=ca-pub-8864793242727901\"\r\n     crossorigin=\"anonymous\"><\/script><br \/>\n<\/p>\n<div itemprop=\"articleBody\">\n<p>KEY BISCAYNE, Fl\u00f3rida. (WSVN) &#8211; As autoridades confirmaram que o <a href=\"https:\/\/wsvn.com\/news\/local\/miami-dade\/police-shut-down-section-of-key-biscayne-beach-after-human-head-found\/\" data-type=\"link\" data-id=\"https:\/\/wsvn.com\/news\/local\/miami-dade\/police-shut-down-section-of-key-biscayne-beach-after-human-head-found\/\">cabe\u00e7a humana descoberta em Key Biscayne<\/a> praia pertence a jovem de 19 anos <a href=\"https:\/\/wsvn.com\/news\/local\/miami-dade\/family-identifies-19-year-old-swimmer-who-went-missing-following-distress-call-in-south-beach-officials-continue-search\/\" data-type=\"link\" data-id=\"https:\/\/wsvn.com\/news\/local\/miami-dade\/family-identifies-19-year-old-swimmer-who-went-missing-following-distress-call-in-south-beach-officials-continue-search\/\">Victor Enrique Casta\u00f1eda<\/a> Jr., o nadador que desapareceu em South Pointe Drive no fim de semana.<\/p>\n<p>Depois do <a href=\"https:\/\/wsvn.com\/news\/local\/miami-dade\/swimmer-goes-missing-following-distress-call-in-south-beach-search-efforts-continue\/\" data-type=\"link\" data-id=\"https:\/\/wsvn.com\/news\/local\/miami-dade\/swimmer-goes-missing-following-distress-call-in-south-beach-search-efforts-continue\/\">nadador foi dado como desaparecido por volta das 18h de s\u00e1bado,<\/a> uma busca em grande escala de tr\u00eas horas foi conduzida pela Pol\u00edcia e Resgate de Inc\u00eandios de Miami Beach, juntamente com a Guarda Costeira dos EUA e o Resgate de Inc\u00eandios de Miami-Dade.<\/p>\n<p>Apesar da extensa busca, o nadador n\u00e3o foi encontrado e o caso foi inserido no banco de dados de pessoas desaparecidas.<\/p>\n<p>Na ter\u00e7a-feira, uma cabe\u00e7a humana foi descoberta atr\u00e1s da Ocean Sound Key Colony, localizada em 251 Crandon Blvd. em Key Biscayne.<\/p>\n<p>A Pol\u00edcia de Miami Beach foi notificada pela Pol\u00edcia de Miami-Dade e uma investiga\u00e7\u00e3o foi imediatamente iniciada. <\/p>\n<p>\u201cO Departamento de Pol\u00edcia de Miami Beach estende ora\u00e7\u00f5es e condol\u00eancias \u00e0 fam\u00edlia\u201d, disse a pol\u00edcia em comunicado. \u201cNossos defensores das v\u00edtimas continuar\u00e3o a fornecer apoio \u00e0 fam\u00edlia durante este per\u00edodo.\u201d<\/p>\n<p>O legista de Miami-Dade confirmou na sexta-feira que os restos mortais pertenciam a Castaneda.<\/p>\n<p><strong>Por favor, volte em WSVN.com e 7News para mais detalhes sobre esta hist\u00f3ria em desenvolvimento.<\/strong><\/p>\n<p><em>Copyright 2024 Sunbeam Television Corp. Todos os direitos reservados. Este material n\u00e3o pode ser publicado, transmitido, reescrito ou redistribu\u00eddo.<\/em><\/p>\n<div class=\"wp-block-newsletter\">\n\t<strong class=\"wp-block-newsletter__title\">Cadastre-se em nosso boletim informativo para receber as \u00faltimas not\u00edcias diretamente em sua caixa de entrada<\/strong><\/p>\n<\/div><\/div>\n<p><br \/>\n<br \/><a href=\"https:\/\/wsvn.com\/news\/local\/miami-dade\/police-confirm-human-head-found-on-key-biscayne-beach-belongs-to-missing-swimmer\/\">Source link <\/a><\/p>","protected":false},"excerpt":{"rendered":"<p>KEY BISCAYNE, Fl\u00f3rida. (WSVN) &#8211; As autoridades confirmaram que o cabe\u00e7a humana descoberta em Key Biscayne praia pertence a jovem de 19 anos Victor Enrique Casta\u00f1eda Jr., o nadador que&hellip;<\/p>","protected":false},"author":1,"featured_media":57860,"comment_status":"closed","ping_status":"open","sticky":false,"template":"","format":"standard","meta":{"content-type":"","footnotes":""},"categories":[1],"tags":[],"class_list":["post-60336","post","type-post","status-publish","format-standard","has-post-thumbnail","hentry","category-uncategorized"],"_links":{"self":[{"href":"https:\/\/tvbrazilusa.com\/pt\/wp-json\/wp\/v2\/posts\/60336","targetHints":{"allow":["GET"]}}],"collection":[{"href":"https:\/\/tvbrazilusa.com\/pt\/wp-json\/wp\/v2\/posts"}],"about":[{"href":"https:\/\/tvbrazilusa.com\/pt\/wp-json\/wp\/v2\/types\/post"}],"author":[{"embeddable":true,"href":"https:\/\/tvbrazilusa.com\/pt\/wp-json\/wp\/v2\/users\/1"}],"replies":[{"embeddable":true,"href":"https:\/\/tvbrazilusa.com\/pt\/wp-json\/wp\/v2\/comments?post=60336"}],"version-history":[{"count":1,"href":"https:\/\/tvbrazilusa.com\/pt\/wp-json\/wp\/v2\/posts\/60336\/revisions"}],"predecessor-version":[{"id":60337,"href":"https:\/\/tvbrazilusa.com\/pt\/wp-json\/wp\/v2\/posts\/60336\/revisions\/60337"}],"wp:featuredmedia":[{"embeddable":true,"href":"https:\/\/tvbrazilusa.com\/pt\/wp-json\/wp\/v2\/media\/57860"}],"wp:attachment":[{"href":"https:\/\/tvbrazilusa.com\/pt\/wp-json\/wp\/v2\/media?parent=60336"}],"wp:term":[{"taxonomy":"category","embeddable":true,"href":"https:\/\/tvbrazilusa.com\/pt\/wp-json\/wp\/v2\/categories?post=60336"},{"taxonomy":"post_tag","embeddable":true,"href":"https:\/\/tvbrazilusa.com\/pt\/wp-json\/wp\/v2\/tags?post=60336"}],"curies":[{"name":"wp","href":"https:\/\/api.w.org\/{rel}","templated":true}]}}