{"id":60361,"date":"2024-11-16T00:07:30","date_gmt":"2024-11-16T00:07:30","guid":{"rendered":"https:\/\/tvbrazilusa.com\/2024\/11\/16\/celso-sabino-e-escolhido-como-presidente-do-conselho-executivo-da-onu-turismo\/"},"modified":"2024-11-16T00:07:32","modified_gmt":"2024-11-16T00:07:32","slug":"celso-sabino-e-escolhido-como-presidente-do-conselho-executivo-da-onu-turismo","status":"publish","type":"post","link":"https:\/\/tvbrazilusa.com\/pt\/2024\/11\/16\/celso-sabino-e-escolhido-como-presidente-do-conselho-executivo-da-onu-turismo\/","title":{"rendered":"Celso Sabino \u00e9 escolhido como presidente do Conselho Executivo da ONU Turismo"},"content":{"rendered":"<p> <script async src=\"https:\/\/pagead2.googlesyndication.com\/pagead\/js\/adsbygoogle.js?client=ca-pub-8864793242727901\"\r\n     crossorigin=\"anonymous\"><\/script><br \/>\n<\/p>\n<div id=\"taboola-read-more\" style=\"display:block; width:100%\">\n<p>O ministro do Turismo, Celso Sabino, foi eleito para comandar o Conselho Executivo da ONU Turismo. Ele \u00e9 o 1\u00ba brasileiro a ocupar um alto cargo de representatividade na ag\u00eancia da ONU (Organiza\u00e7\u00e3o das Na\u00e7\u00f5es Unidas) para o turismo desde sua cria\u00e7\u00e3o, em 1975. A elei\u00e7\u00e3o que escolheu o nome de Sabino aconteceu em Cartagena, na Col\u00f4mbia, durante a 122\u00aa reuni\u00e3o do conselho.\n<\/p>\n<p>\u201c\u00c9 um dia muito importante para o Brasil, para o turismo na Am\u00e9rica do Sul, na \u00c1frica no Caribe, para toda essa regi\u00e3o do planeta\u201d, disse Celso Sabino, ao comentar sua elei\u00e7\u00e3o para o posto mais alto do Conselho Executivo da ONU Turismo.<\/p>\n<p>\u201cPrecisamos prestigiar, valorizar, reconhecer a necessidade de criar oportunidades de produzir desenvolvimento sustent\u00e1vel para povos como os da Am\u00e9rica do Sul, da \u00c1frica, da \u00c1sia, de diversas partes do mundo que hoje ainda est\u00e3o na margem do desenvolvimento. No nosso entendimento, que foi o vencedor, a melhor forma de garantir o desenvolvimento sustent\u00e1vel na economia, na sociedade, para que todas as pessoas no mundo tenham oportunidade, \u00e9 atrav\u00e9s da explora\u00e7\u00e3o do turismo sustent\u00e1vel. Seja o ecoturismo, seja o turismo de aventura, seja o turismo convencional, seja o de experi\u00eancia.\u201d\n<\/p>\n<p>Celso Sabino deu parab\u00e9ns \u00e0 delega\u00e7\u00e3o brasileira, a Am\u00e9rica do Sul, a \u00c1frica, a \u00c1sia e a Europa, todos os que apoiaram sua elei\u00e7\u00e3o. \u201cO desafio agora \u00e9 dobrado, mas tenho certeza de que, com parceria, coopera\u00e7\u00e3o e colabora\u00e7\u00e3o, vamos conseguir vencer.\u201d\n<\/p>\n<p>Em nota, o Minist\u00e9rio do Turismo informou que, em 2025, o Brasil ocupar\u00e1 o posto mais alto do setor, em um ano no qual o pa\u00eds ser\u00e1 palco de 2 grandes eventos mundiais: a presid\u00eancia rotativa do Brics, bloco econ\u00f4mico formado por Brasil, R\u00fassia, \u00cdndia, China e \u00c1frica do Sul; e a COP 30 (30\u00aa Confer\u00eancia da ONU sobre Mudan\u00e7as Clim\u00e1ticas).\n<\/p>\n<p>De acordo com a pasta, durante o mandato, que tem dura\u00e7\u00e3o de 1 ano, Celso Sabino vai liderar a ag\u00eancia da ONU em meio a decis\u00f5es estrat\u00e9gicas para o setor, incluindo atra\u00e7\u00e3o de investimentos, qualifica\u00e7\u00e3o profissional, sustentabilidade, rela\u00e7\u00e3o com as mudan\u00e7as clim\u00e1ticas e digitaliza\u00e7\u00e3o.\n<\/p>\n<p>Formado em direito e em administra\u00e7\u00e3o, Celso Sabino \u00e9 natural de Bel\u00e9m. Auditor fiscal concursado pela Secretaria Estadual da Fazenda, iniciou a vida p\u00fablica como deputado estadual em 2011 e 2012 e, posteriormente, entre 2015 e 2018. Atuou ainda como secret\u00e1rio estadual de Trabalho, Emprego e Renda e como presidente do Instituto de Metrologia do Estado do Par\u00e1.\n<\/p>\n<p>Foi eleito deputado federal em 2018 e em 2022. Na C\u00e2mara dos Deputados, foi relator da reforma do Imposto de Renda em 2021 e, em 2022, foi presidente da CMO (Comiss\u00e3o Mista de Or\u00e7amento).\n<\/p>\n<p>Escrit\u00f3rio no Brasil<br \/>Ainda segundo o minist\u00e9rio, a cidade do Rio de Janeiro, \u201cprincipal porta de entrada dos turistas estrangeiros no pa\u00eds\u201d, foi escolhida para sediar o primeiro escrit\u00f3rio da ONU Turismo nas Am\u00e9ricas. A previs\u00e3o \u00e9 que a unidade atenda a regi\u00e3o da Am\u00e9rica Latina e do Caribe e conte com consultores brasileiros e estrangeiros.\n<\/p>\n<p>\u201cCaber\u00e1 ao escrit\u00f3rio dar continuidade \u00e0s atividades da ONU em \u00e2mbito regional; desenvolver a\u00e7\u00f5es relacionadas \u00e0 promo\u00e7\u00e3o do turismo respons\u00e1vel, sustent\u00e1vel e universalmente acess\u00edvel; bem como promover a integra\u00e7\u00e3o do turismo na agenda global; melhorar a competitividade do turismo; construir parcerias para fortalecer a atividade, entre outras\u201d, concluiu.\n<\/p>\n<p>Fonte: Poder 360              <\/p>\n<\/div>\n<p><br \/>\n<br \/><a href=\"https:\/\/diariodobrasilnoticias.com.br\/noticia\/celso-sabino-e-escolhido-como-presidente-do-conselho-executivo-da-onu-turismo-6737cea0f042d\">Source link <\/a><\/p>","protected":false},"excerpt":{"rendered":"<p>O ministro do Turismo, Celso Sabino, foi eleito para comandar o Conselho Executivo da ONU Turismo. Ele \u00e9 o 1\u00ba brasileiro a ocupar um alto cargo de representatividade na ag\u00eancia&hellip;<\/p>","protected":false},"author":1,"featured_media":60362,"comment_status":"closed","ping_status":"open","sticky":false,"template":"","format":"standard","meta":{"content-type":"","footnotes":""},"categories":[16],"tags":[123,2448,5313,1267],"class_list":["post-60361","post","type-post","status-publish","format-standard","has-post-thumbnail","hentry","category-noticias","tag-brasil","tag-diario","tag-noticia","tag-noticias"],"_links":{"self":[{"href":"https:\/\/tvbrazilusa.com\/pt\/wp-json\/wp\/v2\/posts\/60361","targetHints":{"allow":["GET"]}}],"collection":[{"href":"https:\/\/tvbrazilusa.com\/pt\/wp-json\/wp\/v2\/posts"}],"about":[{"href":"https:\/\/tvbrazilusa.com\/pt\/wp-json\/wp\/v2\/types\/post"}],"author":[{"embeddable":true,"href":"https:\/\/tvbrazilusa.com\/pt\/wp-json\/wp\/v2\/users\/1"}],"replies":[{"embeddable":true,"href":"https:\/\/tvbrazilusa.com\/pt\/wp-json\/wp\/v2\/comments?post=60361"}],"version-history":[{"count":1,"href":"https:\/\/tvbrazilusa.com\/pt\/wp-json\/wp\/v2\/posts\/60361\/revisions"}],"predecessor-version":[{"id":60363,"href":"https:\/\/tvbrazilusa.com\/pt\/wp-json\/wp\/v2\/posts\/60361\/revisions\/60363"}],"wp:featuredmedia":[{"embeddable":true,"href":"https:\/\/tvbrazilusa.com\/pt\/wp-json\/wp\/v2\/media\/60362"}],"wp:attachment":[{"href":"https:\/\/tvbrazilusa.com\/pt\/wp-json\/wp\/v2\/media?parent=60361"}],"wp:term":[{"taxonomy":"category","embeddable":true,"href":"https:\/\/tvbrazilusa.com\/pt\/wp-json\/wp\/v2\/categories?post=60361"},{"taxonomy":"post_tag","embeddable":true,"href":"https:\/\/tvbrazilusa.com\/pt\/wp-json\/wp\/v2\/tags?post=60361"}],"curies":[{"name":"wp","href":"https:\/\/api.w.org\/{rel}","templated":true}]}}