{"id":60375,"date":"2024-11-16T00:52:04","date_gmt":"2024-11-16T00:52:04","guid":{"rendered":"https:\/\/tvbrazilusa.com\/2024\/11\/16\/ministro-do-desenvolvimento-social-anuncia-adesao-de-41-paises-a-alianca-global-contra-a-fome\/"},"modified":"2024-11-16T00:52:05","modified_gmt":"2024-11-16T00:52:05","slug":"ministro-do-desenvolvimento-social-anuncia-adesao-de-41-paises-a-alianca-global-contra-a-fome","status":"publish","type":"post","link":"https:\/\/tvbrazilusa.com\/pt\/2024\/11\/16\/ministro-do-desenvolvimento-social-anuncia-adesao-de-41-paises-a-alianca-global-contra-a-fome\/","title":{"rendered":"Ministro do Desenvolvimento Social anuncia ades\u00e3o de 41 pa\u00edses \u00e0 Alian\u00e7a Global contra a Fome"},"content":{"rendered":"<p> <script async src=\"https:\/\/pagead2.googlesyndication.com\/pagead\/js\/adsbygoogle.js?client=ca-pub-8864793242727901\"\r\n     crossorigin=\"anonymous\"><\/script><br \/>\n<\/p>\n<div id=\"taboola-read-more\" style=\"display:block; width:100%\">\n<p>A Alian\u00e7a Global contra a Fome e a Pobreza, uma das prioridades do Brasil como presidente tempor\u00e1rio do G20, j\u00e1 tem capacidade de alcan\u00e7ar 500 milh\u00f5es de pessoas com programas de transfer\u00eancia de renda e sistemas de prote\u00e7\u00e3o social em pa\u00edses de baixa e m\u00e9dia baixa renda at\u00e9 2030. A informa\u00e7\u00e3o foi divulgada nesta sexta-feira, 15, durante o G20 Social, no Rio de Janeiro.\n<\/p>\n<p>O ministro do Desenvolvimento e Assist\u00eancia Social, Fam\u00edlia e Combate \u00e0 Fome, Wellington Dias, comentou os chamados Sprints 2030, medidas iniciais anunciadas pela Alian\u00e7a Global, ao participar de uma sess\u00e3o plen\u00e1ria sobre inseguran\u00e7a alimentar. Dias explicou que o conjunto de a\u00e7\u00f5es \u00e9 emergencial, por isso, o nome sprint, que significa corrida em ingl\u00eas.<\/p>\n<p>\u201cPrecisamos correr\u201d, disse o ministro. Segundo o ministro, al\u00e9m de \u201cdar o anzol e ensinar a pescar\u201d, \u00e9 preciso dar o alimento para quem est\u00e1 em situa\u00e7\u00e3o de inseguran\u00e7a alimentar. \u201cCom fome n\u00e3o se aprende, n\u00e3o se tem o resultado adequado em educa\u00e7\u00e3o, n\u00e3o se vai buscar o emprego.\u201d\n<\/p>\n<p>A refer\u00eancia ao ano 2030 \u00e9 por causa da data m\u00e1xima prevista pelo Objetivo de Desenvolvimento Sustent\u00e1vel n\u00famero 2 das Na\u00e7\u00f5es Unidas, que consiste em um apelo global para \u201cacabar com a fome, alcan\u00e7ar a seguran\u00e7a alimentar e a melhoria da nutri\u00e7\u00e3o e promover a agricultura sustent\u00e1vel\u201d no mundo.\n<\/p>\n<p>Dias informou que, na pr\u00f3xima segunda-feira, 18, durante a reuni\u00e3o de c\u00fapula do G20 (grupo das maiores economias do mundo, mais a Uni\u00e3o Europeia e a Uni\u00e3o Africana), chefes de estado reunidos no Rio de Janeiro devem aprovar os termos da Alian\u00e7a Global, quando \u00e9 esperado que mais na\u00e7\u00f5es se comprometam com a iniciativa internacional de combate \u00e0 fome.\n<\/p>\n<p>No entanto, 41 pa\u00edses, 13 organiza\u00e7\u00f5es internacionais p\u00fablicas e institui\u00e7\u00f5es financeiras e 19 grandes entidades filantr\u00f3picas j\u00e1 anunciaram uma s\u00e9rie de medidas, o que permitiu elaborar o Sprint 2030 e medir o alcance inicial da alian\u00e7a.\n<\/p>\n<p>Segundo a Organiza\u00e7\u00e3o das Na\u00e7\u00f5es Unidas para a Alimenta\u00e7\u00e3o e a Agricultura (FAO), entre 713 milh\u00f5es e 757 milh\u00f5es de pessoas podem ter enfrentado a fome em 2023 \u2013 uma em cada 11 pessoas no mundo, e uma em cada cinco na \u00c1frica.\n<\/p>\n<p>Alcance<br \/>H\u00e1 a expectativa de aumento das merendas escolares de alta qualidade para mais 150 milh\u00f5es de crian\u00e7as em pa\u00edses com fome e pobreza infantil presente; de realiza\u00e7\u00e3o de iniciativas de sa\u00fade materna e primeira inf\u00e2ncia para mais 200 milh\u00f5es de mulheres e crian\u00e7as de at\u00e9 6 anos, al\u00e9m de programas de inclus\u00e3o socioecon\u00f4mica que visam atingir 100 milh\u00f5es de pessoas adicionais.\n<\/p>\n<p>O ministro disse que ainda n\u00e3o \u00e9 poss\u00edvel estimar o volume total de recursos financeiros canalizados para a Alian\u00e7a Global, mas lembrou que o Banco Interamericano de Desenvolvimento (BID) j\u00e1 anunciou financiamento adicional de US$ 25 bilh\u00f5es, o equivalente a cerca de R$ 140 bilh\u00f5es.\n<\/p>\n<p>Al\u00e9m disso, acrescentou Dias, o Banco Mundial ser\u00e1 parceiro da alian\u00e7a, contribuindo com dinheiro n\u00e3o reembols\u00e1vel e empr\u00e9stimos com juros baixos e prazos adequados.\n<\/p>\n<p>Entre os pa\u00edses que j\u00e1 anunciaram refor\u00e7o de iniciativas contra a fome, grande parte \u00e9 do Sul Global, ou seja, na\u00e7\u00f5es pobres ou em desenvolvimento, notadamente na \u00c1frica e na Am\u00e9rica do Sul. H\u00e1 an\u00fancio tamb\u00e9m de pa\u00edses europeus, como Alemanha, Fran\u00e7a e Reino Unido.\n<\/p>\n<p>Questionado se o fato de n\u00e3o terem sido citadas medidas dos Estados Unidos e da Argentina poderia ser um indicativo de n\u00e3o apoio \u00e0 alian\u00e7a, Dias afirmou que tem havido negocia\u00e7\u00f5es com delega\u00e7\u00f5es desses pa\u00edses e que podem ocorrer ades\u00f5es ao acordo internacional.\n<\/p>\n<p>Os Estados Unidos elegeram Donald Trump para voltar \u00e0 presid\u00eancia em 2025. No primeiro governo do republicano, houve guinada contr\u00e1ria a iniciativas multilaterais. Na Argentina, o presidente Javier Milei tem caminhado para pol\u00edticas de menos participa\u00e7\u00e3o do Estado na sociedade.\n<\/p>\n<p>\u201cPosso afirmar que os Estados Unidos [ainda sob a presid\u00eancia de Joe Biden] j\u00e1 anunciaram a posi\u00e7\u00e3o favor\u00e1vel. J\u00e1 adiantaram a participa\u00e7\u00e3o. A China tem participado de todos os debates com posi\u00e7\u00e3o favor\u00e1vel. Com a Argentina, tivemos di\u00e1logos. Estamos otimistas com a participa\u00e7\u00e3o de todos os pa\u00edses da Am\u00e9rica do Sul\u201d, disse o ministro, ressaltando que a proposta de ades\u00e3o vale para pa\u00edses de fora do G20.\n<\/p>\n<p>Coopera\u00e7\u00e3o<br \/>A Alian\u00e7a Global n\u00e3o \u00e9 meramente uma articula\u00e7\u00e3o para doa\u00e7\u00e3o de recursos para pa\u00edses mais pobres. \u00c9 um conjunto de iniciativas que passam tamb\u00e9m pelo comprometimento de combater a fome internamente e pela troca de conhecimentos, de forma que iniciativas que deram certo possam ser compartilhadas pelo mundo.\n<\/p>\n<p>\u201cO ponto principal \u00e9 que cada pa\u00eds tenha soberanamente o seu plano nacional, que se tenha a defini\u00e7\u00e3o de pa\u00edses que podem, a partir do plano, cumprir suas metas de combate \u00e0 fome e \u00e0 pobreza, e outros que, al\u00e9m de cumprir o seu plano, v\u00e3o poder colaborar com o conhecimento e financeiramente, com outros pa\u00edses em desenvolvimento\u201d, descreveu.\n<\/p>\n<p>Na avalia\u00e7\u00e3o do ministro, dos 193 pa\u00edses que fazem parte da ONU, cerca de 70 s\u00e3o desenvolvidos o suficiente para poder ajudar os demais.\n<\/p>\n<p>O representante do Programa Mundial de Alimentos (PMA) das Na\u00e7\u00f5es Unidas no Brasil, Daniel Balaban, classificou o momento atual como chave para a diminui\u00e7\u00e3o da pobreza no mundo. \u201c\u00c9 um momento hist\u00f3rico, n\u00e3o podemos perder essa oportunidade. N\u00e3o ter\u00e1 outra se n\u00f3s falharmos de novo. A fome tem solu\u00e7\u00e3o. \u00c9 inacredit\u00e1vel que n\u00e3o tenhamos conseguido resolver esse problema.&#8221;\n<\/p>\n<p>Balaban refor\u00e7ou a ideia de que a Alian\u00e7a Global n\u00e3o trata de levar comida para os pa\u00edses. \u201cEstamos falando em levar pol\u00edticas p\u00fablicas de desenvolvimento para que esses pa\u00edses saiam da situa\u00e7\u00e3o em que se encontram e possam desenvolver sua sociedade, fazendo com que as pessoas abaixo da linha da mis\u00e9ria retornem \u00e0 cidadania e participem do desenvolvimento dos pa\u00edses.\u201d\n<\/p>\n<p>Ele enfatizou que formas de financiamento fazem parte da trilha de combate \u00e0 fome. \u201cA gente fala de combate \u00e0 fome e \u00e0 pobreza, mas sem recursos financeiros, sem financiamento, \u00e9 completamente imposs\u00edvel\u201d, observou.\n<\/p>\n<p>\u201cVoc\u00eas ver\u00e3o bancos de desenvolvimento se colocando \u00e0 disposi\u00e7\u00e3o e fazendo o levantamento de recursos para financiar essas pol\u00edticas nos pa\u00edses em desenvolvimento\u201d, assinalou.\n<\/p>\n<p>G20 Social<br \/>O G20 Social come\u00e7ou nesta quinta-feira, 14, no Boulevard Ol\u00edmpico, zona portu\u00e1ria do Rio de Janeiro, e vai at\u00e9 o s\u00e1bado, 16, permitindo a articula\u00e7\u00e3o da sociedade civil organizada e aproximando-a de autoridades.\n<\/p>\n<p>O ponto derradeiro da presid\u00eancia brasileira tempor\u00e1ria no G20 ser\u00e1 a reuni\u00e3o de c\u00fapula de chefes de Estado e de governo, nos dias 18 e 19 deste m\u00eas, tamb\u00e9m no Rio de Janeiro. O presidente Luiz In\u00e1cio Lula da Silva comprometeu-se a levar aos l\u00edderes mundiais o documento final do G20 Social, que refletir\u00e1 necessidades e prioridades elencadas por institui\u00e7\u00f5es como movimentos sociais, sindicatos e organiza\u00e7\u00f5es n\u00e3o governamentais.\n<\/p>\n<p>O G20 \u00e9 composto por 19 pa\u00edses: \u00c1frica do Sul, Alemanha, Ar\u00e1bia Saudita, Argentina, Austr\u00e1lia, Brasil, Canad\u00e1, China, Coreia do Sul, Estados Unidos, Fran\u00e7a, \u00cdndia, Indon\u00e9sia, It\u00e1lia, Jap\u00e3o, M\u00e9xico, Reino Unido, R\u00fassia e Turquia, al\u00e9m da Uni\u00e3o Europeia e da Uni\u00e3o Africana.\n<\/p>\n<p>Fonte: Exame              <\/p>\n<\/div>\n<p><br \/>\n<br \/><a href=\"https:\/\/diariodobrasilnoticias.com.br\/noticia\/ministro-do-desenvolvimento-social-anuncia-adesao-de-41-paises-a-alianca-global-contra-a-fome-6737cc537fb89\">Source link <\/a><\/p>","protected":false},"excerpt":{"rendered":"<p>A Alian\u00e7a Global contra a Fome e a Pobreza, uma das prioridades do Brasil como presidente tempor\u00e1rio do G20, j\u00e1 tem capacidade de alcan\u00e7ar 500 milh\u00f5es de pessoas com programas&hellip;<\/p>","protected":false},"author":1,"featured_media":60376,"comment_status":"closed","ping_status":"open","sticky":false,"template":"","format":"standard","meta":{"content-type":"","footnotes":""},"categories":[16],"tags":[123,2448,5313,1267],"class_list":["post-60375","post","type-post","status-publish","format-standard","has-post-thumbnail","hentry","category-noticias","tag-brasil","tag-diario","tag-noticia","tag-noticias"],"_links":{"self":[{"href":"https:\/\/tvbrazilusa.com\/pt\/wp-json\/wp\/v2\/posts\/60375","targetHints":{"allow":["GET"]}}],"collection":[{"href":"https:\/\/tvbrazilusa.com\/pt\/wp-json\/wp\/v2\/posts"}],"about":[{"href":"https:\/\/tvbrazilusa.com\/pt\/wp-json\/wp\/v2\/types\/post"}],"author":[{"embeddable":true,"href":"https:\/\/tvbrazilusa.com\/pt\/wp-json\/wp\/v2\/users\/1"}],"replies":[{"embeddable":true,"href":"https:\/\/tvbrazilusa.com\/pt\/wp-json\/wp\/v2\/comments?post=60375"}],"version-history":[{"count":1,"href":"https:\/\/tvbrazilusa.com\/pt\/wp-json\/wp\/v2\/posts\/60375\/revisions"}],"predecessor-version":[{"id":60377,"href":"https:\/\/tvbrazilusa.com\/pt\/wp-json\/wp\/v2\/posts\/60375\/revisions\/60377"}],"wp:featuredmedia":[{"embeddable":true,"href":"https:\/\/tvbrazilusa.com\/pt\/wp-json\/wp\/v2\/media\/60376"}],"wp:attachment":[{"href":"https:\/\/tvbrazilusa.com\/pt\/wp-json\/wp\/v2\/media?parent=60375"}],"wp:term":[{"taxonomy":"category","embeddable":true,"href":"https:\/\/tvbrazilusa.com\/pt\/wp-json\/wp\/v2\/categories?post=60375"},{"taxonomy":"post_tag","embeddable":true,"href":"https:\/\/tvbrazilusa.com\/pt\/wp-json\/wp\/v2\/tags?post=60375"}],"curies":[{"name":"wp","href":"https:\/\/api.w.org\/{rel}","templated":true}]}}