{"id":60381,"date":"2024-11-16T01:07:37","date_gmt":"2024-11-16T01:07:37","guid":{"rendered":"https:\/\/tvbrazilusa.com\/2024\/11\/16\/g20-argentina-busca-barrar-mencao-a-proposta-de-taxacao-dos-super-ricos-na-declaracao-final\/"},"modified":"2024-11-16T01:07:38","modified_gmt":"2024-11-16T01:07:38","slug":"g20-argentina-busca-barrar-mencao-a-proposta-de-taxacao-dos-super-ricos-na-declaracao-final","status":"publish","type":"post","link":"https:\/\/tvbrazilusa.com\/pt\/2024\/11\/16\/g20-argentina-busca-barrar-mencao-a-proposta-de-taxacao-dos-super-ricos-na-declaracao-final\/","title":{"rendered":"G20: Argentina busca barrar men\u00e7\u00e3o \u00e0 proposta de taxa\u00e7\u00e3o dos super-ricos na declara\u00e7\u00e3o final"},"content":{"rendered":"<p> <script async src=\"https:\/\/pagead2.googlesyndication.com\/pagead\/js\/adsbygoogle.js?client=ca-pub-8864793242727901\"\r\n     crossorigin=\"anonymous\"><\/script><br \/>\n<\/p>\n<div id=\"taboola-read-more\" style=\"display:block; width:100%\">\n<p>Na reta final das negocia\u00e7\u00f5es para elaborar a declara\u00e7\u00e3o final que ser\u00e1 anunciada pelos presidentes na c\u00fapula de chefes de Estado e de governo do G20, na semana que vem, a Argentina mudou posi\u00e7\u00f5es j\u00e1 acordadas e corre o risco de ficar de fora do documento, confirmaram ao GLOBO fontes oficiais.\n<\/p>\n<p>Na quinta-feira, os negociadores argentinos, chefiadas pelo sherpa (representante do presidente) Federico Pinedo, informaram aos demais pa\u00edses que receberam \u201cnovas instru\u00e7\u00f5es\u201d da Casa Rosada e passaram a se opor \u00e0 inclus\u00e3o no texto da proposta de taxa\u00e7\u00e3o dos super-ricos, uma das consideradas mais importantes pelo Brasil.<\/p>\n<p>De acordo com fontes do governo brasileiro, que em meados deste ano comemorou uma declara\u00e7\u00e3o de ministros na qual a taxa\u00e7\u00e3o dos super-ricos foi mencionada, \u201cos argentinos est\u00e3o traindo um texto e uma linguagem j\u00e1 acordada\u201d.\n<\/p>\n<p>Os negociadores brasileiros est\u00e3o furiosos com a delega\u00e7\u00e3o argentina chefiada por Pinedo, que, sem dar mais explica\u00e7\u00f5es, acrescentou a fonte, informou que se tratava de \u201cuma instru\u00e7\u00e3o da Presid\u00eancia\u201d. Procurados pelo GLOBO, negociadores argentinos disseram que n\u00e3o comentariam detalhes das negocia\u00e7\u00f5es.\n<\/p>\n<p>O dia em que a instru\u00e7\u00e3o chegou \u00e0 mesa de negocia\u00e7\u00f5es, o presidente Javier Milei estava nos Estados Unidos, participando de um jantar no qual se encontrou com o presidente eleito americano, Donald Trump, e v\u00e1rios de seus aliados e colaboradores, entre eles o magnata Elon Musk, que sempre criticou a proposta do Brasil.\n<\/p>\n<p>At\u00e9 quinta de tarde, negociadores brasileiros afirmavam que \u201cas negocia\u00e7\u00f5es estavam caminhando bem, inclusive com os argentinos\u201d. A situa\u00e7\u00e3o mudou no fim do dia, e nesta sexta o clima j\u00e1 estava azedado com os argentinos. Algumas fontes oficiais afirmaram, at\u00e9 mesmo, que a Argentina poderia ficar de fora da declara\u00e7\u00e3o presidencial, caso seja o \u00fanico pa\u00eds que mude de posi\u00e7\u00e3o na \u00faltima hora. \u201cSe todos os demais estiverem de acordo, a Argentina n\u00e3o assina e pronto\u201d, explicou uma fonte.\n<\/p>\n<p><strong>Taxa\u00e7\u00e3o de super-ricos<\/strong><br \/>A proposta de taxa\u00e7\u00e3o dos super-ricos prev\u00ea um imposto de 2% sobre a riqueza dos bilion\u00e1rios do mundo, e poderia arrecadar entre US$ 200 e US$ 250 bilh\u00f5es. A ideia surgiu de um estudo elaborado pelo economista franc\u00eas Gabriel Zucman, professor de economia na Escola de Economia de Paris e da Universidade da Calif\u00f3rnia. O texto da declara\u00e7\u00e3o n\u00e3o mencionaria percentuais, mas sim a ideia de criar um imposto pata taxar super-fortunas no mundo.\n<\/p>\n<p>Fonte: Exame.              <\/p>\n<\/div>\n<p><br \/>\n<br \/><a href=\"https:\/\/diariodobrasilnoticias.com.br\/noticia\/g20-argentina-busca-barrar-mencao-a-proposta-de-taxacao-dos-super-ricos-na-declaracao-final-6737cbb1ed05e\">Source link <\/a><\/p>","protected":false},"excerpt":{"rendered":"<p>Na reta final das negocia\u00e7\u00f5es para elaborar a declara\u00e7\u00e3o final que ser\u00e1 anunciada pelos presidentes na c\u00fapula de chefes de Estado e de governo do G20, na semana que vem,&hellip;<\/p>","protected":false},"author":1,"featured_media":60382,"comment_status":"closed","ping_status":"open","sticky":false,"template":"","format":"standard","meta":{"content-type":"","footnotes":""},"categories":[16],"tags":[123,2448,5313,1267],"class_list":["post-60381","post","type-post","status-publish","format-standard","has-post-thumbnail","hentry","category-noticias","tag-brasil","tag-diario","tag-noticia","tag-noticias"],"_links":{"self":[{"href":"https:\/\/tvbrazilusa.com\/pt\/wp-json\/wp\/v2\/posts\/60381","targetHints":{"allow":["GET"]}}],"collection":[{"href":"https:\/\/tvbrazilusa.com\/pt\/wp-json\/wp\/v2\/posts"}],"about":[{"href":"https:\/\/tvbrazilusa.com\/pt\/wp-json\/wp\/v2\/types\/post"}],"author":[{"embeddable":true,"href":"https:\/\/tvbrazilusa.com\/pt\/wp-json\/wp\/v2\/users\/1"}],"replies":[{"embeddable":true,"href":"https:\/\/tvbrazilusa.com\/pt\/wp-json\/wp\/v2\/comments?post=60381"}],"version-history":[{"count":1,"href":"https:\/\/tvbrazilusa.com\/pt\/wp-json\/wp\/v2\/posts\/60381\/revisions"}],"predecessor-version":[{"id":60383,"href":"https:\/\/tvbrazilusa.com\/pt\/wp-json\/wp\/v2\/posts\/60381\/revisions\/60383"}],"wp:featuredmedia":[{"embeddable":true,"href":"https:\/\/tvbrazilusa.com\/pt\/wp-json\/wp\/v2\/media\/60382"}],"wp:attachment":[{"href":"https:\/\/tvbrazilusa.com\/pt\/wp-json\/wp\/v2\/media?parent=60381"}],"wp:term":[{"taxonomy":"category","embeddable":true,"href":"https:\/\/tvbrazilusa.com\/pt\/wp-json\/wp\/v2\/categories?post=60381"},{"taxonomy":"post_tag","embeddable":true,"href":"https:\/\/tvbrazilusa.com\/pt\/wp-json\/wp\/v2\/tags?post=60381"}],"curies":[{"name":"wp","href":"https:\/\/api.w.org\/{rel}","templated":true}]}}