{"id":60387,"date":"2024-11-16T01:19:43","date_gmt":"2024-11-16T01:19:43","guid":{"rendered":"https:\/\/tvbrazilusa.com\/2024\/11\/16\/galipolo-afirma-que-a-eleicao-de-trump-aumentou-os-custos-financeiros-para-paises-emergentes\/"},"modified":"2024-11-16T01:19:44","modified_gmt":"2024-11-16T01:19:44","slug":"galipolo-afirma-que-a-eleicao-de-trump-aumentou-os-custos-financeiros-para-paises-emergentes","status":"publish","type":"post","link":"https:\/\/tvbrazilusa.com\/pt\/2024\/11\/16\/galipolo-afirma-que-a-eleicao-de-trump-aumentou-os-custos-financeiros-para-paises-emergentes\/","title":{"rendered":"Gal\u00edpolo afirma que a elei\u00e7\u00e3o de Trump aumentou os custos financeiros para pa\u00edses emergentes"},"content":{"rendered":"<p> <script async src=\"https:\/\/pagead2.googlesyndication.com\/pagead\/js\/adsbygoogle.js?client=ca-pub-8864793242727901\"\r\n     crossorigin=\"anonymous\"><\/script><br \/>\n<\/p>\n<div id=\"taboola-read-more\" style=\"display:block; width:100%\">\n<p>O diretor de Pol\u00edtica Monet\u00e1ria do Banco Central e indicado do presidente Lula para o comando da autarquia, Gabriel Gal\u00edpolo, afirmou nesta sexta-feira, 15, que a vit\u00f3ria de Donald Trump nas elei\u00e7\u00f5es americanas fortaleceu o d\u00f3lar e vem afetando as economias de v\u00e1rios pa\u00edses, especialmente os emergentes.\n<\/p>\n<p>No painel G20 Talks, no evento Cria G20, no Rio, Gal\u00edpolo explicou que a promessa de Trump de elevar tarifas de importa\u00e7\u00e3o assim que assumir levar\u00e1 a um aumento generalizado de pre\u00e7os, alimentando a infla\u00e7\u00e3o. Com isso, o Federal Reserve (Fed, o banco central americano) n\u00e3o deve cortar os juros tanto quanto esperado.<\/p>\n<p>Isso, por sua vez, fez com que as taxas de juros de curto e longo prazo nos EUA subisse, com a perspectiva de que o Federal Reserve (Fed, o banco central americano) n\u00e3o corte a taxa b\u00e1sica da economia tanto quanto se imaginava. Como reflexo, as taxas de juros de curto e longo prazo dos t\u00edtulos americanos, os Treasuries, subiram.\n<\/p>\n<p>&#8220;Essa eleva\u00e7\u00e3o nas taxas de juros americanas provoca o que para o resto do mundo? Geralmente, os juros que o mundo cobra para todos os outros pa\u00edses s\u00e3o os juros americanos (&#8230;). Logo, ao ter juros americanos mais altos, foi imposto a todos os outros pa\u00edses um custo financeiro mais alto para conseguir se financiar&#8221;, afirmou Gal\u00edpolo.\n<\/p>\n<p>E completou: &#8220;Pelo lado financeiro, isso est\u00e1 penalizando os pa\u00edses emergentes e de baixa renda, em especial pa\u00edses latino-americanos e africanos&#8221;.\n<\/p>\n<p>Gal\u00edpolo chamou isso de efeito Trump trade. O economista explicou que as propostas de deporta\u00e7\u00e3o em massa de imigrantes e ado\u00e7\u00e3o de tarifas para produtos importa\u00e7\u00e3o podem elevar a infla\u00e7\u00e3o do pa\u00eds.\n<\/p>\n<p>O diretor do BC falou ainda sobre a forma\u00e7\u00e3o de uma nova arquitetura financeira global, a qual agregaria na\u00e7\u00f5es de economias menores no debate sobre a condu\u00e7\u00e3o da economia mundial, a fim de diminuir sua depend\u00eancia de outros pa\u00edses mais desenvolvidos.\n<\/p>\n<p>Gal\u00edpolo relatou como o aumento dos juros em pa\u00edses ricos ap\u00f3s a pandemia \u2014 resultado do endividamento e consequente aumento da infla\u00e7\u00e3o que vivenciaram durante o per\u00edodo \u2014 tem afetado os emergentes.\n<\/p>\n<p>&#8220;Se eu tenho um estoque de d\u00edvida maior e juros maiores, o que acaba acontecendo (&#8230;) \u00e9 a\u00ed que eu preciso cada vez mais de dinheiro para conseguir rolar essa d\u00edvida. Isso fez com que as economias avan\u00e7adas tivessem que sugar mais dinheiro do mercado global para conseguir rolar e pagar sua pr\u00f3pria d\u00edvida&#8221;, pontuou.\n<\/p>\n<p>Para Gal\u00edpolo, o arranjo financeiro global visto atualmente \u2014 e que se intensificou com a imposi\u00e7\u00e3o do d\u00f3lar como moeda internacional \u2014 est\u00e1 \u201cpenalizando, de novo, aqueles pa\u00edses que historicamente j\u00e1 foram penalizados e com os quais a Humanidade tem uma d\u00edvida hist\u00f3rica\u201d, citando especialmente na\u00e7\u00f5es da Am\u00e9rica Latina e do continente africano.\n<\/p>\n<p>O economista disse tamb\u00e9m que h\u00e1 muito questionamento sobre a globaliza\u00e7\u00e3o hoje em dia, em especial na maneira em que isso afeta os pa\u00edses emergentes e subdesenvolvidos. Na vis\u00e3o dele, a resposta n\u00e3o est\u00e1 em desglobalizar as economias, mas desenvolver a participa\u00e7\u00e3o destas outras na\u00e7\u00f5es dentro do debate monet\u00e1rio e comercial internacional.\n<\/p>\n<p>&#8220;Reglobalizar. \u00c9 uma ideia que n\u00e3o significa n\u00e3o ser cr\u00edtico \u00e0 globaliza\u00e7\u00e3o que ocorreu e n\u00e3o (perceber) que essa globaliza\u00e7\u00e3o ofereceu problemas&#8221;, disse Gal\u00edpolo. &#8220;Mas se a globaliza\u00e7\u00e3o econ\u00f4mica teve bastante sucesso, faltou inserir crit\u00e9rios de gest\u00e3o nesse processo naquilo que se trata de sustentabilidade social, de justi\u00e7a social e de sustentabilidade ambiental&#8221;, concluiu.\n<\/p>\n<p>Fonte: Exame.              <\/p>\n<\/div>\n<p><br \/>\n<br \/><a href=\"https:\/\/diariodobrasilnoticias.com.br\/noticia\/galipolo-afirma-que-a-eleicao-de-trump-aumentou-os-custos-financeiros-para-paises-emergentes-6737cce3df56f\">Source link <\/a><\/p>","protected":false},"excerpt":{"rendered":"<p>O diretor de Pol\u00edtica Monet\u00e1ria do Banco Central e indicado do presidente Lula para o comando da autarquia, Gabriel Gal\u00edpolo, afirmou nesta sexta-feira, 15, que a vit\u00f3ria de Donald Trump&hellip;<\/p>","protected":false},"author":1,"featured_media":60388,"comment_status":"closed","ping_status":"open","sticky":false,"template":"","format":"standard","meta":{"content-type":"","footnotes":""},"categories":[16],"tags":[123,2448,5313,1267],"class_list":["post-60387","post","type-post","status-publish","format-standard","has-post-thumbnail","hentry","category-noticias","tag-brasil","tag-diario","tag-noticia","tag-noticias"],"_links":{"self":[{"href":"https:\/\/tvbrazilusa.com\/pt\/wp-json\/wp\/v2\/posts\/60387","targetHints":{"allow":["GET"]}}],"collection":[{"href":"https:\/\/tvbrazilusa.com\/pt\/wp-json\/wp\/v2\/posts"}],"about":[{"href":"https:\/\/tvbrazilusa.com\/pt\/wp-json\/wp\/v2\/types\/post"}],"author":[{"embeddable":true,"href":"https:\/\/tvbrazilusa.com\/pt\/wp-json\/wp\/v2\/users\/1"}],"replies":[{"embeddable":true,"href":"https:\/\/tvbrazilusa.com\/pt\/wp-json\/wp\/v2\/comments?post=60387"}],"version-history":[{"count":1,"href":"https:\/\/tvbrazilusa.com\/pt\/wp-json\/wp\/v2\/posts\/60387\/revisions"}],"predecessor-version":[{"id":60389,"href":"https:\/\/tvbrazilusa.com\/pt\/wp-json\/wp\/v2\/posts\/60387\/revisions\/60389"}],"wp:featuredmedia":[{"embeddable":true,"href":"https:\/\/tvbrazilusa.com\/pt\/wp-json\/wp\/v2\/media\/60388"}],"wp:attachment":[{"href":"https:\/\/tvbrazilusa.com\/pt\/wp-json\/wp\/v2\/media?parent=60387"}],"wp:term":[{"taxonomy":"category","embeddable":true,"href":"https:\/\/tvbrazilusa.com\/pt\/wp-json\/wp\/v2\/categories?post=60387"},{"taxonomy":"post_tag","embeddable":true,"href":"https:\/\/tvbrazilusa.com\/pt\/wp-json\/wp\/v2\/tags?post=60387"}],"curies":[{"name":"wp","href":"https:\/\/api.w.org\/{rel}","templated":true}]}}