{"id":60405,"date":"2024-11-16T01:28:10","date_gmt":"2024-11-16T01:28:10","guid":{"rendered":"https:\/\/tvbrazilusa.com\/2024\/11\/16\/as-estrelas-de-cobra-kai-ralph-macchio-e-william-zabka-falam-sobre-o-que-esperar-da-parte-2-da-temporada-final-da-serie-wsvn-7news-noticias-de-miami-clima-esportes-fort-lauderdale\/"},"modified":"2024-11-16T01:48:55","modified_gmt":"2024-11-16T01:48:55","slug":"as-estrelas-de-cobra-kai-ralph-macchio-e-william-zabka-falam-sobre-o-que-esperar-da-parte-2-da-temporada-final-da-serie-wsvn-7news-noticias-de-miami-clima-esportes-fort-lauderdale","status":"publish","type":"post","link":"https:\/\/tvbrazilusa.com\/pt\/2024\/11\/16\/as-estrelas-de-cobra-kai-ralph-macchio-e-william-zabka-falam-sobre-o-que-esperar-da-parte-2-da-temporada-final-da-serie-wsvn-7news-noticias-de-miami-clima-esportes-fort-lauderdale\/","title":{"rendered":"As estrelas de &#8216;Cobra Kai&#8217; Ralph Macchio e William Zabka falam sobre o que esperar da Parte 2 da temporada final da s\u00e9rie &#8211; WSVN 7News | Not\u00edcias de Miami, clima, esportes | Fort Lauderdale"},"content":{"rendered":"<p> <script async src=\"https:\/\/pagead2.googlesyndication.com\/pagead\/js\/adsbygoogle.js?client=ca-pub-8864793242727901\"\r\n     crossorigin=\"anonymous\"><\/script><br \/>\n<\/p>\n<div itemprop=\"articleBody\">\n<p>A parte 2 da \u00faltima temporada de \u2018Cobra Kai\u2019 chegou, e o programa da Netflix est\u00e1 atacando forte e sem piedade, uma \u00faltima vez. Claro, esta hist\u00f3ria \u00e9 a continua\u00e7\u00e3o do relacionamento inimigo de Daniel e Johnny ap\u00f3s o infame chute de uma perna no original \u201cThe Karate Kid\u201d. O Karat\u00ea Deco se juntou \u00e0s estrelas e aos criadores para nos dar um gostinho do confronto final.<\/p>\n<p>Os personagens de Ralph Macchio e William Zabka mant\u00eam uma rela\u00e7\u00e3o de amor e \u00f3dio desde o filme \u201cKarate Kid\u201d de 1984.<\/p>\n<p>Ent\u00e3o, Daniel e Johnny t\u00eam algo em comum?<\/p>\n<p>Ralph Macchio: \u201cN\u00f3s dois ensinamos carat\u00ea.\u201d<\/p>\n<p>William Zabka: \u201cN\u00f3s dois ensinamos carat\u00ea. N\u00f3s dois moramos no Vale. Eles batem muito cabe\u00e7a, mas t\u00eam muito em comum. Acho que eles s\u00e3o mais parecidos do que diferentes em sua ess\u00eancia.\u201d<\/p>\n<p>Ralph Macchio: \u201cEles simplesmente n\u00e3o veem isso com frequ\u00eancia.\u201d<\/p>\n<p>William Zabka: \u201cSim, os dois tiveram mentores diferentes, mas se voc\u00ea pegasse os dois mesmos filhos e trocasse os senseis, ele provavelmente seria o mocinho e eu o idiota.\u201d<\/p>\n<p>Ralph Macchio: \u201cHa, ba-ru-pum.\u201d<\/p>\n<p>Mas e se os pap\u00e9is fossem invertidos?<\/p>\n<p>Ralph Macchio: \u201cEnt\u00e3o, se os pap\u00e9is fossem invertidos, o que eu faria, como Johnny \u2013 que voc\u00ea est\u00e1 sempre certo!\u201d<\/p>\n<p>William Zabka: \u201cSe eu fosse Daniel, o que diria a Johnny? Eu apenas diria: &#8216;Sinto muito, cara. Desculpe por tudo. \u00c9 tudo culpa minha.&#8217;\u201d<\/p>\n<p>A sexta e \u00faltima temporada de \u201cCobra Kai\u201d \u00e9 o final agridoce de sua hist\u00f3ria arrebatadora.<\/p>\n<p>Ralph Macchio: \u201cVoc\u00ea quer acreditar que ter\u00e1 aquele final que ter\u00e1 aquela sensa\u00e7\u00e3o que os grandes e gordos filmes dos anos 80 costumavam ter. Ent\u00e3o, estou esperan\u00e7oso de que \u00e9 onde pousaremos. Mas temos uma grande montanha-russa para andar antes de chegarmos ao fim.\u201d<\/p>\n<p>William Zabka: \u201cPassamos pela 2\u00aa temporada e pela Parte 3, ent\u00e3o h\u00e1 determina\u00e7\u00e3o em n\u00f3s e nos sentimos \u00f3timos por estar aqui. Mas olhando para onde os f\u00e3s est\u00e3o prestes a decolar, estou super animado. \u201c<\/p>\n<p>Os f\u00e3s est\u00e3o ansiosos com o final dividido em tr\u00eas partes, e a Parte 2 come\u00e7a com uma batalha \u00e9pica de carat\u00ea.<\/p>\n<p>Ralph Macchio: \u201cObviamente, n\u00e3o podemos entrar em detalhes sobre qual ser\u00e1 o cap\u00edtulo final e o final que ser\u00e1 lan\u00e7ado no pr\u00f3ximo ano. Voc\u00ea sabe, voc\u00ea sempre tem que chegar ao fundo do po\u00e7o para se recuperar. Portanto, esta se\u00e7\u00e3o intermedi\u00e1ria nos leva a lugares onde nunca estivemos.\u201d<\/p>\n<p>Os pr\u00f3ximos epis\u00f3dios ter\u00e3o as lutas mais lotadas e alt\u00edssimas. Mas no final, n\u00e3o h\u00e1 perdedores.<\/p>\n<p>William Zabka: \u201cN\u00e3o existem mocinhos e n\u00e3o existem bandidos. S\u00e3o todos tons de cinza. Ningu\u00e9m \u00e9 perfeito. Isso \u00e9 o que o show faz muito bem. Transforma cada personagem em um prisma. Voc\u00ea pode olhar esse show nos olhos de qualquer pessoa, e eles s\u00e3o os her\u00f3is, incluindo os bandidos.\u201d<\/p>\n<p>A parte 2 da 6\u00aa temporada de \u201cCobra Kai\u201d j\u00e1 est\u00e1 sendo transmitida pela Netflix. Para o final, os espectadores ter\u00e3o que esperar at\u00e9 13 de fevereiro.<\/p>\n<p><em>Copyright 2024 Sunbeam Television Corp. Todos os direitos reservados. Este material n\u00e3o pode ser publicado, transmitido, reescrito ou redistribu\u00eddo.<\/em><\/p>\n<div class=\"wp-block-newsletter\">\n\t<strong class=\"wp-block-newsletter__title\">Cadastre-se em nosso boletim informativo para receber as \u00faltimas not\u00edcias diretamente em sua caixa de entrada<\/strong><\/p>\n<\/div><\/div>\n<p><br \/>\n<br \/><a href=\"https:\/\/wsvn.com\/entertainment\/deco-drive\/cobra-kai-stars-ralph-macchio-and-william-zabka-talk-what-to-expect-from-part-2-of-series-final-season\/\">Source link <\/a><\/p>","protected":false},"excerpt":{"rendered":"<p>A parte 2 da \u00faltima temporada de \u2018Cobra Kai\u2019 chegou, e o programa da Netflix est\u00e1 atacando forte e sem piedade, uma \u00faltima vez. Claro, esta hist\u00f3ria \u00e9 a continua\u00e7\u00e3o&hellip;<\/p>","protected":false},"author":1,"featured_media":60406,"comment_status":"closed","ping_status":"open","sticky":false,"template":"","format":"standard","meta":{"content-type":"","footnotes":""},"categories":[1],"tags":[],"class_list":["post-60405","post","type-post","status-publish","format-standard","has-post-thumbnail","hentry","category-uncategorized"],"_links":{"self":[{"href":"https:\/\/tvbrazilusa.com\/pt\/wp-json\/wp\/v2\/posts\/60405","targetHints":{"allow":["GET"]}}],"collection":[{"href":"https:\/\/tvbrazilusa.com\/pt\/wp-json\/wp\/v2\/posts"}],"about":[{"href":"https:\/\/tvbrazilusa.com\/pt\/wp-json\/wp\/v2\/types\/post"}],"author":[{"embeddable":true,"href":"https:\/\/tvbrazilusa.com\/pt\/wp-json\/wp\/v2\/users\/1"}],"replies":[{"embeddable":true,"href":"https:\/\/tvbrazilusa.com\/pt\/wp-json\/wp\/v2\/comments?post=60405"}],"version-history":[{"count":1,"href":"https:\/\/tvbrazilusa.com\/pt\/wp-json\/wp\/v2\/posts\/60405\/revisions"}],"predecessor-version":[{"id":60407,"href":"https:\/\/tvbrazilusa.com\/pt\/wp-json\/wp\/v2\/posts\/60405\/revisions\/60407"}],"wp:featuredmedia":[{"embeddable":true,"href":"https:\/\/tvbrazilusa.com\/pt\/wp-json\/wp\/v2\/media\/60406"}],"wp:attachment":[{"href":"https:\/\/tvbrazilusa.com\/pt\/wp-json\/wp\/v2\/media?parent=60405"}],"wp:term":[{"taxonomy":"category","embeddable":true,"href":"https:\/\/tvbrazilusa.com\/pt\/wp-json\/wp\/v2\/categories?post=60405"},{"taxonomy":"post_tag","embeddable":true,"href":"https:\/\/tvbrazilusa.com\/pt\/wp-json\/wp\/v2\/tags?post=60405"}],"curies":[{"name":"wp","href":"https:\/\/api.w.org\/{rel}","templated":true}]}}