{"id":60420,"date":"2024-11-16T02:28:09","date_gmt":"2024-11-16T02:28:09","guid":{"rendered":"https:\/\/tvbrazilusa.com\/2024\/11\/16\/eduardo-afirma-que-oportunistas-tentam-ligar-atentado-no-stf-a-bolsonaro-e-a-direita\/"},"modified":"2024-11-16T02:28:10","modified_gmt":"2024-11-16T02:28:10","slug":"eduardo-afirma-que-oportunistas-tentam-ligar-atentado-no-stf-a-bolsonaro-e-a-direita","status":"publish","type":"post","link":"https:\/\/tvbrazilusa.com\/pt\/2024\/11\/16\/eduardo-afirma-que-oportunistas-tentam-ligar-atentado-no-stf-a-bolsonaro-e-a-direita\/","title":{"rendered":"Eduardo afirma que &#8216;oportunistas&#8217; tentam ligar atentado no STF a Bolsonaro e \u00e0 direita"},"content":{"rendered":"<p> <script async src=\"https:\/\/pagead2.googlesyndication.com\/pagead\/js\/adsbygoogle.js?client=ca-pub-8864793242727901\"\r\n     crossorigin=\"anonymous\"><\/script><br \/>\n<\/p>\n<div id=\"taboola-read-more\" style=\"display:block; width:100%\">\n<p>O deputado federal Eduardo Bolsonaro (PL-SP) criticou nesta sexta-feira (15) o uso pol\u00edtico do atentado ocorrido na pra\u00e7a dos Tr\u00eas dos Poderes. O parlamentar considera que h\u00e1 uma \u201ctentativa de manipula\u00e7\u00e3o\u201d para vincular o epis\u00f3dio ao seu pai, o ex-presidente Jair Bolsonaro, e \u00e0 direita.\n<\/p>\n<p>Em nota divulgada no X, assinada por ele como secret\u00e1rio de Rela\u00e7\u00f5es Institucionais do PL, Eduardo citou ainda a exist\u00eancia de um \u201cprop\u00f3sito malicioso\u201d de usar o atentado para atrapalhar a tramita\u00e7\u00e3o do projeto de lei que concede anistia aos presos pelos atos de 8 de janeiro de 2023.<\/p>\n<p>\u201cEssa tentativa de manipula\u00e7\u00e3o revela n\u00e3o apenas uma distor\u00e7\u00e3o inaceit\u00e1vel dos fatos, mas tamb\u00e9m o prop\u00f3sito malicioso de atrapalhar o andamento do Projeto de Lei da Anistia, um passo essencial para a pacifica\u00e7\u00e3o nacional e o restabelecimento da normalidade institucional no pa\u00eds\u201d, diz o comunicado.\n<\/p>\n<p>Na noite de quarta (13), o chaveiro Francisco Wanderley Luiz, conhecido como Tiu Fran\u00e7a, explodiu artefatos em frente ao edif\u00edcio-sede do Supremo Tribunal Federal (STF). Tamb\u00e9m foi registrada uma explos\u00e3o em um carro estacionado perto do Anexo 4 da C\u00e2mara dos Deputados.\n<\/p>\n<p>O homem, de 59 anos, morreu pr\u00f3ximo \u00e0 est\u00e1tua \u201cA Justi\u00e7a\u201d ap\u00f3s detonar outro artefato. Ele foi candidato a vereador pelo PL no munic\u00edpio de Rio do Sul (SC), em 2020, mas n\u00e3o chegou a ser eleito. Para Eduardo, a a\u00e7\u00e3o do chaveiro foi um \u201ctr\u00e1gico suic\u00eddio\u201d e n\u00e3o um ataque aos Tr\u00eas Poderes.\n<\/p>\n<p>No entanto, o diretor-geral da Pol\u00edcia Federal, Andrei Passos, afirmou que as investiga\u00e7\u00f5es preliminares indicam que o homem pretendia \u201cmatar ministros da Suprema Corte\u201d. O atentado \u00e9 investigado como poss\u00edvel ato de terrorismo e um ataque ao Estado Democr\u00e1tico de Direito.\n<\/p>\n<p>Segundo a ex-mulher de Wanderley, ele planejava o atentado h\u00e1 muito tempo com o objetivo de matar o ministro Alexandre de Moraes e \u201cquem estivesse perto\u201d no momento. Ela afirmou \u00e0 PF que o chaveiro \u201cs\u00f3 falava de pol\u00edtica\u201d e ficou obcecado com o ataque ao magistrado desde que Luiz In\u00e1cio Lula da Silva (PT) ganhou a elei\u00e7\u00e3o, em 2022.\n<\/p>\n<p><strong>Eduardo diz que esquerda tenta usar &#8220;incidente&#8221; contra oposi\u00e7\u00e3o<\/strong><br \/>Na manifesta\u00e7\u00e3o, Eduardo apontou que Wanderley \u201cexpressou claramente sua rejei\u00e7\u00e3o\u201d tanto a Bolsonaro quanto a Lula em mensagens nas redes sociais, assim como \u201cprofundo descontentamento com a polariza\u00e7\u00e3o pol\u00edtica no pa\u00eds\u201d.\n<\/p>\n<p>O deputado considera que a \u201ctentativa de instrumentaliza\u00e7\u00e3o\u201d do caso pela esquerda \u201crevela uma preocupante fal\u00eancia moral\u201d com o objetivo de \u201cexplorar o incidente para alcan\u00e7ar seus objetivos pol\u00edticos e tentar justificar persegui\u00e7\u00f5es e abusos contra a oposi\u00e7\u00e3o\u201d.\n<\/p>\n<p>Ele citou ainda que o autor das explos\u00f5es era uma \u201cindiv\u00edduo com claros dist\u00farbios mentais que tragicamente tirou a pr\u00f3pria vida\u201d.\n<\/p>\n<p>\u201cEsse uso oportunista dessa trag\u00e9dia, sem qualquer empatia pela dor de uma fam\u00edlia que acaba de perder um ente querido e pelo choque de milh\u00f5es de brasileiros, \u00e9 um reflexo preocupante de um discurso pol\u00edtico que perdeu o contato com o respeito e com a dignidade\u201d, disse Eduardo Bolsonaro em nome do PL.\n<\/p>\n<p><strong>Veja a \u00edntegra da nota divulgada por Eduardo Bolsonaro<\/strong><br \/>\u201cO Partido Liberal (PL), por meio de seu Secret\u00e1rio de Rela\u00e7\u00f5es Institucionais, Deputado Eduardo Bolsonaro (PL-SP), repudia as narrativas falsas e oportunistas que buscam, de maneira precipitada e irrespons\u00e1vel, vincular o tr\u00e1gico suic\u00eddio ocorrido hoje na Pra\u00e7a dos Tr\u00eas Poderes ao ex-presidente Jair Bolsonaro e \u00e0 direita brasileira.\n<\/p>\n<p>Essa tentativa de manipula\u00e7\u00e3o revela n\u00e3o apenas uma distor\u00e7\u00e3o inaceit\u00e1vel dos fatos, mas tamb\u00e9m o prop\u00f3sito malicioso de atrapalhar o andamento do Projeto de Lei da Anistia, um passo essencial para a pacifica\u00e7\u00e3o nacional e o restabelecimento da normalidade institucional no pa\u00eds. Vamos aos fatos:\n<\/p>\n<p>Conforme o relato de autoridades policiais e de testemunhas presentes, o ocorrido foi um ato de suic\u00eddio \u2013 n\u00e3o uma tentativa de ataque aos Poderes Constitu\u00eddos.<br \/>O respons\u00e1vel pelo incidente teve uma candidatura mal sucedida em 2020, por uma chapa composta pelo PDT e PL, em um per\u00edodo no qual o Presidente Bolsonaro sequer estava filiado ao PL.<br \/>Al\u00e9m disso, em mensagens publicadas em suas redes sociais, o autor expressou claramente sua rejei\u00e7\u00e3o tanto ao Presidente Bolsonaro quanto ao Presidente Lula, e demonstrou profundo descontentamento com a polariza\u00e7\u00e3o pol\u00edtica no pa\u00eds.<br \/>A tentativa de instrumentaliza\u00e7\u00e3o de uma trag\u00e9dia desta magnitude pela esquerda para fins pol\u00edticos revela uma preocupante fal\u00eancia moral, evidenciando a falta de compaix\u00e3o daqueles que, mesmo diante de um indiv\u00edduo com claros dist\u00farbios mentais que tragicamente tirou a pr\u00f3pria vida, optam por explorar o incidente para alcan\u00e7ar seus objetivos pol\u00edticos e tentar justificar persegui\u00e7\u00f5es e abusos contra a oposi\u00e7\u00e3o.\n<\/p>\n<p>Esse uso oportunista dessa trag\u00e9dia, sem qualquer empatia pela dor de uma fam\u00edlia que acaba de perder um ente querido e pelo choque de milh\u00f5es de brasileiros, \u00e9 um reflexo preocupante de um discurso pol\u00edtico que perdeu o contato com o respeito e com a dignidade.\n<\/p>\n<p>A sociedade brasileira merece um debate verdadeiro, justo e baseado na realidade dos fatos. Manipular eventos tr\u00e1gicos para tentar minar um projeto de reconcilia\u00e7\u00e3o nacional \u00e9 um ato de desonestidade que o Partido Liberal condena veementemente.Em um momento em que o Brasil precisa de uni\u00e3o, a verdade deve sempre prevalecer sobre interesses pol\u00edticos mesquinhos e divisivos.\n<\/p>\n<p>Deputado Eduardo Bolsonaro<br \/>Secret\u00e1rio de Rela\u00e7\u00f5es Institucionais e Internacionais do Partido Liberal\u201d.\n<\/p>\n<p>Fonte: Gazeta do Povo              <\/p>\n<\/div>\n<p><br \/>\n<br \/><a href=\"https:\/\/diariodobrasilnoticias.com.br\/noticia\/eduardo-afirma-que-oportunistas-tentam-ligar-atentado-no-stf-a-bolsonaro-e-a-direita-6737b36798fa0\">Source link <\/a><\/p>","protected":false},"excerpt":{"rendered":"<p>O deputado federal Eduardo Bolsonaro (PL-SP) criticou nesta sexta-feira (15) o uso pol\u00edtico do atentado ocorrido na pra\u00e7a dos Tr\u00eas dos Poderes. O parlamentar considera que h\u00e1 uma \u201ctentativa de&hellip;<\/p>","protected":false},"author":1,"featured_media":60421,"comment_status":"closed","ping_status":"open","sticky":false,"template":"","format":"standard","meta":{"content-type":"","footnotes":""},"categories":[16],"tags":[123,2448,5313,1267],"class_list":["post-60420","post","type-post","status-publish","format-standard","has-post-thumbnail","hentry","category-noticias","tag-brasil","tag-diario","tag-noticia","tag-noticias"],"_links":{"self":[{"href":"https:\/\/tvbrazilusa.com\/pt\/wp-json\/wp\/v2\/posts\/60420","targetHints":{"allow":["GET"]}}],"collection":[{"href":"https:\/\/tvbrazilusa.com\/pt\/wp-json\/wp\/v2\/posts"}],"about":[{"href":"https:\/\/tvbrazilusa.com\/pt\/wp-json\/wp\/v2\/types\/post"}],"author":[{"embeddable":true,"href":"https:\/\/tvbrazilusa.com\/pt\/wp-json\/wp\/v2\/users\/1"}],"replies":[{"embeddable":true,"href":"https:\/\/tvbrazilusa.com\/pt\/wp-json\/wp\/v2\/comments?post=60420"}],"version-history":[{"count":1,"href":"https:\/\/tvbrazilusa.com\/pt\/wp-json\/wp\/v2\/posts\/60420\/revisions"}],"predecessor-version":[{"id":60422,"href":"https:\/\/tvbrazilusa.com\/pt\/wp-json\/wp\/v2\/posts\/60420\/revisions\/60422"}],"wp:featuredmedia":[{"embeddable":true,"href":"https:\/\/tvbrazilusa.com\/pt\/wp-json\/wp\/v2\/media\/60421"}],"wp:attachment":[{"href":"https:\/\/tvbrazilusa.com\/pt\/wp-json\/wp\/v2\/media?parent=60420"}],"wp:term":[{"taxonomy":"category","embeddable":true,"href":"https:\/\/tvbrazilusa.com\/pt\/wp-json\/wp\/v2\/categories?post=60420"},{"taxonomy":"post_tag","embeddable":true,"href":"https:\/\/tvbrazilusa.com\/pt\/wp-json\/wp\/v2\/tags?post=60420"}],"curies":[{"name":"wp","href":"https:\/\/api.w.org\/{rel}","templated":true}]}}