{"id":60423,"date":"2024-11-16T02:41:14","date_gmt":"2024-11-16T02:41:14","guid":{"rendered":"https:\/\/tvbrazilusa.com\/2024\/11\/16\/bebe-morre-apos-decisao-do-tribunal-de-desligar-seu-suporte-de-vida\/"},"modified":"2024-11-16T02:41:15","modified_gmt":"2024-11-16T02:41:15","slug":"bebe-morre-apos-decisao-do-tribunal-de-desligar-seu-suporte-de-vida","status":"publish","type":"post","link":"https:\/\/tvbrazilusa.com\/pt\/2024\/11\/16\/bebe-morre-apos-decisao-do-tribunal-de-desligar-seu-suporte-de-vida\/","title":{"rendered":"Beb\u00ea morre ap\u00f3s decis\u00e3o do tribunal de desligar seu suporte de vida"},"content":{"rendered":"<p> <script async src=\"https:\/\/pagead2.googlesyndication.com\/pagead\/js\/adsbygoogle.js?client=ca-pub-8864793242727901\"\r\n     crossorigin=\"anonymous\"><\/script><br \/>\n<\/p>\n<div id=\"taboola-read-more\" style=\"display:block; width:100%\">\n<p>Um beb\u00ea de um ano que vivia no centro de uma batalha legal morreu depois que um juiz da Suprema Corte decidiu que seu tratamento deveria parar.\n<\/p>\n<p>Ayden Braqi sofria de uma &#8220;doen\u00e7a neuromuscular grave, progressiva e irrevers\u00edvel&#8221; para a qual n\u00e3o h\u00e1 cura conhecida. Advogados do Great Ormond Street Hospital (GOSH) em Londres, onde ele estava sendo cuidado, argumentaram que o fardo do tratamento &#8220;superava os benef\u00edcios limitados que ele poderia desfrutar&#8221; ao prolongar sua vida &#8211; enquanto sua m\u00e3e se op\u00f4s \u00e0 proposta, dizendo que ele ainda sorria apesar de sua condi\u00e7\u00e3o.<\/p>\n<p>Segundo a BBC, a Suprema Corte decidiu que n\u00e3o era do interesse de Ayden continuar seu tratamento, e seu suporte de vida foi desligado na quinta-feira. Ayden morreu no hospital &#8220;com sua fam\u00edlia ao redor dele&#8221;, logo ap\u00f3s a ventila\u00e7\u00e3o mec\u00e2nica que o mantinha vivo ser retirada.\n<\/p>\n<p>Em uma decis\u00e3o tomada na quarta-feira e publicada nesta sexta-feira, ap\u00f3s a morte de Ayden, Justice Morgan disse: &#8220;Levei em considera\u00e7\u00e3o as opini\u00f5es de sua m\u00e3e de que ele deveria continuar a ter esse cuidado e seus fortes desejos em rela\u00e7\u00e3o a esta solicita\u00e7\u00e3o. Devo, no entanto, ter uma vis\u00e3o objetiva dos melhores interesses de Ayden do seu pr\u00f3prio ponto de vista e do ponto de vista, no sentido mais amplo, de seu bem-estar.&#8221;\n<\/p>\n<p>&#8216;Tristeza desesperada&#8217;\n<\/p>\n<p>Ayden foi internado no GOSH quando tinha tr\u00eas meses de idade e permaneceu l\u00e1 pelo resto de sua vida. Durante uma audi\u00eancia no m\u00eas passado, foi ouvido que Ayden estava &#8220;cognitivamente intacto&#8221; e podia &#8220;ver, ouvir, cheirar, sentir e aproveitar&#8221;.\n<\/p>\n<p>Sua m\u00e3e Neriman Braqi disse em seu depoimento que \u00e0s vezes passava cerca de 16 horas por dia com ele. Justice Morgan admitiu que Neriman amava Ayden &#8220;com uma devo\u00e7\u00e3o que \u00e9 dif\u00edcil de expressar em palavras&#8221;, acrescentando que o caso era de &#8220;tristeza desesperada&#8221;.\n<\/p>\n<p>Ela acrescentou que Neriman &#8220;lutou incansavelmente&#8221; por seu filho e &#8220;n\u00e3o poderia ter feito por ele mais do que fez&#8221;.\n<\/p>\n<p>Um porta-voz do GOSH disse que a equipe tem os melhores interesses no centro de suas decis\u00f5es para cada crian\u00e7a, e que ir ao tribunal era o &#8220;\u00faltimo recurso&#8221; e &#8220;todas as outras vias&#8221; haviam sido esgotadas.\n<\/p>\n<p>Ele disse que todos os envolvidos na vida de Ayden &#8220;sempre quiseram o melhor para ele&#8221;, mas &#8220;infelizmente, \u00e0s vezes nem todos concordam com o que \u00e9 melhor&#8221;.\n<\/p>\n<p>O porta-voz se desculpou pela ang\u00fastia causada \u00e0 fam\u00edlia de Ayden, acrescentando: &#8220;Reconhecemos que esta \u00e9 uma situa\u00e7\u00e3o que nenhum pai ou cl\u00ednico deseja, e sempre entendemos e respeitamos as opini\u00f5es de sua fam\u00edlia e sua devo\u00e7\u00e3o a Ayden. Esta tem sido uma situa\u00e7\u00e3o incrivelmente dif\u00edcil para todos os envolvidos, ningu\u00e9m mais do que para a fam\u00edlia de Ayden. Nossos pensamentos est\u00e3o com eles e nossas equipes continuar\u00e3o a fazer tudo o que pudermos para apoi\u00e1-los.&#8221;\n<\/p>\n<p>Fonte: Extra              <\/p>\n<\/div>\n<p><br \/>\n<br \/><a href=\"https:\/\/diariodobrasilnoticias.com.br\/noticia\/bebe-morre-apos-decisao-do-tribunal-de-desligar-seu-suporte-de-vida-6737c1ba0996d\">Source link <\/a><\/p>","protected":false},"excerpt":{"rendered":"<p>Um beb\u00ea de um ano que vivia no centro de uma batalha legal morreu depois que um juiz da Suprema Corte decidiu que seu tratamento deveria parar. Ayden Braqi sofria&hellip;<\/p>","protected":false},"author":1,"featured_media":60424,"comment_status":"closed","ping_status":"open","sticky":false,"template":"","format":"standard","meta":{"content-type":"","footnotes":""},"categories":[16],"tags":[123,2448,5313,1267],"class_list":["post-60423","post","type-post","status-publish","format-standard","has-post-thumbnail","hentry","category-noticias","tag-brasil","tag-diario","tag-noticia","tag-noticias"],"_links":{"self":[{"href":"https:\/\/tvbrazilusa.com\/pt\/wp-json\/wp\/v2\/posts\/60423","targetHints":{"allow":["GET"]}}],"collection":[{"href":"https:\/\/tvbrazilusa.com\/pt\/wp-json\/wp\/v2\/posts"}],"about":[{"href":"https:\/\/tvbrazilusa.com\/pt\/wp-json\/wp\/v2\/types\/post"}],"author":[{"embeddable":true,"href":"https:\/\/tvbrazilusa.com\/pt\/wp-json\/wp\/v2\/users\/1"}],"replies":[{"embeddable":true,"href":"https:\/\/tvbrazilusa.com\/pt\/wp-json\/wp\/v2\/comments?post=60423"}],"version-history":[{"count":1,"href":"https:\/\/tvbrazilusa.com\/pt\/wp-json\/wp\/v2\/posts\/60423\/revisions"}],"predecessor-version":[{"id":60425,"href":"https:\/\/tvbrazilusa.com\/pt\/wp-json\/wp\/v2\/posts\/60423\/revisions\/60425"}],"wp:featuredmedia":[{"embeddable":true,"href":"https:\/\/tvbrazilusa.com\/pt\/wp-json\/wp\/v2\/media\/60424"}],"wp:attachment":[{"href":"https:\/\/tvbrazilusa.com\/pt\/wp-json\/wp\/v2\/media?parent=60423"}],"wp:term":[{"taxonomy":"category","embeddable":true,"href":"https:\/\/tvbrazilusa.com\/pt\/wp-json\/wp\/v2\/categories?post=60423"},{"taxonomy":"post_tag","embeddable":true,"href":"https:\/\/tvbrazilusa.com\/pt\/wp-json\/wp\/v2\/tags?post=60423"}],"curies":[{"name":"wp","href":"https:\/\/api.w.org\/{rel}","templated":true}]}}